{"id":188770,"date":"2025-08-26T13:48:17","date_gmt":"2025-08-26T17:48:17","guid":{"rendered":"https:\/\/www.upla.cl\/noticias\/?p=188770"},"modified":"2025-08-26T13:48:17","modified_gmt":"2025-08-26T17:48:17","slug":"sala-upla-celebra-15-anos-con-estreno-de-un-clasico-del-teatro-nacional","status":"publish","type":"post","link":"https:\/\/upla.cl\/noticias\/2025\/08\/26\/sala-upla-celebra-15-anos-con-estreno-de-un-clasico-del-teatro-nacional\/","title":{"rendered":"Sala UPLA celebra 15 a\u00f1os con estreno de un cl\u00e1sico del Teatro Nacional"},"content":{"rendered":"<p><a href=\"https:\/\/www.upla.cl\/noticias\/wp-content\/uploads\/2025\/08\/pequena_historia_Chile_Sala_SAE-3-scaled.jpg\"><img loading=\"lazy\" decoding=\"async\" class=\"aligncenter size-large wp-image-188772\" src=\"https:\/\/www.upla.cl\/noticias\/wp-content\/uploads\/2025\/08\/pequena_historia_Chile_Sala_SAE-3-1024x683.jpg\" alt=\"\" width=\"618\" height=\"412\" srcset=\"https:\/\/upla.cl\/noticias\/wp-content\/uploads\/2025\/08\/pequena_historia_Chile_Sala_SAE-3-1024x683.jpg 1024w, https:\/\/upla.cl\/noticias\/wp-content\/uploads\/2025\/08\/pequena_historia_Chile_Sala_SAE-3-300x200.jpg 300w, https:\/\/upla.cl\/noticias\/wp-content\/uploads\/2025\/08\/pequena_historia_Chile_Sala_SAE-3-150x100.jpg 150w, https:\/\/upla.cl\/noticias\/wp-content\/uploads\/2025\/08\/pequena_historia_Chile_Sala_SAE-3-768x512.jpg 768w, https:\/\/upla.cl\/noticias\/wp-content\/uploads\/2025\/08\/pequena_historia_Chile_Sala_SAE-3-1536x1024.jpg 1536w, https:\/\/upla.cl\/noticias\/wp-content\/uploads\/2025\/08\/pequena_historia_Chile_Sala_SAE-3-2048x1365.jpg 2048w\" sizes=\"auto, (max-width: 618px) 100vw, 618px\" \/><\/a>Estrenada hace 31 a\u00f1os, La <strong>Peque\u00f1a Historia de Chile<\/strong>, escrita por Marco Antonio de la Parra, es una comedia negra que trata sobre un grupo de profesores de historia que permanecen encerrados en un liceo chileno sin alumnos ni clases. Estos personajes est\u00e1n detenidos en el tiempo y espacio, esperando algo que nunca llega. Permanecen sin poder cambiar ni hacer su trabajo docente.<\/p>\n<p><a href=\"https:\/\/www.upla.cl\/noticias\/wp-content\/uploads\/2025\/08\/pequena_historia_Chile_Sala_SAE-2-scaled.jpg\"><img loading=\"lazy\" decoding=\"async\" class=\"alignleft size-medium wp-image-188771\" src=\"https:\/\/www.upla.cl\/noticias\/wp-content\/uploads\/2025\/08\/pequena_historia_Chile_Sala_SAE-2-300x200.jpg\" alt=\"\" width=\"300\" height=\"200\" srcset=\"https:\/\/upla.cl\/noticias\/wp-content\/uploads\/2025\/08\/pequena_historia_Chile_Sala_SAE-2-300x200.jpg 300w, https:\/\/upla.cl\/noticias\/wp-content\/uploads\/2025\/08\/pequena_historia_Chile_Sala_SAE-2-1024x683.jpg 1024w, https:\/\/upla.cl\/noticias\/wp-content\/uploads\/2025\/08\/pequena_historia_Chile_Sala_SAE-2-150x100.jpg 150w, https:\/\/upla.cl\/noticias\/wp-content\/uploads\/2025\/08\/pequena_historia_Chile_Sala_SAE-2-768x512.jpg 768w, https:\/\/upla.cl\/noticias\/wp-content\/uploads\/2025\/08\/pequena_historia_Chile_Sala_SAE-2-1536x1024.jpg 1536w, https:\/\/upla.cl\/noticias\/wp-content\/uploads\/2025\/08\/pequena_historia_Chile_Sala_SAE-2-2048x1365.jpg 2048w\" sizes=\"auto, (max-width: 300px) 100vw, 300px\" \/><\/a>La versi\u00f3n dirigida por <strong>Giulio Ferretto, director de la <a href=\"https:\/\/www.salateatroupla.cl\/\">Sala de Arte Esc\u00e9nico<\/a>,<\/strong> es una nueva producci\u00f3n propia de la <a href=\"https:\/\/upla.cl\/facultad\/arte\/\"><strong>Facultad de Arte de la Universidad de Playa Ancha<\/strong><\/a> con el financiamiento de la l\u00ednea de apoyo a <strong>Teatros Universitarios del Ministerio de Cultura, las Artes y el Patrimonio, MINCAP.<\/strong><\/p>\n<p>El elenco est\u00e1 conformado por <strong>Cristina Alcaide, Loreto Cartes, Juan S\u00e1nchez y Pablo Valencia<\/strong> y cuenta con la participaci\u00f3n del <strong>artista visual, Mauricio Toro-Goya,<\/strong> en el dise\u00f1o de una instalaci\u00f3n esc\u00e9nica especial para este trabajo teatral.<\/p>\n<p>Ferretto destaca la importancia de esta obra, estrenada en 1994 cuando en el pa\u00eds se viv\u00edan los primeros a\u00f1os luego del retorno de la democracia. \u201cEs un cl\u00e1sico de la dramaturgia nacional que no ha perdido la vigencia sobre un aspecto muy relevante como es la educaci\u00f3n chilena, la memoria y la identidad de nuestro pa\u00eds\u201d<\/p>\n<p><a href=\"https:\/\/www.upla.cl\/noticias\/wp-content\/uploads\/2025\/08\/pequena_historia_Chile_Sala_SAE-1-scaled.jpg\"><img loading=\"lazy\" decoding=\"async\" class=\"alignleft size-medium wp-image-188774\" src=\"https:\/\/www.upla.cl\/noticias\/wp-content\/uploads\/2025\/08\/pequena_historia_Chile_Sala_SAE-1-300x200.jpg\" alt=\"\" width=\"300\" height=\"200\" srcset=\"https:\/\/upla.cl\/noticias\/wp-content\/uploads\/2025\/08\/pequena_historia_Chile_Sala_SAE-1-300x200.jpg 300w, https:\/\/upla.cl\/noticias\/wp-content\/uploads\/2025\/08\/pequena_historia_Chile_Sala_SAE-1-1024x683.jpg 1024w, https:\/\/upla.cl\/noticias\/wp-content\/uploads\/2025\/08\/pequena_historia_Chile_Sala_SAE-1-150x100.jpg 150w, https:\/\/upla.cl\/noticias\/wp-content\/uploads\/2025\/08\/pequena_historia_Chile_Sala_SAE-1-768x512.jpg 768w, https:\/\/upla.cl\/noticias\/wp-content\/uploads\/2025\/08\/pequena_historia_Chile_Sala_SAE-1-1536x1024.jpg 1536w, https:\/\/upla.cl\/noticias\/wp-content\/uploads\/2025\/08\/pequena_historia_Chile_Sala_SAE-1-2048x1365.jpg 2048w\" sizes=\"auto, (max-width: 300px) 100vw, 300px\" \/><\/a>El director adem\u00e1s destaca que la obra est\u00e1 \u201cmuy vinculada al momento de transici\u00f3n a la democracia que exist\u00eda en el pa\u00eds en el momento, con mucho simbolismo y mucha conexi\u00f3n con ese proceso, es decir un rector y profesores que est\u00e1n detenidos en este colegio, simbolizan un pa\u00eds que se qued\u00f3 detenido, un pa\u00eds aislado por 17 a\u00f1os producto de una dictadura que mantuvo alejado de todo\u201d.<\/p>\n<p>Sobre esta nueva escenificaci\u00f3n de la obra escrita por el dramaturgo Marco Antonio de la Parra, Ferretto cuenta que han buscado reforzar la iron\u00eda del texto y con una visualidad inmersiva donde el espectador ser\u00e1 espectador de acci\u00f3n de arte instalada en la escena, por el artista Mauricio Toro Goya.<\/p>\n<p><a href=\"https:\/\/www.upla.cl\/noticias\/wp-content\/uploads\/2025\/08\/pequena_historia_Chile_Sala_SAE-4-scaled.jpg\"><img loading=\"lazy\" decoding=\"async\" class=\"alignright size-medium wp-image-188773\" src=\"https:\/\/www.upla.cl\/noticias\/wp-content\/uploads\/2025\/08\/pequena_historia_Chile_Sala_SAE-4-300x200.jpg\" alt=\"\" width=\"300\" height=\"200\" srcset=\"https:\/\/upla.cl\/noticias\/wp-content\/uploads\/2025\/08\/pequena_historia_Chile_Sala_SAE-4-300x200.jpg 300w, https:\/\/upla.cl\/noticias\/wp-content\/uploads\/2025\/08\/pequena_historia_Chile_Sala_SAE-4-1024x683.jpg 1024w, https:\/\/upla.cl\/noticias\/wp-content\/uploads\/2025\/08\/pequena_historia_Chile_Sala_SAE-4-150x100.jpg 150w, https:\/\/upla.cl\/noticias\/wp-content\/uploads\/2025\/08\/pequena_historia_Chile_Sala_SAE-4-768x512.jpg 768w, https:\/\/upla.cl\/noticias\/wp-content\/uploads\/2025\/08\/pequena_historia_Chile_Sala_SAE-4-1536x1024.jpg 1536w, https:\/\/upla.cl\/noticias\/wp-content\/uploads\/2025\/08\/pequena_historia_Chile_Sala_SAE-4-2048x1365.jpg 2048w\" sizes=\"auto, (max-width: 300px) 100vw, 300px\" \/><\/a>Para Pablo Valencia quien interpreta a Sanhueza, uno de los profesores, esta obra se destaca por su vigencia tem\u00e1tica ya que \u201cEl tema de la educaci\u00f3n en Chile contin\u00faa siendo controversial, con un impacto social y pol\u00edtico que atraviesa generaciones. Esta realidad ha marcado profundas brechas que, en muchos casos, limitan nuestras posibilidades de desarrollo. La trinchera educativa, al igual que la cultural, vive en una precariedad constante, lo que hace que este montaje sea no solo pertinente, sino necesario para reflexionar y dialogar sobre estas problem\u00e1ticas\u201d.<\/p>\n<p>La Peque\u00f1a Historia de Chile se presentar\u00e1 en <span style=\"text-decoration: underline;\">Sala UPLA el viernes 29 y s\u00e1bado 30 de agosto a las 19 horas y el domingo 31 a las 18 horas.<\/span> La entrada es gratuita previa inscripci\u00f3n en <a href=\"mailto:salaupla@upla.cl\">salaupla@upla.cl<\/a><\/p>\n<p style=\"text-align: right;\">(Daniela Olivares Far\u00edas, periodista Sala UPLA)<\/p>\n","protected":false},"excerpt":{"rendered":"<p>Se trata de La Peque\u00f1a Historia de Chile,  obra escrita por Marco Antonio de la Parra la cual tendr\u00e1 una nueva escenificaci\u00f3n bajo la direcci\u00f3n de Giulio Ferretto, los d\u00edas  29, 30 y 31 de agosto. La entrada es liberada previa inscripci\u00f3n.<\/p>\n","protected":false},"author":11,"featured_media":188772,"comment_status":"closed","ping_status":"open","sticky":false,"template":"","format":"standard","meta":{"footnotes":""},"categories":[96,52,40,97,71,208,91],"tags":[],"class_list":["post-188770","post","type-post","status-publish","format-standard","has-post-thumbnail","","category-academicos","category-cultura","category-destacados","category-estudiantes","category-facultad-de-arte","category-sala-upla","category-vinculacion-con-el-medio"],"_links":{"self":[{"href":"https:\/\/upla.cl\/noticias\/wp-json\/wp\/v2\/posts\/188770","targetHints":{"allow":["GET"]}}],"collection":[{"href":"https:\/\/upla.cl\/noticias\/wp-json\/wp\/v2\/posts"}],"about":[{"href":"https:\/\/upla.cl\/noticias\/wp-json\/wp\/v2\/types\/post"}],"author":[{"embeddable":true,"href":"https:\/\/upla.cl\/noticias\/wp-json\/wp\/v2\/users\/11"}],"replies":[{"embeddable":true,"href":"https:\/\/upla.cl\/noticias\/wp-json\/wp\/v2\/comments?post=188770"}],"version-history":[{"count":0,"href":"https:\/\/upla.cl\/noticias\/wp-json\/wp\/v2\/posts\/188770\/revisions"}],"wp:featuredmedia":[{"embeddable":true,"href":"https:\/\/upla.cl\/noticias\/wp-json\/wp\/v2\/media\/188772"}],"wp:attachment":[{"href":"https:\/\/upla.cl\/noticias\/wp-json\/wp\/v2\/media?parent=188770"}],"wp:term":[{"taxonomy":"category","embeddable":true,"href":"https:\/\/upla.cl\/noticias\/wp-json\/wp\/v2\/categories?post=188770"},{"taxonomy":"post_tag","embeddable":true,"href":"https:\/\/upla.cl\/noticias\/wp-json\/wp\/v2\/tags?post=188770"}],"curies":[{"name":"wp","href":"https:\/\/api.w.org\/{rel}","templated":true}]}}