{"id":188873,"date":"2025-08-28T16:10:09","date_gmt":"2025-08-28T20:10:09","guid":{"rendered":"https:\/\/www.upla.cl\/noticias\/?p=188873"},"modified":"2025-08-28T17:49:25","modified_gmt":"2025-08-28T21:49:25","slug":"especialista-abordo-la-gestion-de-datos-aplicables-en-la-fisica-teorica-en-la-upla","status":"publish","type":"post","link":"https:\/\/upla.cl\/noticias\/2025\/08\/28\/especialista-abordo-la-gestion-de-datos-aplicables-en-la-fisica-teorica-en-la-upla\/","title":{"rendered":"Especialista abord\u00f3 la gesti\u00f3n de datos aplicables en la F\u00edsica Te\u00f3rica en la UPLA"},"content":{"rendered":"<p><a href=\"https:\/\/www.upla.cl\/noticias\/wp-content\/uploads\/2025\/08\/charla_michaelroa_facultadingenieriaupla1.jpg\"><img loading=\"lazy\" decoding=\"async\" class=\"alignright wp-image-188875\" src=\"https:\/\/www.upla.cl\/noticias\/wp-content\/uploads\/2025\/08\/charla_michaelroa_facultadingenieriaupla1.jpg\" alt=\"Especialista Michael Roa abord\u00f3 la gesti\u00f3n de datos aplicables en la F\u00edsica Te\u00f3rica en la UPLA\" width=\"351\" height=\"263\" srcset=\"https:\/\/upla.cl\/noticias\/wp-content\/uploads\/2025\/08\/charla_michaelroa_facultadingenieriaupla1.jpg 1920w, https:\/\/upla.cl\/noticias\/wp-content\/uploads\/2025\/08\/charla_michaelroa_facultadingenieriaupla1-300x225.jpg 300w, https:\/\/upla.cl\/noticias\/wp-content\/uploads\/2025\/08\/charla_michaelroa_facultadingenieriaupla1-1024x768.jpg 1024w, https:\/\/upla.cl\/noticias\/wp-content\/uploads\/2025\/08\/charla_michaelroa_facultadingenieriaupla1-150x113.jpg 150w, https:\/\/upla.cl\/noticias\/wp-content\/uploads\/2025\/08\/charla_michaelroa_facultadingenieriaupla1-768x576.jpg 768w, https:\/\/upla.cl\/noticias\/wp-content\/uploads\/2025\/08\/charla_michaelroa_facultadingenieriaupla1-1536x1152.jpg 1536w\" sizes=\"auto, (max-width: 351px) 100vw, 351px\" \/><\/a>Con una mirada en gesti\u00f3n de datos aplicables en la F\u00edsica Te\u00f3rica, <strong>Michael Roa<\/strong>, Doctor en F\u00edsica e investigador postdoctoral Fondecyt en el <a href=\"https:\/\/datoslab.cl\/\" target=\"_blank\" rel=\"noopener\">Laboratorio de DataScience<\/a> de la <a href=\"http:\/\/www.upla.cl\/facultad\/ingenieria\">Facultad de Ingenier\u00eda<\/a> de la Universidad de Playa Ancha, realiz\u00f3 una charla titulada <strong>\u201cColor Glass Condensate in the New Era of High-Luminosity Advanced Experiments\u201d<\/strong> en esta casa de estudios.<\/p>\n<p>Estudiantes y acad\u00e9micos de la Facultad de Ingenier\u00eda estuvieron en la presentaci\u00f3n donde se realiz\u00f3 un mapeo en base al proyecto Fondecyt Postdoctoral N\u00b0 3230699 que lleva el mismo nombre de la charla. Este abarc\u00f3 desde la f\u00edsica experimental hasta la parte te\u00f3rica, mostrando el marco del Color Glass Condensate, el denominado \u201cCGC\u201d, que se refiere al enfoque de la interacci\u00f3n fuerte del Modelo Est\u00e1ndar de part\u00edculas a altas energ\u00edas.<\/p>\n<p>Al comenzar la charla, el <strong>Dr. Roa<\/strong> plante\u00f3 que existen cuatro fuerzas fundamentales de la naturaleza: gravitacional, electromagn\u00e9tica, nuclear d\u00e9bil y fuerte, con esta \u00faltima fuerza el investigador trabaja bajo un enfoque llamado \u201cColor Glass Condensate\u201d, que es una forma de ver estos fen\u00f3menos.<\/p>\n<p>Uno de los focos de estudio del especialista es investigar la estructura que existe al interior del prot\u00f3n, identificando sus cualidades y las caracter\u00edsticas propias de la part\u00edcula que se encuentra en el n\u00facleo de todos los \u00e1tomos y que a su vez es un componente fundamental de la materia. Dentro de las investigaciones pudo identificar una emisi\u00f3n de part\u00edculas cuando se aumentaba la energ\u00eda del prot\u00f3n.<\/p>\n<p>\u201cCon esto nosotros entendemos c\u00f3mo se distribuyen las cosas dentro del prot\u00f3n a altas energ\u00edas y con estas altas energ\u00edas estamos llegando a las energ\u00edas cercanas al Big Bang, no sabemos la f\u00edsica que ocurri\u00f3 ah\u00ed, pero lo estamos tratando de explicar\u201d, expres\u00f3 el Doctor en F\u00edsica.<\/p>\n<h4><strong>Gesti\u00f3n de los datos<\/strong><\/h4>\n<p><a href=\"https:\/\/www.upla.cl\/noticias\/wp-content\/uploads\/2025\/08\/charla_michaelroa_facultadingenieriaupla2.jpg\"><img loading=\"lazy\" decoding=\"async\" class=\"alignright wp-image-188876\" src=\"https:\/\/www.upla.cl\/noticias\/wp-content\/uploads\/2025\/08\/charla_michaelroa_facultadingenieriaupla2.jpg\" alt=\"Especialista Michael Roa abord\u00f3 la gesti\u00f3n de datos aplicables en la F\u00edsica Te\u00f3rica en la UPLA\" width=\"351\" height=\"263\" srcset=\"https:\/\/upla.cl\/noticias\/wp-content\/uploads\/2025\/08\/charla_michaelroa_facultadingenieriaupla2.jpg 1920w, https:\/\/upla.cl\/noticias\/wp-content\/uploads\/2025\/08\/charla_michaelroa_facultadingenieriaupla2-300x225.jpg 300w, https:\/\/upla.cl\/noticias\/wp-content\/uploads\/2025\/08\/charla_michaelroa_facultadingenieriaupla2-1024x768.jpg 1024w, https:\/\/upla.cl\/noticias\/wp-content\/uploads\/2025\/08\/charla_michaelroa_facultadingenieriaupla2-150x113.jpg 150w, https:\/\/upla.cl\/noticias\/wp-content\/uploads\/2025\/08\/charla_michaelroa_facultadingenieriaupla2-768x576.jpg 768w, https:\/\/upla.cl\/noticias\/wp-content\/uploads\/2025\/08\/charla_michaelroa_facultadingenieriaupla2-1536x1152.jpg 1536w\" sizes=\"auto, (max-width: 351px) 100vw, 351px\" \/><\/a>A su vez se dio a conocer la importancia de la gesti\u00f3n de datos en estas investigaciones, puesto que ayuda a mejorar la calibraci\u00f3n, reconstrucci\u00f3n, validaci\u00f3n y trazabilidad de los datos. Tambi\u00e9n destac\u00f3 el rol que cumple la ingenier\u00eda de datos y la inteligencia artificial (IA) para analizar, optimizar, garantizar calidad y reproducibilidad de los resultados que dan \u00e9stos.<\/p>\n<p>En esta l\u00ednea, plante\u00f3 el rol que pueden desempe\u00f1ar los futuros ingenieros e ingenieras en este campo de investigaci\u00f3n, al trabajar en el \u00e1rea de detectores, electr\u00f3nica\/DAQ, simulaciones, aceleradores o ciencia computacional. O si cuentan con habilidades en Python\/C++, Linux\/Git, estad\u00edstica, procesamiento de se\u00f1ales, y nociones de f\u00edsica de part\u00edculas, que les podr\u00eda ayudar para afrontar el trabajo en la gesti\u00f3n de datos.<\/p>\n<p>La preparaci\u00f3n personal y el estudio van de la mano para participar en estos proyectos, recalc\u00f3 el <strong>Dr. Michael Roa<\/strong>, por lo que recomend\u00f3 realizar pr\u00e1cticas o estancias en laboratorios nacionales e internacionales, para esto es importante tener un nivel de ingl\u00e9s intermedio, adem\u00e1s de acompa\u00f1ar este proceso con la b\u00fasqueda activa en portales acad\u00e9micos.<\/p>\n<p>\u201cUn estudiante con preparaci\u00f3n puede optar a cosas grandes, ahora si alguien quiere ser experto, ah\u00ed tiene que quemarse las pesta\u00f1as. Si t\u00fa tienes un buen monitor, un buen profesor da lo mismo la universidad\u201d, asever\u00f3 el investigador del Laboratorio de DataScience de la Facultad de Ingenier\u00eda UPLA.<\/p>\n<p><a href=\"https:\/\/www.upla.cl\/noticias\/wp-content\/uploads\/2025\/08\/charla_michaelroa_facultadingenieriaupla3.jpg\"><img loading=\"lazy\" decoding=\"async\" class=\"size-full wp-image-188877 aligncenter\" src=\"https:\/\/www.upla.cl\/noticias\/wp-content\/uploads\/2025\/08\/charla_michaelroa_facultadingenieriaupla3.jpg\" alt=\"Especialista Michael Roa abord\u00f3 la gesti\u00f3n de datos aplicables en la F\u00edsica Te\u00f3rica en la UPLA\" width=\"1920\" height=\"1440\" srcset=\"https:\/\/upla.cl\/noticias\/wp-content\/uploads\/2025\/08\/charla_michaelroa_facultadingenieriaupla3.jpg 1920w, https:\/\/upla.cl\/noticias\/wp-content\/uploads\/2025\/08\/charla_michaelroa_facultadingenieriaupla3-300x225.jpg 300w, https:\/\/upla.cl\/noticias\/wp-content\/uploads\/2025\/08\/charla_michaelroa_facultadingenieriaupla3-1024x768.jpg 1024w, https:\/\/upla.cl\/noticias\/wp-content\/uploads\/2025\/08\/charla_michaelroa_facultadingenieriaupla3-150x113.jpg 150w, https:\/\/upla.cl\/noticias\/wp-content\/uploads\/2025\/08\/charla_michaelroa_facultadingenieriaupla3-768x576.jpg 768w, https:\/\/upla.cl\/noticias\/wp-content\/uploads\/2025\/08\/charla_michaelroa_facultadingenieriaupla3-1536x1152.jpg 1536w\" sizes=\"auto, (max-width: 1920px) 100vw, 1920px\" \/><\/a><\/p>\n<h6>Fuente: Basti\u00e1n Tapia Mu\u00f1oz, periodista de la Facultad de Ingenier\u00eda UPLA.<\/h6>\n","protected":false},"excerpt":{"rendered":"<p>El Dr. Michael Roa, investigador postdoctoral Fondecyt N\u00b0 3230699 dict\u00f3 charla a la comunidad de la Facultad de Ingenier\u00eda de la Universidad de Playa Ancha. <\/p>\n","protected":false},"author":2,"featured_media":188875,"comment_status":"closed","ping_status":"open","sticky":false,"template":"","format":"standard","meta":{"footnotes":""},"categories":[40,51,96,101,97,78,43,91],"tags":[],"class_list":["post-188873","post","type-post","status-publish","format-standard","has-post-thumbnail","","category-destacados","category-academia","category-academicos","category-docencia","category-estudiantes","category-facultad-de-ingenieria","category-investigacion","category-vinculacion-con-el-medio"],"_links":{"self":[{"href":"https:\/\/upla.cl\/noticias\/wp-json\/wp\/v2\/posts\/188873","targetHints":{"allow":["GET"]}}],"collection":[{"href":"https:\/\/upla.cl\/noticias\/wp-json\/wp\/v2\/posts"}],"about":[{"href":"https:\/\/upla.cl\/noticias\/wp-json\/wp\/v2\/types\/post"}],"author":[{"embeddable":true,"href":"https:\/\/upla.cl\/noticias\/wp-json\/wp\/v2\/users\/2"}],"replies":[{"embeddable":true,"href":"https:\/\/upla.cl\/noticias\/wp-json\/wp\/v2\/comments?post=188873"}],"version-history":[{"count":0,"href":"https:\/\/upla.cl\/noticias\/wp-json\/wp\/v2\/posts\/188873\/revisions"}],"wp:featuredmedia":[{"embeddable":true,"href":"https:\/\/upla.cl\/noticias\/wp-json\/wp\/v2\/media\/188875"}],"wp:attachment":[{"href":"https:\/\/upla.cl\/noticias\/wp-json\/wp\/v2\/media?parent=188873"}],"wp:term":[{"taxonomy":"category","embeddable":true,"href":"https:\/\/upla.cl\/noticias\/wp-json\/wp\/v2\/categories?post=188873"},{"taxonomy":"post_tag","embeddable":true,"href":"https:\/\/upla.cl\/noticias\/wp-json\/wp\/v2\/tags?post=188873"}],"curies":[{"name":"wp","href":"https:\/\/api.w.org\/{rel}","templated":true}]}}