{"id":1892,"date":"2009-03-18T09:17:09","date_gmt":"2009-03-18T13:17:09","guid":{"rendered":"http:\/\/sitios.upla.cl\/contenidos\/?p=1892"},"modified":"2014-01-16T18:38:41","modified_gmt":"2014-01-16T22:38:41","slug":"ampliacion-universitaria-potenciara-desarrollo-del-valle-2","status":"publish","type":"post","link":"https:\/\/upla.cl\/noticias\/2009\/03\/18\/ampliacion-universitaria-potenciara-desarrollo-del-valle-2\/","title":{"rendered":"Ampliaci\u00f3n universitaria potenciar\u00e1 desarrollo del Valle"},"content":{"rendered":"<p><a href=\"http:\/\/sitios.upla.cl\/contenidos\/wp-content\/uploads\/2009\/03\/sedesanfelipe11.jpg\"><img loading=\"lazy\" decoding=\"async\" class=\"alignright size-medium wp-image-1893\" title=\"sedesanfelipe11\" src=\"http:\/\/sitios.upla.cl\/contenidos\/wp-content\/uploads\/2009\/03\/sedesanfelipe11-280x280.jpg\" alt=\"\" width=\"280\" height=\"280\" \/><\/a>En su calidad de instituci\u00f3n tradicional de Educaci\u00f3n Superior, la <strong>Universidad de Playa Ancha<\/strong> ha generado un fuerte y perdurable v\u00ednculo con el <strong>Valle de Aconcagua<\/strong> y sus habitantes. Los m\u00e1s de 20 a\u00f1os en San Felipe constituyen un testimonio inequ\u00edvoco que se ver\u00e1 renovado el pr\u00f3ximo <strong>martes 24 de marzo<\/strong>, a partir de las 10:30 horas, en la sede ubicada en la calle Benigno Caldera.<\/p>\n<p>Ese d\u00eda, la Sede San Felipe de la UPLA, en una fiesta ciudadana en la que participar\u00e1n importantes autoridades nacionales, regionales y universitarias, inaugurar\u00e1 el proyecto del Fondo Nacional de Desarrollo Regional (FNDR) \u201cAmpliaci\u00f3n Campus San Felipe de la Universidad de Playa Ancha\u201d, consistente en la puesta en marcha de un nuevo edificio -de dos mil metros cuadrados- destinado a aulas, bibliotecas, laboratorios y salas especiales, que permitir\u00e1n ampliar el servicio de docencia en educaci\u00f3n superior y cubrir la demanda de matr\u00edcula proyectada y los requerimientos de recursos humanos para el desarrollo socioecon\u00f3mico en la Quinta Regi\u00f3n Interior, espec\u00edficamente en las provincias de San Felipe, Los Andes, Quillota y Petorca.<\/p>\n<p>El remozado campus universitario, cuya inversi\u00f3n super\u00f3 los 750 millones de pesos, brindar\u00e1 altos est\u00e1ndares de estudio a los mil trescientos estudiantes de pregrado que actualmente cursan alguna de las carreras que se imparten (con el mayor porcentaje de acreditadas a nivel regional); permitir\u00e1 mantener y proyectar su primer lugar en la entrega de post\u00edtulos; y consolidar\u00e1 la estrecha alianza establecida hist\u00f3ricamente con el municipio y el gobierno regional, lo que ha permitido las gestaci\u00f3n de polos de desarrollo importantes para la zona.<\/p>\n<p><a href=\"http:\/\/sitios.upla.cl\/contenidos\/wp-content\/uploads\/2009\/03\/sedesanfelipe21.jpg\"><img loading=\"lazy\" decoding=\"async\" class=\"alignright size-medium wp-image-1894\" title=\"sedesanfelipe21\" src=\"http:\/\/sitios.upla.cl\/contenidos\/wp-content\/uploads\/2009\/03\/sedesanfelipe21-280x280.jpg\" alt=\"\" width=\"280\" height=\"280\" \/><\/a>La inauguraci\u00f3n de este proyecto de ampliaci\u00f3n permitir\u00e1 continuar con la tarea de renovar el capital humano y social de la regi\u00f3n, bajo una mirada gubernamental que ha apostado por la descentralizaci\u00f3n \u2013en este caso- y la formaci\u00f3n de j\u00f3venes en el marco de una amplia red de colaboraci\u00f3n que incluye municipios,  organismos p\u00fablicos, gremios, organizaciones privadas, empresariales, vecinales, religiosas, voluntariado, culturales, tercera edad, deportivas, y en general grupos de mayor vulnerabilidad y riesgo social. Es, en definitiva, una Universidad volcada a su medio.<\/p>\n<p>El proyecto contempla \u2013adem\u00e1s- la puesta en marcha del N\u00facleo de Investigaci\u00f3n del Valle de Aconcagua, la creaci\u00f3n de un Aula Magna, un Centro Patrimonial de Rescate Audiovisual de Aconcagua, un Centro de Diagn\u00f3stico Local Ambiental, un Laboratorio de Idiomas con la m\u00e1s alta tecnolog\u00eda, entre otros.<\/p>\n","protected":false},"excerpt":{"rendered":"<p>UPLA inaugurar\u00e1 el 24 de marzo moderno edificio que ratifica el inagotable quehacer y compromiso desplegado por m\u00e1s de dos d\u00e9cadas en la zona.<\/p>\n","protected":false},"author":2,"featured_media":0,"comment_status":"closed","ping_status":"closed","sticky":false,"template":"","format":"standard","meta":{"footnotes":""},"categories":[51,60],"tags":[],"class_list":["post-1892","post","type-post","status-publish","format-standard","","category-academia","category-campus-san-felipe"],"_links":{"self":[{"href":"https:\/\/upla.cl\/noticias\/wp-json\/wp\/v2\/posts\/1892","targetHints":{"allow":["GET"]}}],"collection":[{"href":"https:\/\/upla.cl\/noticias\/wp-json\/wp\/v2\/posts"}],"about":[{"href":"https:\/\/upla.cl\/noticias\/wp-json\/wp\/v2\/types\/post"}],"author":[{"embeddable":true,"href":"https:\/\/upla.cl\/noticias\/wp-json\/wp\/v2\/users\/2"}],"replies":[{"embeddable":true,"href":"https:\/\/upla.cl\/noticias\/wp-json\/wp\/v2\/comments?post=1892"}],"version-history":[{"count":0,"href":"https:\/\/upla.cl\/noticias\/wp-json\/wp\/v2\/posts\/1892\/revisions"}],"wp:attachment":[{"href":"https:\/\/upla.cl\/noticias\/wp-json\/wp\/v2\/media?parent=1892"}],"wp:term":[{"taxonomy":"category","embeddable":true,"href":"https:\/\/upla.cl\/noticias\/wp-json\/wp\/v2\/categories?post=1892"},{"taxonomy":"post_tag","embeddable":true,"href":"https:\/\/upla.cl\/noticias\/wp-json\/wp\/v2\/tags?post=1892"}],"curies":[{"name":"wp","href":"https:\/\/api.w.org\/{rel}","templated":true}]}}