{"id":189411,"date":"2025-09-08T15:49:54","date_gmt":"2025-09-08T18:49:54","guid":{"rendered":"https:\/\/www.upla.cl\/noticias\/?p=189411"},"modified":"2025-09-08T15:58:06","modified_gmt":"2025-09-08T18:58:06","slug":"estudiantes-de-derecho-upla-vivieron-experiencia-pedagogica-en-el-congreso-nacional-junto-al-diputado-gonzalo-winter","status":"publish","type":"post","link":"https:\/\/upla.cl\/noticias\/2025\/09\/08\/estudiantes-de-derecho-upla-vivieron-experiencia-pedagogica-en-el-congreso-nacional-junto-al-diputado-gonzalo-winter\/","title":{"rendered":"Estudiantes de Derecho UPLA vivieron experiencia pedag\u00f3gica en el Congreso Nacional junto al diputado Gonzalo Winter"},"content":{"rendered":"<p><span style=\"font-weight: 400;\"><a href=\"https:\/\/www.upla.cl\/noticias\/wp-content\/uploads\/2025\/09\/derechoupla8-scaled.jpg\"><img loading=\"lazy\" decoding=\"async\" class=\"wp-image-189418 alignleft\" src=\"https:\/\/www.upla.cl\/noticias\/wp-content\/uploads\/2025\/09\/derechoupla8-300x225.jpg\" alt=\"\" width=\"375\" height=\"281\" srcset=\"https:\/\/upla.cl\/noticias\/wp-content\/uploads\/2025\/09\/derechoupla8-300x225.jpg 300w, https:\/\/upla.cl\/noticias\/wp-content\/uploads\/2025\/09\/derechoupla8-1024x768.jpg 1024w, https:\/\/upla.cl\/noticias\/wp-content\/uploads\/2025\/09\/derechoupla8-150x112.jpg 150w, https:\/\/upla.cl\/noticias\/wp-content\/uploads\/2025\/09\/derechoupla8-768x576.jpg 768w, https:\/\/upla.cl\/noticias\/wp-content\/uploads\/2025\/09\/derechoupla8-1536x1152.jpg 1536w, https:\/\/upla.cl\/noticias\/wp-content\/uploads\/2025\/09\/derechoupla8-2048x1536.jpg 2048w\" sizes=\"auto, (max-width: 375px) 100vw, 375px\" \/><\/a>Un grupo de estudiantes de la asignatura de <\/span><b>Derecho Constitucional<\/b><span style=\"font-weight: 400;\"> de la carrera de <\/span><b>Derecho<\/b><span style=\"font-weight: 400;\"> de la Universidad de Playa Ancha (UPLA), impartida por el acad\u00e9mico <\/span><b>Math\u00edas Mart\u00ednez<\/b><span style=\"font-weight: 400;\">, protagoniz\u00f3 una visita pedag\u00f3gica al <\/span><b>Congreso Nacional de Chile<\/b>,<span style=\"font-weight: 400;\"> espacio en el que fueron recibidos por el diputado y abogado <\/span><b>Gonzalo Winter <\/b><span style=\"font-weight: 400;\">(Frente Amplio), con quien sostuvieron un enriquecedor di\u00e1logo<\/span> sobre los desaf\u00edos de la formaci\u00f3n jur\u00eddica y el papel que las y los futuros profesionales tendr\u00e1n en la construcci\u00f3n democr\u00e1tica del pa\u00eds.<\/p>\n<p><span style=\"font-weight: 400;\">Durante el encuentro, Winter comparti\u00f3 su experiencia parlamentaria y respondi\u00f3 inquietudes de las y los j\u00f3venes, subrayando la importancia y el sentido de asumir con responsabilidad el estudio y el ejercicio del derecho: \u201cHemos tenido un recorrido muy entretenido, porque discutimos sobre el proceso de formaci\u00f3n de la ley. Se nota que las y los estudiantes de la Universidad de Playa Ancha est\u00e1n con ganas de pensar, de aprender y de reflexionar sobre el pa\u00eds que alg\u00fan d\u00eda les va a tocar administrar\u201d, destac\u00f3 el diputado.<\/span><\/p>\n<p><span style=\"font-weight: 400;\"><a href=\"https:\/\/www.upla.cl\/noticias\/wp-content\/uploads\/2025\/09\/derechoupla6-scaled.jpg\"><img loading=\"lazy\" decoding=\"async\" class=\"size-medium wp-image-189417 alignright\" src=\"https:\/\/www.upla.cl\/noticias\/wp-content\/uploads\/2025\/09\/derechoupla6-300x225.jpg\" alt=\"\" width=\"300\" height=\"225\" srcset=\"https:\/\/upla.cl\/noticias\/wp-content\/uploads\/2025\/09\/derechoupla6-300x225.jpg 300w, https:\/\/upla.cl\/noticias\/wp-content\/uploads\/2025\/09\/derechoupla6-1024x768.jpg 1024w, https:\/\/upla.cl\/noticias\/wp-content\/uploads\/2025\/09\/derechoupla6-150x113.jpg 150w, https:\/\/upla.cl\/noticias\/wp-content\/uploads\/2025\/09\/derechoupla6-768x576.jpg 768w, https:\/\/upla.cl\/noticias\/wp-content\/uploads\/2025\/09\/derechoupla6-1536x1152.jpg 1536w, https:\/\/upla.cl\/noticias\/wp-content\/uploads\/2025\/09\/derechoupla6-2048x1536.jpg 2048w\" sizes=\"auto, (max-width: 300px) 100vw, 300px\" \/><\/a>Al respecto, el docente<\/span><b> Math\u00edas Mart\u00ednez<\/b><span style=\"font-weight: 400;\"> valor\u00f3 la instancia como una oportunidad para consolidar aprendizajes y proyectar la carrera: \u201cHa sido una experiencia fant\u00e1stica, porque vimos en la pr\u00e1ctica lo que estudiamos en la teor\u00eda. Las y los estudiantes del curso saben que una de las cuestiones principales que aprendimos, es mirar la instituci\u00f3n m\u00e1s all\u00e1 de la instituci\u00f3n. Y en este contexto, venir al Congreso Nacional y aprender c\u00f3mo se ejerce el proceso legislativo en la pr\u00e1ctica, es un ejercicio tanto te\u00f3rico como de formaci\u00f3n profesional, que sin duda va a impactar en los futuros abogados y abogadas de la UPLA\u201d.\u00a0<\/span><\/p>\n<p><span style=\"font-weight: 400;\">Adem\u00e1s, el acad\u00e9mico manifest\u00f3 estar muy satisfecho con la iniciativa: \u201cEl diputado ha sido muy generoso con nosotros y nosotras, y de seguro hemos cumplido uno de los objetivos que tambi\u00e9n ten\u00eda esta visita pedag\u00f3gica, que es empezar a <\/span><b>visibilizar a la carrera de Derecho en la UPLA<\/b><span style=\"font-weight: 400;\"> por toda la regi\u00f3n, as\u00ed que estoy agradecido y feliz\u201d.<\/span><\/p>\n<p><span style=\"font-weight: 400;\"><a href=\"https:\/\/www.upla.cl\/noticias\/wp-content\/uploads\/2025\/09\/derechoupla4-scaled.jpg\"><img loading=\"lazy\" decoding=\"async\" class=\"size-medium wp-image-189415 alignleft\" src=\"https:\/\/www.upla.cl\/noticias\/wp-content\/uploads\/2025\/09\/derechoupla4-300x225.jpg\" alt=\"\" width=\"300\" height=\"225\" srcset=\"https:\/\/upla.cl\/noticias\/wp-content\/uploads\/2025\/09\/derechoupla4-300x225.jpg 300w, https:\/\/upla.cl\/noticias\/wp-content\/uploads\/2025\/09\/derechoupla4-1024x768.jpg 1024w, https:\/\/upla.cl\/noticias\/wp-content\/uploads\/2025\/09\/derechoupla4-150x113.jpg 150w, https:\/\/upla.cl\/noticias\/wp-content\/uploads\/2025\/09\/derechoupla4-768x576.jpg 768w, https:\/\/upla.cl\/noticias\/wp-content\/uploads\/2025\/09\/derechoupla4-1536x1152.jpg 1536w, https:\/\/upla.cl\/noticias\/wp-content\/uploads\/2025\/09\/derechoupla4-2048x1536.jpg 2048w\" sizes=\"auto, (max-width: 300px) 100vw, 300px\" \/><\/a>Cabe destacar que esta instancia forma parte del Plan de Fortalecimiento de Derecho UPLA, considerando que en una de sus dimensiones se busca fomentar metodolog\u00edas de aprendizaje activo, a trav\u00e9s de la visita a distintas instituciones nacionales relacionadas con el mundo jur\u00eddico y los derechos humanos. En este sentido, la actividad les permiti\u00f3 a las y los futuros profesionales, complementar los conocimientos adquiridos en clases, con una experiencia directa en el \u00f3rgano central del quehacer legislativo en Chile.<\/span><\/p>\n<p><b style=\"font-family: -apple-system, BlinkMacSystemFont, 'Segoe UI', Roboto, Oxygen, Oxygen-Sans, Ubuntu, Cantarell, 'Helvetica Neue', 'Open Sans', Arial, sans-serif;\">Visiones estudiantiles<\/b><\/p>\n<p><span style=\"font-weight: 400;\">Para <\/span><b>Renato Moraga<\/b><span style=\"font-weight: 400;\">, estudiante de segundo a\u00f1o de la carrera de Derecho en la UPLA, la experiencia fue particularmente significativa: \u201cEstamos muy contentos y contentas, porque esta jornada nos permite visibilizar otras \u00e1reas del derecho. Como Universidad, nos tenemos que dar a conocer y esta visita fue elemental para esto\u201d.<\/span><\/p>\n<p><span style=\"font-weight: 400;\"><a href=\"https:\/\/www.upla.cl\/noticias\/wp-content\/uploads\/2025\/09\/derechoupla5-scaled.jpg\"><img loading=\"lazy\" decoding=\"async\" class=\"size-medium wp-image-189416 alignright\" src=\"https:\/\/www.upla.cl\/noticias\/wp-content\/uploads\/2025\/09\/derechoupla5-300x225.jpg\" alt=\"\" width=\"300\" height=\"225\" srcset=\"https:\/\/upla.cl\/noticias\/wp-content\/uploads\/2025\/09\/derechoupla5-300x225.jpg 300w, https:\/\/upla.cl\/noticias\/wp-content\/uploads\/2025\/09\/derechoupla5-1024x768.jpg 1024w, https:\/\/upla.cl\/noticias\/wp-content\/uploads\/2025\/09\/derechoupla5-150x113.jpg 150w, https:\/\/upla.cl\/noticias\/wp-content\/uploads\/2025\/09\/derechoupla5-768x576.jpg 768w, https:\/\/upla.cl\/noticias\/wp-content\/uploads\/2025\/09\/derechoupla5-1536x1152.jpg 1536w, https:\/\/upla.cl\/noticias\/wp-content\/uploads\/2025\/09\/derechoupla5-2048x1536.jpg 2048w\" sizes=\"auto, (max-width: 300px) 100vw, 300px\" \/><\/a>Por su parte, la estudiante <\/span><b>Magdalena Gonz\u00e1lez<\/b><span style=\"font-weight: 400;\">, tambi\u00e9n de segundo a\u00f1o de Derecho UPLA, afirm\u00f3: \u201cCreo que es una oportunidad bastante gratificante para la carrera de Derecho (con los a\u00f1os que lleva). Considero fundamental que podamos acercarnos a distintos espacios jur\u00eddicos, m\u00e1s all\u00e1 de lo com\u00fan y lo corriente\u201d.<\/span><\/p>\n<p><strong>Ense\u00f1anza integral<\/strong><\/p>\n<p>Experiencias como esta no solo refuerzan los aprendizajes te\u00f3ricos con la pr\u00e1ctica o aplicaci\u00f3n en terreno, sino que tambi\u00e9n proyectan el sentido de la formaci\u00f3n en Derecho en la UPLA. Este tipo de oportunidades refleja el compromiso institucional con una ense\u00f1anza integral, donde las y los estudiantes vinculan sus conocimientos acad\u00e9micos con la realidad institucional del pa\u00eds, a la vez que se convierten en instancias que contribuyen a difundir y consolidar la identidad y proyecci\u00f3n de la carrera de Derecho de la Universidad de Playa Ancha.<\/p>\n","protected":false},"excerpt":{"rendered":"<p>Estudiantes de la asignatura Derecho Constitucional, impartida por el acad\u00e9mico Math\u00edas Mart\u00ednez, sostuvieron un enriquecedor di\u00e1logo sobre con el parlamentario los desaf\u00edos de la formaci\u00f3n jur\u00eddica y el papel que tendr\u00e1n en la construcci\u00f3n democr\u00e1tica del pa\u00eds.<\/p>\n","protected":false},"author":18,"featured_media":189418,"comment_status":"closed","ping_status":"open","sticky":false,"template":"","format":"standard","meta":{"footnotes":""},"categories":[51,96,40,97,76],"tags":[],"class_list":["post-189411","post","type-post","status-publish","format-standard","has-post-thumbnail","","category-academia","category-academicos","category-destacados","category-estudiantes","category-facultad-de-ciencias-sociales"],"_links":{"self":[{"href":"https:\/\/upla.cl\/noticias\/wp-json\/wp\/v2\/posts\/189411","targetHints":{"allow":["GET"]}}],"collection":[{"href":"https:\/\/upla.cl\/noticias\/wp-json\/wp\/v2\/posts"}],"about":[{"href":"https:\/\/upla.cl\/noticias\/wp-json\/wp\/v2\/types\/post"}],"author":[{"embeddable":true,"href":"https:\/\/upla.cl\/noticias\/wp-json\/wp\/v2\/users\/18"}],"replies":[{"embeddable":true,"href":"https:\/\/upla.cl\/noticias\/wp-json\/wp\/v2\/comments?post=189411"}],"version-history":[{"count":0,"href":"https:\/\/upla.cl\/noticias\/wp-json\/wp\/v2\/posts\/189411\/revisions"}],"wp:featuredmedia":[{"embeddable":true,"href":"https:\/\/upla.cl\/noticias\/wp-json\/wp\/v2\/media\/189418"}],"wp:attachment":[{"href":"https:\/\/upla.cl\/noticias\/wp-json\/wp\/v2\/media?parent=189411"}],"wp:term":[{"taxonomy":"category","embeddable":true,"href":"https:\/\/upla.cl\/noticias\/wp-json\/wp\/v2\/categories?post=189411"},{"taxonomy":"post_tag","embeddable":true,"href":"https:\/\/upla.cl\/noticias\/wp-json\/wp\/v2\/tags?post=189411"}],"curies":[{"name":"wp","href":"https:\/\/api.w.org\/{rel}","templated":true}]}}