{"id":189772,"date":"2025-09-12T15:31:58","date_gmt":"2025-09-12T18:31:58","guid":{"rendered":"https:\/\/www.upla.cl\/noticias\/?p=189772"},"modified":"2025-09-14T21:32:40","modified_gmt":"2025-09-15T00:32:40","slug":"giulio-ferretto-salinas-con-esta-restauracion-la-sala-upla-se-vuelve-a-reposicionar-y-a-recuperar-su-lugar","status":"publish","type":"post","link":"https:\/\/upla.cl\/noticias\/2025\/09\/12\/giulio-ferretto-salinas-con-esta-restauracion-la-sala-upla-se-vuelve-a-reposicionar-y-a-recuperar-su-lugar\/","title":{"rendered":"Giulio Ferretto Salinas: \u201cCon esta restauraci\u00f3n la Sala UPLA se vuelve a reposicionar y recupera su lugar\u201d"},"content":{"rendered":"<p><a href=\"https:\/\/www.upla.cl\/noticias\/wp-content\/uploads\/2025\/09\/GiulioFerretto_salaupla_reapertura2025.jpg\"><img loading=\"lazy\" decoding=\"async\" class=\"alignright wp-image-189773\" src=\"https:\/\/www.upla.cl\/noticias\/wp-content\/uploads\/2025\/09\/GiulioFerretto_salaupla_reapertura2025.jpg\" alt=\"Giulio Ferretto Salinas: \u201cCon esta restauraci\u00f3n la Sala UPLA se vuelve a reposicionar y a recuperar su lugar\u201d\" width=\"350\" height=\"233\" srcset=\"https:\/\/upla.cl\/noticias\/wp-content\/uploads\/2025\/09\/GiulioFerretto_salaupla_reapertura2025.jpg 1920w, https:\/\/upla.cl\/noticias\/wp-content\/uploads\/2025\/09\/GiulioFerretto_salaupla_reapertura2025-300x200.jpg 300w, https:\/\/upla.cl\/noticias\/wp-content\/uploads\/2025\/09\/GiulioFerretto_salaupla_reapertura2025-1024x681.jpg 1024w, https:\/\/upla.cl\/noticias\/wp-content\/uploads\/2025\/09\/GiulioFerretto_salaupla_reapertura2025-150x100.jpg 150w, https:\/\/upla.cl\/noticias\/wp-content\/uploads\/2025\/09\/GiulioFerretto_salaupla_reapertura2025-768x511.jpg 768w, https:\/\/upla.cl\/noticias\/wp-content\/uploads\/2025\/09\/GiulioFerretto_salaupla_reapertura2025-1536x1022.jpg 1536w, https:\/\/upla.cl\/noticias\/wp-content\/uploads\/2025\/09\/GiulioFerretto_salaupla_reapertura2025-310x205.jpg 310w\" sizes=\"auto, (max-width: 350px) 100vw, 350px\" \/><\/a>Tras un a\u00f1o de espera por la remodelaci\u00f3n de sus espacios e infraestructura, la <a href=\"https:\/\/www.salateatroupla.cl\/\"><strong>Sala UPLA<\/strong><\/a> vuelve a estar operativa y al servicio del teatro universitario y profesional. Hito que coincide con los 15 a\u00f1os de su apertura en 2010, y por cuyo escenario han pasado y confluido cientos de montajes y puestas en escenas que han hecho de la <strong>Sala de Arte Esc\u00e9nico (SAE)<\/strong>, un teatro de reconocimiento local, regional y nacional.<\/p>\n<p>Su director, el acad\u00e9mico de la <a href=\"https:\/\/www.upla.cl\/admision\/carreras-profesionales\/facultad-de-arte\/teatro\/\">carrera de Teatro<\/a> de la Facultad de Arte UPLA <strong>Giulio Ferretto Salinas<\/strong>, recibe con entusiasmo esta restauraci\u00f3n que involucr\u00f3 un monto de alrededor de 483 millones de pesos adjudicados por el Gobierno Regional de Valpara\u00edso y que permiti\u00f3 mejorarla en su totalidad para su reapertura, hecho que concord\u00f3 adem\u00e1s con el <a href=\"https:\/\/www.youtube.com\/watch?v=WQLHo3v5z60\" target=\"_blank\" rel=\"noopener\"><strong>ciclo teatral \u201cEscena UPLA\u201d<\/strong><\/a> que financia el Ministerio de las Culturas, las Artes y el Patrimonio (MINCAP) a trav\u00e9s de la L\u00ednea de Apoyo a Teatros Universitarios 2024.<\/p>\n<p>En ese contexto, el 30 agosto (fecha de su aniversario) y con la presentaci\u00f3n de la obra \u201cLa Peque\u00f1a Historia de Chile\u201d de Marco Antonio de la Parra (adaptada y dirigida en esta oportunidad por Giulio Ferretto), la Sala UPLA fue reinaugurada de manera simb\u00f3lica, austera e interna; esto con el objetivo de poner en circulaci\u00f3n nuevamente a la comunidad y a artistas esc\u00e9nicos este emblem\u00e1tico espacio porte\u00f1o, apuntando siempre a la reivindicaci\u00f3n del nombre de la SAE y la marca UPLA como un lugar apto para la cultura, las artes y el desarrollo de la creaci\u00f3n art\u00edstica en la Regi\u00f3n de Valpara\u00edso.<\/p>\n<p><strong><a href=\"https:\/\/www.upla.cl\/noticias\/wp-content\/uploads\/2025\/09\/salaupla_sae1_2025.jpg\"><img loading=\"lazy\" decoding=\"async\" class=\"alignright wp-image-189777\" src=\"https:\/\/www.upla.cl\/noticias\/wp-content\/uploads\/2025\/09\/salaupla_sae1_2025.jpg\" alt=\"Giulio Ferretto Salinas: \u201cCon esta restauraci\u00f3n la Sala UPLA se vuelve a reposicionar y a recuperar su lugar\u201d\" width=\"350\" height=\"233\" srcset=\"https:\/\/upla.cl\/noticias\/wp-content\/uploads\/2025\/09\/salaupla_sae1_2025.jpg 1920w, https:\/\/upla.cl\/noticias\/wp-content\/uploads\/2025\/09\/salaupla_sae1_2025-300x200.jpg 300w, https:\/\/upla.cl\/noticias\/wp-content\/uploads\/2025\/09\/salaupla_sae1_2025-1024x681.jpg 1024w, https:\/\/upla.cl\/noticias\/wp-content\/uploads\/2025\/09\/salaupla_sae1_2025-150x100.jpg 150w, https:\/\/upla.cl\/noticias\/wp-content\/uploads\/2025\/09\/salaupla_sae1_2025-768x511.jpg 768w, https:\/\/upla.cl\/noticias\/wp-content\/uploads\/2025\/09\/salaupla_sae1_2025-1536x1022.jpg 1536w, https:\/\/upla.cl\/noticias\/wp-content\/uploads\/2025\/09\/salaupla_sae1_2025-310x205.jpg 310w\" sizes=\"auto, (max-width: 350px) 100vw, 350px\" \/><\/a>-\u00bfC\u00f3mo surge la necesidad de remodelaci\u00f3n de la SAE y por qu\u00e9?<\/strong><\/p>\n<p>\u201cComo todo espacio que cumple un ciclo de m\u00e1s de una d\u00e9cada necesita mantenci\u00f3n. La Sala se estaba deteriorando y como equipo decidimos levantar un proyecto de conservaci\u00f3n y restauraci\u00f3n que concursamos a un Fondo del Gobierno Regional de Valpara\u00edso y que involucr\u00f3 un monto de alrededor de 483 millones de pesos, recursos que nos permiti\u00f3 remodelar un espacio muy importante para la Universidad de Playa Ancha, como lo es este teatro. Es decir, no es solamente mi iniciativa de coordinaci\u00f3n, sino que involucra a un equipo que logr\u00f3 afiatarse para lograr sacar adelante una propuesta en plena toma y paralizaci\u00f3n hace dos a\u00f1os atr\u00e1s.<\/p>\n<p>Fundamentalmente, la consolidaci\u00f3n de esta propuesta pasa por el trabajo de todas y todos quienes integramos el equipo SAE, pero tambi\u00e9n por quienes componen la carrera de Teatro y su direcci\u00f3n, y por supuesto a las y los integrantes de la Facultad de Arte. Adem\u00e1s, contamos con el apoyo de importantes actores del Gobierno Regional como ingenieros, gestores y gente experta que crey\u00f3 en este proyecto, el que pudimos levantar con la ayuda muy apreciada de las direcciones generales de Infraestructura y de An\u00e1lisis y Planificaci\u00f3n Estrat\u00e9gica (DAPEI) junto a su unidad de Control de Gesti\u00f3n de la UPLA\u201d.<\/p>\n<p><a href=\"https:\/\/www.upla.cl\/noticias\/wp-content\/uploads\/2025\/09\/salaupla_sae_2025.jpg\"><img loading=\"lazy\" decoding=\"async\" class=\"alignright wp-image-189776\" src=\"https:\/\/www.upla.cl\/noticias\/wp-content\/uploads\/2025\/09\/salaupla_sae_2025.jpg\" alt=\"Giulio Ferretto Salinas: \u201cCon esta restauraci\u00f3n la Sala UPLA se vuelve a reposicionar y a recuperar su lugar\u201d\" width=\"350\" height=\"233\" srcset=\"https:\/\/upla.cl\/noticias\/wp-content\/uploads\/2025\/09\/salaupla_sae_2025.jpg 1920w, https:\/\/upla.cl\/noticias\/wp-content\/uploads\/2025\/09\/salaupla_sae_2025-300x200.jpg 300w, https:\/\/upla.cl\/noticias\/wp-content\/uploads\/2025\/09\/salaupla_sae_2025-1024x681.jpg 1024w, https:\/\/upla.cl\/noticias\/wp-content\/uploads\/2025\/09\/salaupla_sae_2025-150x100.jpg 150w, https:\/\/upla.cl\/noticias\/wp-content\/uploads\/2025\/09\/salaupla_sae_2025-768x511.jpg 768w, https:\/\/upla.cl\/noticias\/wp-content\/uploads\/2025\/09\/salaupla_sae_2025-1536x1022.jpg 1536w, https:\/\/upla.cl\/noticias\/wp-content\/uploads\/2025\/09\/salaupla_sae_2025-310x205.jpg 310w\" sizes=\"auto, (max-width: 350px) 100vw, 350px\" \/><\/a><\/p>\n<p><strong>-\u00bfCu\u00e1les fueron los principales cambios que se hicieron en la SAE?<\/strong><\/p>\n<p>\u201cPasados 15 a\u00f1os desde que inauguramos (2010) y tomando en cuenta el paso del tiempo y las nuevas exigencias de las compa\u00f1\u00edas y del estudiantado, se pens\u00f3 principalmente en la modernizaci\u00f3n y remodelaci\u00f3n completa de la Sala. Cambios estructurales no hubo y el espacio sigue siendo el mismo, pero se reemplaz\u00f3 el piso, las ventanas, las puertas, el techo y la caja esc\u00e9nica. Adem\u00e1s, se repararon las filtraciones y se hizo un trabajo de pintura en todo el edificio, a lo que se suman las mejoras de todas las instalaciones sanitarias y el\u00e9ctricas.<\/p>\n<p>Tambi\u00e9n, se moderniz\u00f3 el ascensor para personas en situaci\u00f3n de discapacidad y los accesos al teatro. Todas esas reparaciones te muestran un espacio instalado, renovado y seguro; y en lo que se refiere al aspecto t\u00e9cnico como iluminaci\u00f3n y sonido tambi\u00e9n hubo una inversi\u00f3n fuerte, especialmente en el mejoramiento y renovaci\u00f3n de equipos y la compra de un software para responder a las exigencias nuevas que traen las compa\u00f1\u00edas actualmente. Sin embargo, y a pesar de todas las modificaciones se mantiene el aforo de 120 personas por funci\u00f3n, un n\u00famero ideal para el sector de Playa Ancha y Valpara\u00edso\u201d.<\/p>\n<p><strong><a href=\"https:\/\/www.upla.cl\/noticias\/wp-content\/uploads\/2025\/09\/Pequena-Historia_2025_salaupla.jpg\"><img loading=\"lazy\" decoding=\"async\" class=\"alignright wp-image-189775\" src=\"https:\/\/www.upla.cl\/noticias\/wp-content\/uploads\/2025\/09\/Pequena-Historia_2025_salaupla.jpg\" alt=\"Giulio Ferretto Salinas: \u201cCon esta restauraci\u00f3n la Sala UPLA se vuelve a reposicionar y a recuperar su lugar\u201d\" width=\"351\" height=\"263\" srcset=\"https:\/\/upla.cl\/noticias\/wp-content\/uploads\/2025\/09\/Pequena-Historia_2025_salaupla.jpg 1600w, https:\/\/upla.cl\/noticias\/wp-content\/uploads\/2025\/09\/Pequena-Historia_2025_salaupla-300x225.jpg 300w, https:\/\/upla.cl\/noticias\/wp-content\/uploads\/2025\/09\/Pequena-Historia_2025_salaupla-1024x768.jpg 1024w, https:\/\/upla.cl\/noticias\/wp-content\/uploads\/2025\/09\/Pequena-Historia_2025_salaupla-150x113.jpg 150w, https:\/\/upla.cl\/noticias\/wp-content\/uploads\/2025\/09\/Pequena-Historia_2025_salaupla-768x576.jpg 768w, https:\/\/upla.cl\/noticias\/wp-content\/uploads\/2025\/09\/Pequena-Historia_2025_salaupla-1536x1152.jpg 1536w\" sizes=\"auto, (max-width: 351px) 100vw, 351px\" \/><\/a>-Tras estas reparaciones, \u00bfc\u00f3mo se posiciona la Sala UPLA respecto de las artes esc\u00e9nicas a nivel regional?<\/strong><\/p>\n<p>\u201cCon esta restauraci\u00f3n la Sala UPLA se vuelve a reposicionar y recupera\u00a0su lugar. Estoy un poco sorprendido con este tema, porque no me imaginaba el posicionamiento que tiene el espacio. A m\u00e1s de un mes de su apertura transicional, hemos tenido mucho p\u00fablico y a las funciones ha venido mucha gente, por ejemplo, en este segundo estreno del proyecto de Apoyo a Elencos Universitarios la demanda fue alta y las funciones de la <a href=\"https:\/\/www.upla.cl\/noticias\/2025\/08\/26\/sala-upla-celebra-15-anos-con-estreno-de-un-clasico-del-teatro-nacional\/\">obra \u201cLa Peque\u00f1a Historia de Chile\u201d<\/a> se complet\u00f3. Por lo tanto, el posicionamiento a nivel regional y nacional, es muy importante y se sabe, en otras regiones, que en Valpara\u00edso existe una sala que es de la UPLA, que est\u00e1 reforzando su continuidad en cuanto a su programaci\u00f3n de obras y de proyectos emergentes. A eso podemos agregar la incorporaci\u00f3n de una ticketera, que es un avance importante en la parte log\u00edstica, que junto a la difusi\u00f3n hacen que este espacio se posicione de nuevo como un lugar relevante para las artes esc\u00e9nicas\u201d.<\/p>\n<p><strong><a href=\"https:\/\/www.upla.cl\/noticias\/wp-content\/uploads\/2025\/09\/GiulioFerretto_teatro_salaupla.jpg\"><img loading=\"lazy\" decoding=\"async\" class=\"alignright wp-image-189774\" src=\"https:\/\/www.upla.cl\/noticias\/wp-content\/uploads\/2025\/09\/GiulioFerretto_teatro_salaupla.jpg\" alt=\"Giulio Ferretto Salinas: \u201cCon esta restauraci\u00f3n la Sala UPLA se vuelve a reposicionar y a recuperar su lugar\u201d\" width=\"350\" height=\"233\" srcset=\"https:\/\/upla.cl\/noticias\/wp-content\/uploads\/2025\/09\/GiulioFerretto_teatro_salaupla.jpg 1920w, https:\/\/upla.cl\/noticias\/wp-content\/uploads\/2025\/09\/GiulioFerretto_teatro_salaupla-300x200.jpg 300w, https:\/\/upla.cl\/noticias\/wp-content\/uploads\/2025\/09\/GiulioFerretto_teatro_salaupla-1024x681.jpg 1024w, https:\/\/upla.cl\/noticias\/wp-content\/uploads\/2025\/09\/GiulioFerretto_teatro_salaupla-150x100.jpg 150w, https:\/\/upla.cl\/noticias\/wp-content\/uploads\/2025\/09\/GiulioFerretto_teatro_salaupla-768x511.jpg 768w, https:\/\/upla.cl\/noticias\/wp-content\/uploads\/2025\/09\/GiulioFerretto_teatro_salaupla-1536x1022.jpg 1536w, https:\/\/upla.cl\/noticias\/wp-content\/uploads\/2025\/09\/GiulioFerretto_teatro_salaupla-310x205.jpg 310w\" sizes=\"auto, (max-width: 350px) 100vw, 350px\" \/><\/a>-\u00bfC\u00f3mo repercute una nueva Sala en la formaci\u00f3n de las y los estudiantes de la carrera de Teatro que ingresan?<\/strong><\/p>\n<p>\u201cCreo que es fundamental para ellos y ellas, y se transforma en un requisito primordial para la formaci\u00f3n del futuro actor o actriz, performer o nuevo profesional de las artes esc\u00e9nicas. La Sala tambi\u00e9n corresponde a un laboratorio donde se desarrollan actividades de diversas asignaturas, ah\u00ed de lunes a jueves se hacen clases de Movimiento, de Voz, de Actuaci\u00f3n y se ensaya el egreso. Por lo tanto, estas actividades acad\u00e9micas adquieren m\u00e1s importancia que cualquier otra pr\u00e1ctica, es decir, es una sala para las artes esc\u00e9nicas, y eso lo quiero reforzar. No queremos hacer otras cosas que no sean de teatro, porque de por medio est\u00e1 la formaci\u00f3n profesional de las y los estudiantes. En ese sentido, es importante que se sepa que para que estas acciones se concreten es relevante el equipo de trabajo como el iluminador, el sonidista, o el tramoya, quienes deben estar disponibles y dispuestos a cubrir estas actividades y los estrenos que se presentan los fines de semana\u201d.<\/p>\n<p><strong>-\u00bfEsta Sala renovada es tambi\u00e9n un impulso para seguir formando estudiantes a nivel regional?<\/strong><\/p>\n<p>\u201cPor supuesto, es fundamental, si esta carrera no tuviera una Sala como la que tenemos ya habr\u00eda desaparecido. Encuentro que no solo esta universidad, sino que en muchas otras partes todav\u00eda no se entiende la importancia de ense\u00f1ar las artes esc\u00e9nicas, que es un arte milenario y primer audiovisual de la humanidad. En estos pa\u00edses del tercer mundo es s\u00faper dif\u00edcil hacer este tipo de pr\u00e1cticas, no solo en las artes esc\u00e9nicas, sino que en las artes en general. En ese contexto, dir\u00eda que es un lujo para la Universidad de Playa Ancha tener una Sala donde puedas ense\u00f1ar teatro y puedas formar profesionales\u201d.<\/p>\n<p><a href=\"https:\/\/www.upla.cl\/noticias\/wp-content\/uploads\/2025\/09\/salaupla_sae2_2025.jpg\"><img loading=\"lazy\" decoding=\"async\" class=\"alignright wp-image-189778\" src=\"https:\/\/www.upla.cl\/noticias\/wp-content\/uploads\/2025\/09\/salaupla_sae2_2025.jpg\" alt=\"Giulio Ferretto Salinas: \u201cCon esta restauraci\u00f3n la Sala UPLA se vuelve a reposicionar y a recuperar su lugar\u201d\" width=\"350\" height=\"233\" srcset=\"https:\/\/upla.cl\/noticias\/wp-content\/uploads\/2025\/09\/salaupla_sae2_2025.jpg 1920w, https:\/\/upla.cl\/noticias\/wp-content\/uploads\/2025\/09\/salaupla_sae2_2025-300x200.jpg 300w, https:\/\/upla.cl\/noticias\/wp-content\/uploads\/2025\/09\/salaupla_sae2_2025-1024x681.jpg 1024w, https:\/\/upla.cl\/noticias\/wp-content\/uploads\/2025\/09\/salaupla_sae2_2025-150x100.jpg 150w, https:\/\/upla.cl\/noticias\/wp-content\/uploads\/2025\/09\/salaupla_sae2_2025-768x511.jpg 768w, https:\/\/upla.cl\/noticias\/wp-content\/uploads\/2025\/09\/salaupla_sae2_2025-1536x1022.jpg 1536w, https:\/\/upla.cl\/noticias\/wp-content\/uploads\/2025\/09\/salaupla_sae2_2025-310x205.jpg 310w\" sizes=\"auto, (max-width: 350px) 100vw, 350px\" \/><\/a><\/p>\n<p><strong>-Por \u00faltimo, \u00bfcu\u00e1l es su sentir una vez finalizada la remodelaci\u00f3n de la SAE?<\/strong><\/p>\n<p>\u201cTengo un sentimiento de agradecimiento, principalmente hacia todas y todos los que hicieron posible esta transformaci\u00f3n. Hoy la Sala est\u00e1 equipada y responde t\u00e9cnica y tecnol\u00f3gicamente a los requerimientos de las compa\u00f1\u00edas, adem\u00e1s nuestro equipo est\u00e1 entrenado para que responda a las exigencias en relaci\u00f3n a implementar las artes esc\u00e9nicas como fen\u00f3meno cultural expandido.<\/p>\n<p>Agradezco a Gabriela Arancibia L\u00f3pez, Daniela Olivares Far\u00edas, Gonzalo Mena, Axel Salazar, \u00d3scar Vargas y Pablo Arancibia, que son parte del equipo de producci\u00f3n y t\u00e9cnico que han hecho de este espacio un lugar importante que no est\u00e1 ubicado en cualquier parte. Creo que eso a\u00fan no se comprende mucho, porque es m\u00e1s f\u00e1cil entender la l\u00f3gica de los teatros municipales o tradicionales con butacas y con escenarios en frente. Sin embargo, esta es una sala libre, limpia, pl\u00e1stica, es una caja ac\u00fastica negra y visualmente muy atractiva, caracter\u00edsticas que te dan la posibilidad de hacer cosas que en otras salas no puedes hacer, y ese es el <em>h\u00e1ndicap<\/em> a favor que nosotros tenemos.<\/p>\n<p>Respecto a la inauguraci\u00f3n oficial de la reapertura de la Sala UPLA, se proyecta que sea en noviembre de 2025, instancia donde se agradecer\u00e1 a todas las personas que colaboraron, como las que he nombrado, porque se lo merecen, porque gracias a ellos tenemos lo que tenemos\u201d.<\/p>\n","protected":false},"excerpt":{"rendered":"<p>A 15 a\u00f1os de su apertura en 2010, la SAE reabre sus puertas a la comunidad con nueva infraestructura y espacios renovados gracias a los aportes de alrededor de 483 millones de pesos adjudicados por el Gobierno Regional de Valpara\u00edso. De esto y del impacto de la nueva Sala se refiere su director y acad\u00e9mico de la carrera de Teatro de la Facultad de Arte. <\/p>\n","protected":false},"author":2,"featured_media":189773,"comment_status":"closed","ping_status":"open","sticky":false,"template":"","format":"standard","meta":{"footnotes":""},"categories":[41,71],"tags":[],"class_list":["post-189772","post","type-post","status-publish","format-standard","has-post-thumbnail","","category-entrevistas","category-facultad-de-arte"],"_links":{"self":[{"href":"https:\/\/upla.cl\/noticias\/wp-json\/wp\/v2\/posts\/189772","targetHints":{"allow":["GET"]}}],"collection":[{"href":"https:\/\/upla.cl\/noticias\/wp-json\/wp\/v2\/posts"}],"about":[{"href":"https:\/\/upla.cl\/noticias\/wp-json\/wp\/v2\/types\/post"}],"author":[{"embeddable":true,"href":"https:\/\/upla.cl\/noticias\/wp-json\/wp\/v2\/users\/2"}],"replies":[{"embeddable":true,"href":"https:\/\/upla.cl\/noticias\/wp-json\/wp\/v2\/comments?post=189772"}],"version-history":[{"count":0,"href":"https:\/\/upla.cl\/noticias\/wp-json\/wp\/v2\/posts\/189772\/revisions"}],"wp:featuredmedia":[{"embeddable":true,"href":"https:\/\/upla.cl\/noticias\/wp-json\/wp\/v2\/media\/189773"}],"wp:attachment":[{"href":"https:\/\/upla.cl\/noticias\/wp-json\/wp\/v2\/media?parent=189772"}],"wp:term":[{"taxonomy":"category","embeddable":true,"href":"https:\/\/upla.cl\/noticias\/wp-json\/wp\/v2\/categories?post=189772"},{"taxonomy":"post_tag","embeddable":true,"href":"https:\/\/upla.cl\/noticias\/wp-json\/wp\/v2\/tags?post=189772"}],"curies":[{"name":"wp","href":"https:\/\/api.w.org\/{rel}","templated":true}]}}