{"id":190017,"date":"2025-09-25T13:35:39","date_gmt":"2025-09-25T16:35:39","guid":{"rendered":"https:\/\/www.upla.cl\/noticias\/?p=190017"},"modified":"2025-09-25T14:45:49","modified_gmt":"2025-09-25T17:45:49","slug":"universidades-del-cruv-conforman-mesas-de-trabajo-para-abordar-desafios-de-ciberseguridad-infraestructura-y-desarrollo-de-sistemas","status":"publish","type":"post","link":"https:\/\/upla.cl\/noticias\/2025\/09\/25\/universidades-del-cruv-conforman-mesas-de-trabajo-para-abordar-desafios-de-ciberseguridad-infraestructura-y-desarrollo-de-sistemas\/","title":{"rendered":"Universidades del CRUV conforman mesas de trabajo para abordar desaf\u00edos de ciberseguridad, infraestructura y desarrollo de sistemas"},"content":{"rendered":"<p><a href=\"https:\/\/www.upla.cl\/noticias\/wp-content\/uploads\/2025\/09\/reunion_cruv_informaticos_.jpg\"><img loading=\"lazy\" decoding=\"async\" class=\"aligncenter wp-image-190033 size-large\" src=\"https:\/\/www.upla.cl\/noticias\/wp-content\/uploads\/2025\/09\/reunion_cruv_informaticos_-e1758817899846-1024x609.jpg\" alt=\"\" width=\"618\" height=\"368\" srcset=\"https:\/\/upla.cl\/noticias\/wp-content\/uploads\/2025\/09\/reunion_cruv_informaticos_-e1758817899846-1024x609.jpg 1024w, https:\/\/upla.cl\/noticias\/wp-content\/uploads\/2025\/09\/reunion_cruv_informaticos_-e1758817899846-300x178.jpg 300w, https:\/\/upla.cl\/noticias\/wp-content\/uploads\/2025\/09\/reunion_cruv_informaticos_-e1758817899846-150x89.jpg 150w, https:\/\/upla.cl\/noticias\/wp-content\/uploads\/2025\/09\/reunion_cruv_informaticos_-e1758817899846-768x457.jpg 768w, https:\/\/upla.cl\/noticias\/wp-content\/uploads\/2025\/09\/reunion_cruv_informaticos_-e1758817899846-1536x914.jpg 1536w, https:\/\/upla.cl\/noticias\/wp-content\/uploads\/2025\/09\/reunion_cruv_informaticos_-e1758817899846.jpg 1920w\" sizes=\"auto, (max-width: 618px) 100vw, 618px\" \/><\/a>En la Universidad de Playa Ancha (UPLA) se realiz\u00f3 la tercera reuni\u00f3n de Directores de Tecnolog\u00edas de Informaci\u00f3n e Inform\u00e1tica\u00a0 (TI) de las casas de estudios que integran el Consejo de Rectores de Valpara\u00edso (CRUV).<\/p>\n<p>La jornada se centr\u00f3 en la conformaci\u00f3n de mesas de trabajo por \u00e1rea de especializaci\u00f3n, orientadas a abordar desaf\u00edos comunes, compartir soluciones y promover la cooperaci\u00f3n en temas transversales.<\/p>\n<p>\u00abEn esta reuni\u00f3n, las \u00e1reas tecnol\u00f3gicas espec\u00edficas en torno a las cuales se constituyeron las mesas de trabajo consideran temas como, <strong>ciberseguridad y protecci\u00f3n de datos<\/strong>, <strong>desarrollo de sistemas y plataformas<\/strong>, <strong>compras conjuntas y sostenibilidad<\/strong>, <strong>infraestructura TI<\/strong> y <strong>servicios TI<\/strong>. La idea es generar un<span class=\"ng-star-inserted\" data-start-index=\"3487\"> plan de trabajo para que, en las siguientes sesiones, cada mesa aborde de manera espec\u00edfica su tema y, la experiencia de una universidad pueda ayudar a la otra en el crecimiento de la tecnolog\u00eda\u00bb, sostuvo el <strong>director general de Inform\u00e1tica de la UPLA, Roberto \u00c1lvarez Mar\u00edn.<\/strong><\/span><\/p>\n<p><span class=\"ng-star-inserted\" data-start-index=\"3487\"><a href=\"https:\/\/www.upla.cl\/noticias\/wp-content\/uploads\/2025\/09\/reunion_cruv_informaticos_7.jpg\"><img loading=\"lazy\" decoding=\"async\" class=\"alignright size-medium wp-image-190039\" src=\"https:\/\/www.upla.cl\/noticias\/wp-content\/uploads\/2025\/09\/reunion_cruv_informaticos_7-300x200.jpg\" alt=\"\" width=\"300\" height=\"200\" srcset=\"https:\/\/upla.cl\/noticias\/wp-content\/uploads\/2025\/09\/reunion_cruv_informaticos_7-300x200.jpg 300w, https:\/\/upla.cl\/noticias\/wp-content\/uploads\/2025\/09\/reunion_cruv_informaticos_7-1024x683.jpg 1024w, https:\/\/upla.cl\/noticias\/wp-content\/uploads\/2025\/09\/reunion_cruv_informaticos_7-150x100.jpg 150w, https:\/\/upla.cl\/noticias\/wp-content\/uploads\/2025\/09\/reunion_cruv_informaticos_7-768x512.jpg 768w, https:\/\/upla.cl\/noticias\/wp-content\/uploads\/2025\/09\/reunion_cruv_informaticos_7-1536x1024.jpg 1536w, https:\/\/upla.cl\/noticias\/wp-content\/uploads\/2025\/09\/reunion_cruv_informaticos_7.jpg 1920w\" sizes=\"auto, (max-width: 300px) 100vw, 300px\" \/><\/a>Los especialistas de la Universidad de Valpara\u00edso, Pontificia Universidad Cat\u00f3lica de Valpara\u00edso,\u00a0 Universidad T\u00e9cnica Federico Santa Mar\u00eda, y de la instituci\u00f3n anfitriona, mediante la agrupaci\u00f3n denominada U4 Valpo, buscar\u00e1n maximizar temas clave de tecnolog\u00eda de la informaci\u00f3n e innovaci\u00f3n, a trav\u00e9s del intercambio de conocimiento y experiencias de sus propias universidades. Tambi\u00e9n se abocar\u00e1n a construir un polo tecnol\u00f3gico para la Regi\u00f3n de Valpara\u00edso.<\/span><\/p>\n<p>El <strong>director de Tecnolog\u00edas d<\/strong><span class=\"ng-star-inserted\" data-start-index=\"3163\"><strong>e Informaci\u00f3n en la Universidad T\u00e9cnica Federico Santa Mar\u00eda, Fernando Lobos Flores<\/strong>, confirm\u00f3 el enfoque en la colaboraci\u00f3n regional de U4 Valpo para resolver problemas de infraestructura y seguridad, por ejemplo, aprovechando las capacidades de ingenier\u00eda y considerando la limitaci\u00f3n de equipos de trabajo reducidos en las instituciones.<\/span><\/p>\n<p><a href=\"https:\/\/www.upla.cl\/noticias\/wp-content\/uploads\/2025\/09\/reunion_cruv_informaticos_2.jpg\"><img loading=\"lazy\" decoding=\"async\" class=\"alignright size-medium wp-image-190035\" src=\"https:\/\/www.upla.cl\/noticias\/wp-content\/uploads\/2025\/09\/reunion_cruv_informaticos_2-300x200.jpg\" alt=\"\" width=\"300\" height=\"200\" srcset=\"https:\/\/upla.cl\/noticias\/wp-content\/uploads\/2025\/09\/reunion_cruv_informaticos_2-300x200.jpg 300w, https:\/\/upla.cl\/noticias\/wp-content\/uploads\/2025\/09\/reunion_cruv_informaticos_2-1024x683.jpg 1024w, https:\/\/upla.cl\/noticias\/wp-content\/uploads\/2025\/09\/reunion_cruv_informaticos_2-150x100.jpg 150w, https:\/\/upla.cl\/noticias\/wp-content\/uploads\/2025\/09\/reunion_cruv_informaticos_2-768x512.jpg 768w, https:\/\/upla.cl\/noticias\/wp-content\/uploads\/2025\/09\/reunion_cruv_informaticos_2-1536x1024.jpg 1536w, https:\/\/upla.cl\/noticias\/wp-content\/uploads\/2025\/09\/reunion_cruv_informaticos_2.jpg 1920w\" sizes=\"auto, (max-width: 300px) 100vw, 300px\" \/><\/a>\u00abEl aporte m\u00e1s directo de la UTFSM siempre ser\u00e1 contribuir con la capacidad que tiene nuestra \u00e1rea de ingenier\u00eda y los profesionales que tenemos disponible, de manera de poder construir este ecosistema de universidades que est\u00e1n cooperando directamente para el desarrollo de la regi\u00f3n\u00bb, sostuvo Lobos.<\/p>\n<p>De esta forma, la experiencia y el conocimiento de cada universidad servir\u00e1n de base para un crecimiento tecnol\u00f3gico que maximice la eficiencia de recursos y conocimientos disponibles en la regi\u00f3n de Valpara\u00edso.<\/p>\n<div id='gallery-1' class='gallery galleryid-190017 gallery-columns-3 gallery-size-thumbnail'><figure class='gallery-item'>\n\t\t\t<div class='gallery-icon landscape'>\n\t\t\t\t<a href='https:\/\/upla.cl\/noticias\/wp-content\/uploads\/2025\/09\/reunion_cruv_informaticos_5.jpg'><img loading=\"lazy\" decoding=\"async\" width=\"150\" height=\"100\" src=\"https:\/\/upla.cl\/noticias\/wp-content\/uploads\/2025\/09\/reunion_cruv_informaticos_5-150x100.jpg\" class=\"attachment-thumbnail size-thumbnail\" alt=\"\" srcset=\"https:\/\/upla.cl\/noticias\/wp-content\/uploads\/2025\/09\/reunion_cruv_informaticos_5-150x100.jpg 150w, https:\/\/upla.cl\/noticias\/wp-content\/uploads\/2025\/09\/reunion_cruv_informaticos_5-300x200.jpg 300w, https:\/\/upla.cl\/noticias\/wp-content\/uploads\/2025\/09\/reunion_cruv_informaticos_5-1024x683.jpg 1024w, https:\/\/upla.cl\/noticias\/wp-content\/uploads\/2025\/09\/reunion_cruv_informaticos_5-768x512.jpg 768w, https:\/\/upla.cl\/noticias\/wp-content\/uploads\/2025\/09\/reunion_cruv_informaticos_5-1536x1024.jpg 1536w, https:\/\/upla.cl\/noticias\/wp-content\/uploads\/2025\/09\/reunion_cruv_informaticos_5-310x205.jpg 310w, https:\/\/upla.cl\/noticias\/wp-content\/uploads\/2025\/09\/reunion_cruv_informaticos_5.jpg 1920w\" sizes=\"auto, (max-width: 150px) 100vw, 150px\" \/><\/a>\n\t\t\t<\/div><\/figure><figure class='gallery-item'>\n\t\t\t<div class='gallery-icon landscape'>\n\t\t\t\t<a href='https:\/\/upla.cl\/noticias\/wp-content\/uploads\/2025\/09\/reunion_cruv_informaticos__4.jpg'><img loading=\"lazy\" decoding=\"async\" width=\"150\" height=\"100\" src=\"https:\/\/upla.cl\/noticias\/wp-content\/uploads\/2025\/09\/reunion_cruv_informaticos__4-150x100.jpg\" class=\"attachment-thumbnail size-thumbnail\" alt=\"\" srcset=\"https:\/\/upla.cl\/noticias\/wp-content\/uploads\/2025\/09\/reunion_cruv_informaticos__4-150x100.jpg 150w, https:\/\/upla.cl\/noticias\/wp-content\/uploads\/2025\/09\/reunion_cruv_informaticos__4-300x200.jpg 300w, https:\/\/upla.cl\/noticias\/wp-content\/uploads\/2025\/09\/reunion_cruv_informaticos__4-1024x683.jpg 1024w, https:\/\/upla.cl\/noticias\/wp-content\/uploads\/2025\/09\/reunion_cruv_informaticos__4-768x512.jpg 768w, https:\/\/upla.cl\/noticias\/wp-content\/uploads\/2025\/09\/reunion_cruv_informaticos__4-1536x1024.jpg 1536w, https:\/\/upla.cl\/noticias\/wp-content\/uploads\/2025\/09\/reunion_cruv_informaticos__4-310x205.jpg 310w, https:\/\/upla.cl\/noticias\/wp-content\/uploads\/2025\/09\/reunion_cruv_informaticos__4.jpg 1920w\" sizes=\"auto, (max-width: 150px) 100vw, 150px\" \/><\/a>\n\t\t\t<\/div><\/figure><figure class='gallery-item'>\n\t\t\t<div class='gallery-icon landscape'>\n\t\t\t\t<a href='https:\/\/upla.cl\/noticias\/wp-content\/uploads\/2025\/09\/reunion_cruv_informaticos_6.jpg'><img loading=\"lazy\" decoding=\"async\" width=\"150\" height=\"100\" src=\"https:\/\/upla.cl\/noticias\/wp-content\/uploads\/2025\/09\/reunion_cruv_informaticos_6-150x100.jpg\" class=\"attachment-thumbnail size-thumbnail\" alt=\"\" srcset=\"https:\/\/upla.cl\/noticias\/wp-content\/uploads\/2025\/09\/reunion_cruv_informaticos_6-150x100.jpg 150w, https:\/\/upla.cl\/noticias\/wp-content\/uploads\/2025\/09\/reunion_cruv_informaticos_6-300x200.jpg 300w, https:\/\/upla.cl\/noticias\/wp-content\/uploads\/2025\/09\/reunion_cruv_informaticos_6-1024x683.jpg 1024w, https:\/\/upla.cl\/noticias\/wp-content\/uploads\/2025\/09\/reunion_cruv_informaticos_6-768x512.jpg 768w, https:\/\/upla.cl\/noticias\/wp-content\/uploads\/2025\/09\/reunion_cruv_informaticos_6-1536x1024.jpg 1536w, https:\/\/upla.cl\/noticias\/wp-content\/uploads\/2025\/09\/reunion_cruv_informaticos_6-310x205.jpg 310w, https:\/\/upla.cl\/noticias\/wp-content\/uploads\/2025\/09\/reunion_cruv_informaticos_6.jpg 1920w\" sizes=\"auto, (max-width: 150px) 100vw, 150px\" \/><\/a>\n\t\t\t<\/div><\/figure>\n\t\t<\/div>\n\n","protected":false},"excerpt":{"rendered":"<p>En la Universidad de Playa Ancha (UPLA) se realiz\u00f3 la tercera reuni\u00f3n de Directores de Tecnolog\u00edas de Informaci\u00f3n e Inform\u00e1tica\u00a0de las casas de estudios que integran el Consejo de Rectores de Valpara\u00edso (CRUV). La jornada se centr\u00f3 en la conformaci\u00f3n de mesas de trabajo por \u00e1rea de especializaci\u00f3n.<\/p>\n","protected":false},"author":10,"featured_media":190033,"comment_status":"closed","ping_status":"open","sticky":false,"template":"","format":"standard","meta":{"footnotes":""},"categories":[51,96,40,204,113],"tags":[],"class_list":["post-190017","post","type-post","status-publish","format-standard","has-post-thumbnail","","category-academia","category-academicos","category-destacados","category-gestion-de-la-calidad","category-universidades-en-red"],"_links":{"self":[{"href":"https:\/\/upla.cl\/noticias\/wp-json\/wp\/v2\/posts\/190017","targetHints":{"allow":["GET"]}}],"collection":[{"href":"https:\/\/upla.cl\/noticias\/wp-json\/wp\/v2\/posts"}],"about":[{"href":"https:\/\/upla.cl\/noticias\/wp-json\/wp\/v2\/types\/post"}],"author":[{"embeddable":true,"href":"https:\/\/upla.cl\/noticias\/wp-json\/wp\/v2\/users\/10"}],"replies":[{"embeddable":true,"href":"https:\/\/upla.cl\/noticias\/wp-json\/wp\/v2\/comments?post=190017"}],"version-history":[{"count":0,"href":"https:\/\/upla.cl\/noticias\/wp-json\/wp\/v2\/posts\/190017\/revisions"}],"wp:featuredmedia":[{"embeddable":true,"href":"https:\/\/upla.cl\/noticias\/wp-json\/wp\/v2\/media\/190033"}],"wp:attachment":[{"href":"https:\/\/upla.cl\/noticias\/wp-json\/wp\/v2\/media?parent=190017"}],"wp:term":[{"taxonomy":"category","embeddable":true,"href":"https:\/\/upla.cl\/noticias\/wp-json\/wp\/v2\/categories?post=190017"},{"taxonomy":"post_tag","embeddable":true,"href":"https:\/\/upla.cl\/noticias\/wp-json\/wp\/v2\/tags?post=190017"}],"curies":[{"name":"wp","href":"https:\/\/api.w.org\/{rel}","templated":true}]}}