{"id":190057,"date":"2025-09-25T17:44:18","date_gmt":"2025-09-25T20:44:18","guid":{"rendered":"https:\/\/www.upla.cl\/noticias\/?p=190057"},"modified":"2025-09-25T17:45:08","modified_gmt":"2025-09-25T20:45:08","slug":"tutoria-par-ofrecera-talleres-para-estudiantes-upla-durante-el-segundo-semestre-2025","status":"publish","type":"post","link":"https:\/\/upla.cl\/noticias\/2025\/09\/25\/tutoria-par-ofrecera-talleres-para-estudiantes-upla-durante-el-segundo-semestre-2025\/","title":{"rendered":"Tutor\u00eda Par ofrecer\u00e1 talleres para estudiantes UPLA durante el segundo semestre 2025"},"content":{"rendered":"<p><span style=\"font-weight: 400;\"><a href=\"https:\/\/www.upla.cl\/noticias\/wp-content\/uploads\/2025\/09\/Imagen-principal-copia.jpg\"><img loading=\"lazy\" decoding=\"async\" class=\"aligncenter wp-image-190060 size-large\" src=\"https:\/\/www.upla.cl\/noticias\/wp-content\/uploads\/2025\/09\/Imagen-principal-copia-e1758832942109-1024x636.jpg\" alt=\"\" width=\"618\" height=\"384\" srcset=\"https:\/\/upla.cl\/noticias\/wp-content\/uploads\/2025\/09\/Imagen-principal-copia-e1758832942109-1024x636.jpg 1024w, https:\/\/upla.cl\/noticias\/wp-content\/uploads\/2025\/09\/Imagen-principal-copia-e1758832942109-300x186.jpg 300w, https:\/\/upla.cl\/noticias\/wp-content\/uploads\/2025\/09\/Imagen-principal-copia-e1758832942109-150x93.jpg 150w, https:\/\/upla.cl\/noticias\/wp-content\/uploads\/2025\/09\/Imagen-principal-copia-e1758832942109-768x477.jpg 768w, https:\/\/upla.cl\/noticias\/wp-content\/uploads\/2025\/09\/Imagen-principal-copia-e1758832942109-1536x955.jpg 1536w, https:\/\/upla.cl\/noticias\/wp-content\/uploads\/2025\/09\/Imagen-principal-copia-e1758832942109.jpg 1910w\" sizes=\"auto, (max-width: 618px) 100vw, 618px\" \/><\/a><\/span><\/p>\n<p><span style=\"font-weight: 400;\">La iniciativa, que hasta el primer semestre de este a\u00f1o se caracterizaba por reunir a estudiantes de distintas generaciones, pero de la misma carrera, este semestre incorpora un formato transversal. As\u00ed, dos tutoras ser\u00e1n las encargadas de liderar talleres abiertos, destinados a reforzar tanto habilidades acad\u00e9micas como personales en el proceso de formaci\u00f3n universitaria.<\/span><\/p>\n<p><span style=\"font-weight: 400;\">Uno de los dos nuevos talleres programados abordar\u00e1 la lectoescritura acad\u00e9mica, entregar\u00e1 herramientas para la sistematizaci\u00f3n de la informaci\u00f3n y estar\u00e1 a cargo de <strong>Catalina Villar, estudiante de <a href=\"https:\/\/upla.cl\/facultad\/humanidades\/pedagogia-en-castellano\/\">Pedagog\u00eda en Castellano<\/a><\/strong>; el otro taller brindar\u00e1 un apoyo acad\u00e9mico integral, enfoc\u00e1ndose en la gesti\u00f3n del tiempo, revisar\u00e1 estrategias de estudio, trabajo en equipo, expresi\u00f3n oral y tambi\u00e9n abarcar\u00e1 la regulaci\u00f3n emocional, ser\u00e1 impartido por <strong>Ninette Leiva, de la carrera de <a href=\"https:\/\/upla.cl\/facultad\/cienciassociales\/psicologia\/\">Psicolog\u00eda<\/a><\/strong>.<\/span><\/p>\n<p><span style=\"font-weight: 400;\">Cabe recordar que la Tutor\u00eda Par est\u00e1 al alero de la Unidad de Acompa\u00f1amiento Estudiantil de la Universidad de Playa Ancha y quienes deseen inscribirse lo pueden hacer en<strong><a href=\"https:\/\/docs.google.com\/forms\/d\/e\/1FAIpQLSfsTH0m212AD9z04KN6xtknksDPcrPEXqVEo86fT2gFf-hkTQ\/viewform\" target=\"_blank\" rel=\"noopener\"> este link.<\/a><\/strong>\u00a0<\/span><\/p>\n<p><b>Taller transversal<\/b><\/p>\n<p><span style=\"font-weight: 400;\"><a href=\"https:\/\/www.upla.cl\/noticias\/wp-content\/uploads\/2025\/09\/tutorias_par.jpg\"><img loading=\"lazy\" decoding=\"async\" class=\"alignright size-medium wp-image-190058\" src=\"https:\/\/www.upla.cl\/noticias\/wp-content\/uploads\/2025\/09\/tutorias_par-300x225.jpg\" alt=\"\" width=\"300\" height=\"225\" srcset=\"https:\/\/upla.cl\/noticias\/wp-content\/uploads\/2025\/09\/tutorias_par-300x225.jpg 300w, https:\/\/upla.cl\/noticias\/wp-content\/uploads\/2025\/09\/tutorias_par-1024x768.jpg 1024w, https:\/\/upla.cl\/noticias\/wp-content\/uploads\/2025\/09\/tutorias_par-150x113.jpg 150w, https:\/\/upla.cl\/noticias\/wp-content\/uploads\/2025\/09\/tutorias_par-768x576.jpg 768w, https:\/\/upla.cl\/noticias\/wp-content\/uploads\/2025\/09\/tutorias_par-1536x1152.jpg 1536w, https:\/\/upla.cl\/noticias\/wp-content\/uploads\/2025\/09\/tutorias_par.jpg 1920w\" sizes=\"auto, (max-width: 300px) 100vw, 300px\" \/><\/a>El primer ciclo, de car\u00e1cter transversal, tiene por objetivo fortalecer las <strong>estrategias de lectura y escritura de textos acad\u00e9micos.<\/strong> Se desarrollar\u00e1 los d\u00edas <strong>martes 7, 14 y 21 de octubre,<\/strong> a las <strong>14:00 horas,<\/strong> en la <strong>sala C508<\/strong> de la <strong>Casa Central<\/strong> de la Universidad de Playa Ancha, en el Campus Valpara\u00edso. Entre sus contenidos se incluyen estrategias de lectura activa, sistematizaci\u00f3n de la informaci\u00f3n mediante recursos visuales y la redacci\u00f3n de p\u00e1rrafos claros y coherentes para contextos universitarios.<\/span><\/p>\n<p><span style=\"font-weight: 400;\"><strong>Catalina Villar, tutora y estudiante de cuarto a\u00f1o de Pedagog\u00eda en Castellano<\/strong>, guiar\u00e1 estos espacios con base en su experiencia en proyectos de lectura y escritura, as\u00ed como en su participaci\u00f3n en la revista acad\u00e9mica Nueva F\u00e9nix y en encuentros literarios.<\/span><\/p>\n<p><b>Taller de apoyo acad\u00e9mico<\/b><\/p>\n<p><span style=\"font-weight: 400;\"><a href=\"https:\/\/www.upla.cl\/noticias\/wp-content\/uploads\/2025\/09\/tutorias_par_2.jpg\"><img loading=\"lazy\" decoding=\"async\" class=\"alignright size-medium wp-image-190059\" src=\"https:\/\/www.upla.cl\/noticias\/wp-content\/uploads\/2025\/09\/tutorias_par_2-300x225.jpg\" alt=\"\" width=\"300\" height=\"225\" srcset=\"https:\/\/upla.cl\/noticias\/wp-content\/uploads\/2025\/09\/tutorias_par_2-300x225.jpg 300w, https:\/\/upla.cl\/noticias\/wp-content\/uploads\/2025\/09\/tutorias_par_2-1024x768.jpg 1024w, https:\/\/upla.cl\/noticias\/wp-content\/uploads\/2025\/09\/tutorias_par_2-150x113.jpg 150w, https:\/\/upla.cl\/noticias\/wp-content\/uploads\/2025\/09\/tutorias_par_2-768x576.jpg 768w, https:\/\/upla.cl\/noticias\/wp-content\/uploads\/2025\/09\/tutorias_par_2-1536x1152.jpg 1536w, https:\/\/upla.cl\/noticias\/wp-content\/uploads\/2025\/09\/tutorias_par_2.jpg 1920w\" sizes=\"auto, (max-width: 300px) 100vw, 300px\" \/><\/a>El segundo ciclo corresponde a los<strong> talleres de apoyo acad\u00e9mico<\/strong>, programados para l<strong>os mi\u00e9rcoles de octubre<\/strong> y <strong>noviembre<\/strong>, de <strong>11:00 a 12:15 horas<\/strong>, en la <strong>sala de reuniones del quinto piso de Casa Central<\/strong>. Estar\u00e1n a cargo de <strong>Ninette Leiva, tutora y estudiante de cuarto a\u00f1o de Psicolog\u00eda<\/strong>, con formaci\u00f3n en inclusi\u00f3n y diversidad educativa.<\/span><\/p>\n<p><span style=\"font-weight: 400;\">Los temas abarcan organizaci\u00f3n del tiempo, m\u00e9todos de estudio personalizados, expresi\u00f3n oral, trabajo en equipo, regulaci\u00f3n emocional y preparaci\u00f3n para evaluaciones. Cada sesi\u00f3n incluye din\u00e1micas pr\u00e1cticas y participativas que buscan entregar herramientas concretas a las y los estudiantes para un aprendizaje aut\u00f3nomo y efectivo, en un marco de educaci\u00f3n inclusiva y transformadora.<\/span><\/p>\n<p><b>Tutor\u00edas y otros acompa\u00f1amientos de la UAE<\/b><\/p>\n<p><span style=\"font-weight: 400;\">Si bien las sesiones de la Tutor\u00eda Par iniciaron durante los primeros d\u00edas de septiembre, siguen teniendo sus inscripciones abiertas <a href=\"https:\/\/docs.google.com\/forms\/d\/e\/1FAIpQLSfaEF1_W9GyhZ5tW2cc6-Yzdlptlxkp0l8uLiu-ThyksxRfJQ\/viewform\" target=\"_blank\" rel=\"noopener\"><strong>en este link<\/strong>\u00a0<\/a><\/span><\/p>\n<p><span style=\"font-weight: 400;\">Adem\u00e1s, est\u00e1n las mentor\u00edas acad\u00e9micas y las mentor\u00edas emergentes y quienes deseen inscribirse, pueden revisar la<strong> <a href=\"https:\/\/docs.google.com\/forms\/d\/e\/1FAIpQLSfAsOdxW1lmJexQ-uaPUkQ7yR0gzJS8ln_q5Xd8gXCvq0TWTQ\/viewform\" target=\"_blank\" rel=\"noopener\">oferta disponible ac\u00e1.<\/a><\/strong><\/span><\/p>\n<p><em>Fuente: Carolina Cabrera P\u00e9rez, periodista de la Unidad de Acompa\u00f1amiento Estudiantil.<\/em><\/p>\n","protected":false},"excerpt":{"rendered":"<p>Una nueva modalidad de acompa\u00f1amiento para estudiantes de todas las carreras, iniciar\u00e1 la Tutor\u00eda Para de nuestra casa de estudios, ampliando as\u00ed la actual oferta de acompa\u00f1amientos. <\/p>\n","protected":false},"author":10,"featured_media":190060,"comment_status":"closed","ping_status":"open","sticky":false,"template":"","format":"standard","meta":{"footnotes":""},"categories":[51,96,40,97,90],"tags":[],"class_list":["post-190057","post","type-post","status-publish","format-standard","has-post-thumbnail","","category-academia","category-academicos","category-destacados","category-estudiantes","category-uae"],"_links":{"self":[{"href":"https:\/\/upla.cl\/noticias\/wp-json\/wp\/v2\/posts\/190057","targetHints":{"allow":["GET"]}}],"collection":[{"href":"https:\/\/upla.cl\/noticias\/wp-json\/wp\/v2\/posts"}],"about":[{"href":"https:\/\/upla.cl\/noticias\/wp-json\/wp\/v2\/types\/post"}],"author":[{"embeddable":true,"href":"https:\/\/upla.cl\/noticias\/wp-json\/wp\/v2\/users\/10"}],"replies":[{"embeddable":true,"href":"https:\/\/upla.cl\/noticias\/wp-json\/wp\/v2\/comments?post=190057"}],"version-history":[{"count":0,"href":"https:\/\/upla.cl\/noticias\/wp-json\/wp\/v2\/posts\/190057\/revisions"}],"wp:featuredmedia":[{"embeddable":true,"href":"https:\/\/upla.cl\/noticias\/wp-json\/wp\/v2\/media\/190060"}],"wp:attachment":[{"href":"https:\/\/upla.cl\/noticias\/wp-json\/wp\/v2\/media?parent=190057"}],"wp:term":[{"taxonomy":"category","embeddable":true,"href":"https:\/\/upla.cl\/noticias\/wp-json\/wp\/v2\/categories?post=190057"},{"taxonomy":"post_tag","embeddable":true,"href":"https:\/\/upla.cl\/noticias\/wp-json\/wp\/v2\/tags?post=190057"}],"curies":[{"name":"wp","href":"https:\/\/api.w.org\/{rel}","templated":true}]}}