{"id":190062,"date":"2025-09-25T17:50:32","date_gmt":"2025-09-25T20:50:32","guid":{"rendered":"https:\/\/www.upla.cl\/noticias\/?p=190062"},"modified":"2025-10-31T01:18:06","modified_gmt":"2025-10-31T04:18:06","slug":"universidad-de-playa-ancha-prepara-nueva-version-de-puertas-abiertas-2025","status":"publish","type":"post","link":"https:\/\/upla.cl\/noticias\/2025\/09\/25\/universidad-de-playa-ancha-prepara-nueva-version-de-puertas-abiertas-2025\/","title":{"rendered":"Universidad de Playa Ancha prepara nueva versi\u00f3n de Puertas Abiertas 2025"},"content":{"rendered":"<p><a href=\"https:\/\/www.upla.cl\/noticias\/wp-content\/uploads\/2025\/09\/puertasabiertas2025_upla_valparaiso.jpg\"><img loading=\"lazy\" decoding=\"async\" class=\"alignright wp-image-190065\" src=\"https:\/\/www.upla.cl\/noticias\/wp-content\/uploads\/2025\/09\/puertasabiertas2025_upla_valparaiso.jpg\" alt=\"Puertas Abiertas 2025, Universidad de Playa Ancha, campus Valpara\u00edso\" width=\"350\" height=\"381\" srcset=\"https:\/\/upla.cl\/noticias\/wp-content\/uploads\/2025\/09\/puertasabiertas2025_upla_valparaiso.jpg 1080w, https:\/\/upla.cl\/noticias\/wp-content\/uploads\/2025\/09\/puertasabiertas2025_upla_valparaiso-276x300.jpg 276w, https:\/\/upla.cl\/noticias\/wp-content\/uploads\/2025\/09\/puertasabiertas2025_upla_valparaiso-940x1024.jpg 940w, https:\/\/upla.cl\/noticias\/wp-content\/uploads\/2025\/09\/puertasabiertas2025_upla_valparaiso-138x150.jpg 138w, https:\/\/upla.cl\/noticias\/wp-content\/uploads\/2025\/09\/puertasabiertas2025_upla_valparaiso-768x836.jpg 768w\" sizes=\"auto, (max-width: 350px) 100vw, 350px\" \/><\/a>Conocer la <strong>oferta acad\u00e9mica de la Universidad de Playa Ancha<\/strong> desde la experiencia de sus propios estudiantes y docentes, es la invitaci\u00f3n que hace la Direcci\u00f3n de Selecci\u00f3n y Admisi\u00f3n de Alumnos al <strong>Puertas Abiertas 2025<\/strong>.<\/p>\n<p>Dicha actividad se realizar\u00e1 el <strong>martes 14 de octubre, entre las 10 y 13 horas<\/strong>, y cuyo punto de encuentro ser\u00e1 la Casa Central, ubicada en <strong>Av. Playa Ancha 850, Valpara\u00edso<\/strong>.<\/p>\n<p>Ser\u00e1 una instancia para que escolares de tercero y cuarto a\u00f1o medio -de diversos establecimientos educacionales de la Regi\u00f3n de Valpara\u00edso- puedan visitar nuestras dependencias y conocer el sello distintivo de las carreras pedag\u00f3gicas o profesionales como <a href=\"https:\/\/www.upla.cl\/admision\/carreras-profesionales\/facultad-de-arte\/dibujante-proyectista\/\">Dibujante Proyectista<\/a>, <a href=\"https:\/\/www.upla.cl\/admision\/carreras-profesionales\/facultad-de-ciencias-naturales-y-exactas\/geografia\/\">Geograf\u00eda<\/a>, <a href=\"https:\/\/www.upla.cl\/admision\/carreras-profesionales\/facultad-de-ingenieria\/ingenieria-civil-ambiental\/\">Ingenier\u00eda Civil Ambiental<\/a>, <a href=\"https:\/\/www.upla.cl\/admision\/carreras-profesionales\/facultad-de-ciencias-sociales\/sociologia\/\">Sociolog\u00eda<\/a> y <a href=\"https:\/\/www.upla.cl\/admision\/carreras-profesionales\/facultad-de-arte\/teatro\/\">Teatro<\/a>, entre muchas otras.<\/p>\n<figure id=\"attachment_177788\" aria-describedby=\"caption-attachment-177788\" style=\"width: 350px\" class=\"wp-caption alignright\"><a href=\"https:\/\/www.upla.cl\/noticias\/wp-content\/uploads\/2024\/10\/puertasabiertas5-3-scaled.jpg\"><img loading=\"lazy\" decoding=\"async\" class=\" wp-image-177788\" src=\"https:\/\/www.upla.cl\/noticias\/wp-content\/uploads\/2024\/10\/puertasabiertas5-3-scaled.jpg\" alt=\"\" width=\"350\" height=\"219\" srcset=\"https:\/\/upla.cl\/noticias\/wp-content\/uploads\/2024\/10\/puertasabiertas5-3-scaled.jpg 2560w, https:\/\/upla.cl\/noticias\/wp-content\/uploads\/2024\/10\/puertasabiertas5-3-300x188.jpg 300w, https:\/\/upla.cl\/noticias\/wp-content\/uploads\/2024\/10\/puertasabiertas5-3-1024x640.jpg 1024w, https:\/\/upla.cl\/noticias\/wp-content\/uploads\/2024\/10\/puertasabiertas5-3-150x94.jpg 150w, https:\/\/upla.cl\/noticias\/wp-content\/uploads\/2024\/10\/puertasabiertas5-3-768x480.jpg 768w, https:\/\/upla.cl\/noticias\/wp-content\/uploads\/2024\/10\/puertasabiertas5-3-1536x960.jpg 1536w, https:\/\/upla.cl\/noticias\/wp-content\/uploads\/2024\/10\/puertasabiertas5-3-2048x1280.jpg 2048w\" sizes=\"auto, (max-width: 350px) 100vw, 350px\" \/><\/a><figcaption id=\"caption-attachment-177788\" class=\"wp-caption-text\">Puertas Abiertas UPLA 2024<\/figcaption><\/figure>\n<p>Cabe destacar, que gran parte de las carreras de pregrado profesional y t\u00e9cnico que imparte la UPLA han sido redise\u00f1adas recientemente, con la finalidad que su perfil de egreso y su plan de estudio tenga directa relaci\u00f3n con las necesidades actuales de la sociedad y del mundo laboral en disciplinas vinculadas a educaci\u00f3n, ciencias naturales y exactas, ciencias sociales, ciencias de la salud, ciencias de la actividad f\u00edsica y del deporte, humanidades, arte, tecnolog\u00edas e ingenier\u00eda.<\/p>\n<div class=\"mceTemp\"><\/div>\n<p>A ello se suma la acreditaci\u00f3n institucional, Nivel Avanzado, en Docencia de Pregrado, Gesti\u00f3n Institucional y Vinculaci\u00f3n con el Medio hasta mayo de 2027, que garantiza el acceso a beneficios estatales como la gratuidad.<\/p>\n<h4><strong>\u00bfCon qu\u00e9 se encontrar\u00e1n?<\/strong><\/h4>\n<figure id=\"attachment_177786\" aria-describedby=\"caption-attachment-177786\" style=\"width: 350px\" class=\"wp-caption alignright\"><a href=\"https:\/\/www.upla.cl\/noticias\/wp-content\/uploads\/2024\/10\/puertasabiertas3-1-scaled.jpg\"><img loading=\"lazy\" decoding=\"async\" class=\" wp-image-177786\" src=\"https:\/\/www.upla.cl\/noticias\/wp-content\/uploads\/2024\/10\/puertasabiertas3-1-scaled.jpg\" alt=\"\" width=\"350\" height=\"219\" srcset=\"https:\/\/upla.cl\/noticias\/wp-content\/uploads\/2024\/10\/puertasabiertas3-1-scaled.jpg 2560w, https:\/\/upla.cl\/noticias\/wp-content\/uploads\/2024\/10\/puertasabiertas3-1-300x188.jpg 300w, https:\/\/upla.cl\/noticias\/wp-content\/uploads\/2024\/10\/puertasabiertas3-1-1024x640.jpg 1024w, https:\/\/upla.cl\/noticias\/wp-content\/uploads\/2024\/10\/puertasabiertas3-1-150x94.jpg 150w, https:\/\/upla.cl\/noticias\/wp-content\/uploads\/2024\/10\/puertasabiertas3-1-768x480.jpg 768w, https:\/\/upla.cl\/noticias\/wp-content\/uploads\/2024\/10\/puertasabiertas3-1-1536x960.jpg 1536w, https:\/\/upla.cl\/noticias\/wp-content\/uploads\/2024\/10\/puertasabiertas3-1-2048x1280.jpg 2048w\" sizes=\"auto, (max-width: 350px) 100vw, 350px\" \/><\/a><figcaption id=\"caption-attachment-177786\" class=\"wp-caption-text\">Puertas Abiertas UPLA 2024<\/figcaption><\/figure>\n<p>\u201cHemos organizado una serie de actividades en torno a nuestra oferta acad\u00e9mica y extracurricular junto con diversas muestras art\u00edsticas y deportivas, que se focalizar\u00e1n en el gimnasio central de la Universidad y sus alrededores. Adem\u00e1s, estaremos disponibles para responder todo tipo de consultas y entregar informaci\u00f3n sobre el proceso de Admisi\u00f3n 2026\u201d, adelant\u00f3 la <strong>directora de la Selecci\u00f3n y Admisi\u00f3n de Alumnos de la UPLA, Claudia Valenzuela Mateluna<\/strong>.<\/p>\n<p>Quienes no puedan asistir, el equipo de Admisi\u00f3n est\u00e1 disponible para realizar recorridos espec\u00edficos en nuestras dependencias o responder consultas sobre v\u00edas de ingreso especial, requisitos, becas y m\u00e1s, escribiendo al correo electr\u00f3nico <a href=\"mailto:%20admision@upla.cl\">admision@upla.cl<\/a> o en sus redes sociales, a trav\u00e9s de la cuenta: <strong>admisionupla<\/strong> en <a href=\"https:\/\/www.tiktok.com\/@admisionupla\" target=\"_blank\" rel=\"noopener\">TikTok<\/a> e <a href=\"https:\/\/www.instagram.com\/admisionupla\/\" target=\"_blank\" rel=\"noopener\">Instagram<\/a>.<\/p>\n<p>Les recordamos que toda nuestra oferta acad\u00e9mica est\u00e1 en <strong><a href=\"https:\/\/www.upla.cl\/admision\/\">upla.cl\/admision<\/a><\/strong><\/p>\n","protected":false},"excerpt":{"rendered":"<p>Dicha actividad se realizar\u00e1 el martes 14 de octubre, entre las 10 y 13 horas, y cuyo punto de encuentro ser\u00e1 la Casa Central, ubicada en Av. Playa Ancha 850, Valpara\u00edso. <\/p>\n","protected":false},"author":2,"featured_media":190065,"comment_status":"closed","ping_status":"open","sticky":false,"template":"","format":"standard","meta":{"footnotes":""},"categories":[40,51,96,212,50,101,97,71,72,73,74,75,76,77,78,98,83,725,91],"tags":[],"class_list":["post-190062","post","type-post","status-publish","format-standard","has-post-thumbnail","","category-destacados","category-academia","category-academicos","category-admision","category-agenda-de-eventos-destacados","category-docencia","category-estudiantes","category-facultad-de-arte","category-facultad-de-ciencias-actividad-fisica-y-deporte","category-facultad-de-ciencias-de-la-educacion","category-facultad-de-ciencias-de-la-salud","category-facultad-de-ciencias-naturales-y-exactas","category-facultad-de-ciencias-sociales","category-facultad-de-humanidades","category-facultad-de-ingenieria","category-gestion","category-instituto-tecnologico","category-pedagogia-en-educacion-fisica","category-vinculacion-con-el-medio"],"_links":{"self":[{"href":"https:\/\/upla.cl\/noticias\/wp-json\/wp\/v2\/posts\/190062","targetHints":{"allow":["GET"]}}],"collection":[{"href":"https:\/\/upla.cl\/noticias\/wp-json\/wp\/v2\/posts"}],"about":[{"href":"https:\/\/upla.cl\/noticias\/wp-json\/wp\/v2\/types\/post"}],"author":[{"embeddable":true,"href":"https:\/\/upla.cl\/noticias\/wp-json\/wp\/v2\/users\/2"}],"replies":[{"embeddable":true,"href":"https:\/\/upla.cl\/noticias\/wp-json\/wp\/v2\/comments?post=190062"}],"version-history":[{"count":0,"href":"https:\/\/upla.cl\/noticias\/wp-json\/wp\/v2\/posts\/190062\/revisions"}],"wp:featuredmedia":[{"embeddable":true,"href":"https:\/\/upla.cl\/noticias\/wp-json\/wp\/v2\/media\/190065"}],"wp:attachment":[{"href":"https:\/\/upla.cl\/noticias\/wp-json\/wp\/v2\/media?parent=190062"}],"wp:term":[{"taxonomy":"category","embeddable":true,"href":"https:\/\/upla.cl\/noticias\/wp-json\/wp\/v2\/categories?post=190062"},{"taxonomy":"post_tag","embeddable":true,"href":"https:\/\/upla.cl\/noticias\/wp-json\/wp\/v2\/tags?post=190062"}],"curies":[{"name":"wp","href":"https:\/\/api.w.org\/{rel}","templated":true}]}}