{"id":190078,"date":"2025-09-26T14:48:31","date_gmt":"2025-09-26T17:48:31","guid":{"rendered":"https:\/\/www.upla.cl\/noticias\/?p=190078"},"modified":"2025-09-26T14:48:31","modified_gmt":"2025-09-26T17:48:31","slug":"vocacion-de-cuidado-y-sello-publico-upla-invistio-a-38-estudiantes-de-enfermeria-promocion-2024","status":"publish","type":"post","link":"https:\/\/upla.cl\/noticias\/2025\/09\/26\/vocacion-de-cuidado-y-sello-publico-upla-invistio-a-38-estudiantes-de-enfermeria-promocion-2024\/","title":{"rendered":"Vocaci\u00f3n de cuidado y sello p\u00fablico: UPLA invisti\u00f3 a 38 estudiantes de Enfermer\u00eda promoci\u00f3n 2024"},"content":{"rendered":"<p><a href=\"https:\/\/www.upla.cl\/noticias\/wp-content\/uploads\/2025\/09\/Investidura-Enfermeri\u0301a-1.jpeg\"><img loading=\"lazy\" decoding=\"async\" class=\"alignleft size-medium wp-image-190085\" src=\"https:\/\/www.upla.cl\/noticias\/wp-content\/uploads\/2025\/09\/Investidura-Enfermeri\u0301a-1-300x200.jpeg\" alt=\"\" width=\"300\" height=\"200\" srcset=\"https:\/\/upla.cl\/noticias\/wp-content\/uploads\/2025\/09\/Investidura-Enfermeri\u0301a-1-300x200.jpeg 300w, https:\/\/upla.cl\/noticias\/wp-content\/uploads\/2025\/09\/Investidura-Enfermeri\u0301a-1-1024x683.jpeg 1024w, https:\/\/upla.cl\/noticias\/wp-content\/uploads\/2025\/09\/Investidura-Enfermeri\u0301a-1-150x100.jpeg 150w, https:\/\/upla.cl\/noticias\/wp-content\/uploads\/2025\/09\/Investidura-Enfermeri\u0301a-1-768x512.jpeg 768w, https:\/\/upla.cl\/noticias\/wp-content\/uploads\/2025\/09\/Investidura-Enfermeri\u0301a-1-1536x1025.jpeg 1536w, https:\/\/upla.cl\/noticias\/wp-content\/uploads\/2025\/09\/Investidura-Enfermeri\u0301a-1.jpeg 1920w\" sizes=\"auto, (max-width: 300px) 100vw, 300px\" \/><\/a>Un emotivo acto de investidura se celebr\u00f3 en la <strong>Universidad de Playa Ancha (UPLA)<\/strong>, el cual marc\u00f3 un hito significativo en la trayectoria acad\u00e9mica de 38 estudiantes de la carrera de <a href=\"https:\/\/www.upla.cl\/admision\/carreras-profesionales\/facultad-de-ciencias-de-la-salud\/enfermeria\/\">Enfermer\u00eda<\/a>, promoci\u00f3n 2024. La ceremonia, presidida por la <strong>decana de la Facultad de Ciencias de la Salud, Dra. Luzmarina Silva Concha, la directora de la carrera, enfermera\/matrona Claudia Fuentes Le\u00f3n<\/strong>, y otras autoridades, simboliz\u00f3 la transici\u00f3n de los j\u00f3venes a la etapa de pr\u00e1cticas cl\u00ednicas, un paso crucial que subraya el compromiso de la casa de estudios con la formaci\u00f3n de profesionales bajo un sello de desarrollo y bien com\u00fan.<\/p>\n<p><a href=\"https:\/\/www.upla.cl\/noticias\/wp-content\/uploads\/2025\/09\/Decana-Luzmarina-Silva-scaled.jpeg\"><img loading=\"lazy\" decoding=\"async\" class=\"alignright wp-image-190086\" src=\"https:\/\/www.upla.cl\/noticias\/wp-content\/uploads\/2025\/09\/Decana-Luzmarina-Silva-300x242.jpeg\" alt=\"\" width=\"249\" height=\"201\" srcset=\"https:\/\/upla.cl\/noticias\/wp-content\/uploads\/2025\/09\/Decana-Luzmarina-Silva-300x242.jpeg 300w, https:\/\/upla.cl\/noticias\/wp-content\/uploads\/2025\/09\/Decana-Luzmarina-Silva-1024x826.jpeg 1024w, https:\/\/upla.cl\/noticias\/wp-content\/uploads\/2025\/09\/Decana-Luzmarina-Silva-150x121.jpeg 150w, https:\/\/upla.cl\/noticias\/wp-content\/uploads\/2025\/09\/Decana-Luzmarina-Silva-768x620.jpeg 768w, https:\/\/upla.cl\/noticias\/wp-content\/uploads\/2025\/09\/Decana-Luzmarina-Silva-1536x1239.jpeg 1536w, https:\/\/upla.cl\/noticias\/wp-content\/uploads\/2025\/09\/Decana-Luzmarina-Silva-2048x1652.jpeg 2048w\" sizes=\"auto, (max-width: 249px) 100vw, 249px\" \/><\/a>Durante su intervenci\u00f3n, la decana enfatiz\u00f3 que la Enfermer\u00eda trasciende la profesi\u00f3n para ser una vocaci\u00f3n, describi\u00e9ndola como el arte de cuidar con compasi\u00f3n y de ser un \u00abfaro de esperanza\u00bb en los momentos de mayor dificultad. La autoridad acad\u00e9mica record\u00f3 a los investidos el privilegio y la responsabilidad de portar el uniforme institucional con el logo UPLA, el cual los convierte en embajadores de la instituci\u00f3n y sus valores, testigos de la fragilidad humana y defensores de quienes m\u00e1s lo necesitan.<\/p>\n<p>\u00abLa Enfermer\u00eda no es solo una profesi\u00f3n, es una vocaci\u00f3n. Es el arte de cuidar con compasi\u00f3n, de ser un faro de esperanza cuando todo parece oscuro. Al usar el uniforme UPLA, ustedes se convierten en embajadores de nuestros valores, asumiendo el privilegio de ser defensores de quienes m\u00e1s lo necesitan\u00bb, sostuvo la decana.<\/p>\n<p>Este mensaje fue reforzado por la <strong>directora de carrera, Claudia Fuentes,<\/strong> y otros oradores, quienes destacaron que el uniforme azul no es simplemente una vestimenta, sino un poderoso s\u00edmbolo de conocimiento, alivio y humanidad para pacientes y familiares. La directora tambi\u00e9n resalt\u00f3 el s\u00edmbolo de la luz \u2014asociado a la sabidur\u00eda y la esperanza\u2014 como la gu\u00eda que deben ser los futuros profesionales en la oscuridad de la enfermedad. La invitaci\u00f3n fue clara: \u00abLos llamo a personificar los valores y principios \u00e9ticos de la profesi\u00f3n, como la compasi\u00f3n, la honestidad y la calidez en el trato\u00bb, recalc\u00f3 la directora.<\/p>\n<p>Desde la perspectiva estudiantil,<strong> Lukas Rojas Rojas, vicepresidente del Centro de Estudiantes,<\/strong> celebr\u00f3 el recibimiento del uniforme como un s\u00edmbolo de confianza, respeto y el compromiso inherente a la vocaci\u00f3n de cuidar. Su discurso reconoci\u00f3 el arduo camino recorrido, pero alert\u00f3 sobre el nuevo desaf\u00edo: dejar atr\u00e1s los ejercicios te\u00f3ricos para interactuar con personas con una historia, miedos y esperanzas. Inst\u00f3 a sus compa\u00f1eros a complementar la aplicaci\u00f3n de t\u00e9cnicas con la entrega de humanidad, escucha, empat\u00eda y respeto para construir un futuro mejor para la salud del pa\u00eds.<\/p>\n<p><strong>Compromiso solemne<\/strong><\/p>\n<p><a href=\"https:\/\/www.upla.cl\/noticias\/wp-content\/uploads\/2025\/09\/Investidura-Enfermeri\u0301a-2.jpeg\"><img loading=\"lazy\" decoding=\"async\" class=\"alignright size-medium wp-image-190087\" src=\"https:\/\/www.upla.cl\/noticias\/wp-content\/uploads\/2025\/09\/Investidura-Enfermeri\u0301a-2-300x200.jpeg\" alt=\"\" width=\"300\" height=\"200\" srcset=\"https:\/\/upla.cl\/noticias\/wp-content\/uploads\/2025\/09\/Investidura-Enfermeri\u0301a-2-300x200.jpeg 300w, https:\/\/upla.cl\/noticias\/wp-content\/uploads\/2025\/09\/Investidura-Enfermeri\u0301a-2-1024x683.jpeg 1024w, https:\/\/upla.cl\/noticias\/wp-content\/uploads\/2025\/09\/Investidura-Enfermeri\u0301a-2-150x100.jpeg 150w, https:\/\/upla.cl\/noticias\/wp-content\/uploads\/2025\/09\/Investidura-Enfermeri\u0301a-2-768x512.jpeg 768w, https:\/\/upla.cl\/noticias\/wp-content\/uploads\/2025\/09\/Investidura-Enfermeri\u0301a-2-1536x1025.jpeg 1536w, https:\/\/upla.cl\/noticias\/wp-content\/uploads\/2025\/09\/Investidura-Enfermeri\u0301a-2.jpeg 1920w\" sizes=\"auto, (max-width: 300px) 100vw, 300px\" \/><\/a>La ceremonia alcanz\u00f3 su punto c\u00falmine con el compromiso solemne tomado por los 38 estudiantes ante la directora de carrera, un juramento que sella su dedicaci\u00f3n. Posteriormente, en representaci\u00f3n de sus compa\u00f1eros, la <strong>estudiante Vitalia Pinilla Ortega<\/strong> dirigi\u00f3 unas palabras, enfocadas en el inicio del camino al cuidado y protecci\u00f3n de los usuarios. Pinilla Ortega subray\u00f3 el deber de mantener la integridad y de practicar la honestidad, la empat\u00eda y la confianza en la atenci\u00f3n, citando la m\u00e1xima que caracteriza el actuar de la Enfermer\u00eda: \u00abSi puedes curar, cura. Si no puedes curar, alivia. Si no puedes aliviar, consuela. Y si no puedes consolar, acompa\u00f1a\u00bb.<\/p>\n<p>Finalmente, la <strong>Universidad de Playa Ancha<\/strong> reafirm\u00f3 su compromiso con la educaci\u00f3n p\u00fablica y estatal, centrando sus principios en la dignidad de las personas, la equidad e igualdad, y la oportunidad de concretar sue\u00f1os. Con la entrega de un recuerdo simb\u00f3lico, los 38 estudiantes de Enfermer\u00eda, promoci\u00f3n 2024, fueron declarados oficialmente investidos, asumiendo una profunda responsabilidad y la confianza de que se convertir\u00e1n en verdaderos agentes de cambio en el sector de la salud.<\/p>\n<div id='gallery-1' class='gallery galleryid-190078 gallery-columns-3 gallery-size-thumbnail'><figure class='gallery-item'>\n\t\t\t<div class='gallery-icon landscape'>\n\t\t\t\t<a href='https:\/\/upla.cl\/noticias\/wp-content\/uploads\/2025\/09\/Asistentes-Investidura-Enfermeri\u0301a.jpeg'><img loading=\"lazy\" decoding=\"async\" width=\"150\" height=\"100\" src=\"https:\/\/upla.cl\/noticias\/wp-content\/uploads\/2025\/09\/Asistentes-Investidura-Enfermeri\u0301a-150x100.jpeg\" class=\"attachment-thumbnail size-thumbnail\" alt=\"\" srcset=\"https:\/\/upla.cl\/noticias\/wp-content\/uploads\/2025\/09\/Asistentes-Investidura-Enfermeri\u0301a-150x100.jpeg 150w, https:\/\/upla.cl\/noticias\/wp-content\/uploads\/2025\/09\/Asistentes-Investidura-Enfermeri\u0301a-300x200.jpeg 300w, https:\/\/upla.cl\/noticias\/wp-content\/uploads\/2025\/09\/Asistentes-Investidura-Enfermeri\u0301a-1024x683.jpeg 1024w, https:\/\/upla.cl\/noticias\/wp-content\/uploads\/2025\/09\/Asistentes-Investidura-Enfermeri\u0301a-768x512.jpeg 768w, https:\/\/upla.cl\/noticias\/wp-content\/uploads\/2025\/09\/Asistentes-Investidura-Enfermeri\u0301a-1536x1025.jpeg 1536w, https:\/\/upla.cl\/noticias\/wp-content\/uploads\/2025\/09\/Asistentes-Investidura-Enfermeri\u0301a-310x205.jpeg 310w, https:\/\/upla.cl\/noticias\/wp-content\/uploads\/2025\/09\/Asistentes-Investidura-Enfermeri\u0301a.jpeg 1920w\" sizes=\"auto, (max-width: 150px) 100vw, 150px\" \/><\/a>\n\t\t\t<\/div><\/figure><figure class='gallery-item'>\n\t\t\t<div class='gallery-icon landscape'>\n\t\t\t\t<a href='https:\/\/upla.cl\/noticias\/wp-content\/uploads\/2025\/09\/CLaudia-Fuentes.jpeg'><img loading=\"lazy\" decoding=\"async\" width=\"150\" height=\"128\" src=\"https:\/\/upla.cl\/noticias\/wp-content\/uploads\/2025\/09\/CLaudia-Fuentes-150x128.jpeg\" class=\"attachment-thumbnail size-thumbnail\" alt=\"\" aria-describedby=\"gallery-1-190089\" srcset=\"https:\/\/upla.cl\/noticias\/wp-content\/uploads\/2025\/09\/CLaudia-Fuentes-150x128.jpeg 150w, https:\/\/upla.cl\/noticias\/wp-content\/uploads\/2025\/09\/CLaudia-Fuentes-300x257.jpeg 300w, https:\/\/upla.cl\/noticias\/wp-content\/uploads\/2025\/09\/CLaudia-Fuentes-1024x876.jpeg 1024w, https:\/\/upla.cl\/noticias\/wp-content\/uploads\/2025\/09\/CLaudia-Fuentes-768x657.jpeg 768w, https:\/\/upla.cl\/noticias\/wp-content\/uploads\/2025\/09\/CLaudia-Fuentes-1536x1314.jpeg 1536w, https:\/\/upla.cl\/noticias\/wp-content\/uploads\/2025\/09\/CLaudia-Fuentes.jpeg 1920w\" sizes=\"auto, (max-width: 150px) 100vw, 150px\" \/><\/a>\n\t\t\t<\/div>\n\t\t\t\t<figcaption class='wp-caption-text gallery-caption' id='gallery-1-190089'>\n\t\t\t\tClaudia Fuentes, directora.\n\t\t\t\t<\/figcaption><\/figure><figure class='gallery-item'>\n\t\t\t<div class='gallery-icon landscape'>\n\t\t\t\t<a href='https:\/\/upla.cl\/noticias\/wp-content\/uploads\/2025\/09\/Investidura-3.jpeg'><img loading=\"lazy\" decoding=\"async\" width=\"150\" height=\"100\" src=\"https:\/\/upla.cl\/noticias\/wp-content\/uploads\/2025\/09\/Investidura-3-150x100.jpeg\" class=\"attachment-thumbnail size-thumbnail\" alt=\"\" srcset=\"https:\/\/upla.cl\/noticias\/wp-content\/uploads\/2025\/09\/Investidura-3-150x100.jpeg 150w, https:\/\/upla.cl\/noticias\/wp-content\/uploads\/2025\/09\/Investidura-3-300x200.jpeg 300w, https:\/\/upla.cl\/noticias\/wp-content\/uploads\/2025\/09\/Investidura-3-1024x683.jpeg 1024w, https:\/\/upla.cl\/noticias\/wp-content\/uploads\/2025\/09\/Investidura-3-768x512.jpeg 768w, https:\/\/upla.cl\/noticias\/wp-content\/uploads\/2025\/09\/Investidura-3-1536x1025.jpeg 1536w, https:\/\/upla.cl\/noticias\/wp-content\/uploads\/2025\/09\/Investidura-3-310x205.jpeg 310w, https:\/\/upla.cl\/noticias\/wp-content\/uploads\/2025\/09\/Investidura-3.jpeg 1920w\" sizes=\"auto, (max-width: 150px) 100vw, 150px\" \/><\/a>\n\t\t\t<\/div><\/figure><figure class='gallery-item'>\n\t\t\t<div class='gallery-icon landscape'>\n\t\t\t\t<a href='https:\/\/upla.cl\/noticias\/wp-content\/uploads\/2025\/09\/Investidura-4.jpeg'><img loading=\"lazy\" decoding=\"async\" width=\"150\" height=\"100\" src=\"https:\/\/upla.cl\/noticias\/wp-content\/uploads\/2025\/09\/Investidura-4-150x100.jpeg\" class=\"attachment-thumbnail size-thumbnail\" alt=\"\" srcset=\"https:\/\/upla.cl\/noticias\/wp-content\/uploads\/2025\/09\/Investidura-4-150x100.jpeg 150w, https:\/\/upla.cl\/noticias\/wp-content\/uploads\/2025\/09\/Investidura-4-300x200.jpeg 300w, https:\/\/upla.cl\/noticias\/wp-content\/uploads\/2025\/09\/Investidura-4-1024x683.jpeg 1024w, https:\/\/upla.cl\/noticias\/wp-content\/uploads\/2025\/09\/Investidura-4-768x512.jpeg 768w, https:\/\/upla.cl\/noticias\/wp-content\/uploads\/2025\/09\/Investidura-4-1536x1025.jpeg 1536w, https:\/\/upla.cl\/noticias\/wp-content\/uploads\/2025\/09\/Investidura-4-310x205.jpeg 310w, https:\/\/upla.cl\/noticias\/wp-content\/uploads\/2025\/09\/Investidura-4.jpeg 1920w\" sizes=\"auto, (max-width: 150px) 100vw, 150px\" \/><\/a>\n\t\t\t<\/div><\/figure><figure class='gallery-item'>\n\t\t\t<div class='gallery-icon landscape'>\n\t\t\t\t<a href='https:\/\/upla.cl\/noticias\/wp-content\/uploads\/2025\/09\/Investidura-5.jpeg'><img loading=\"lazy\" decoding=\"async\" width=\"150\" height=\"100\" src=\"https:\/\/upla.cl\/noticias\/wp-content\/uploads\/2025\/09\/Investidura-5-150x100.jpeg\" class=\"attachment-thumbnail size-thumbnail\" alt=\"\" srcset=\"https:\/\/upla.cl\/noticias\/wp-content\/uploads\/2025\/09\/Investidura-5-150x100.jpeg 150w, https:\/\/upla.cl\/noticias\/wp-content\/uploads\/2025\/09\/Investidura-5-300x200.jpeg 300w, https:\/\/upla.cl\/noticias\/wp-content\/uploads\/2025\/09\/Investidura-5-1024x683.jpeg 1024w, https:\/\/upla.cl\/noticias\/wp-content\/uploads\/2025\/09\/Investidura-5-768x512.jpeg 768w, https:\/\/upla.cl\/noticias\/wp-content\/uploads\/2025\/09\/Investidura-5-1536x1025.jpeg 1536w, https:\/\/upla.cl\/noticias\/wp-content\/uploads\/2025\/09\/Investidura-5-310x205.jpeg 310w, https:\/\/upla.cl\/noticias\/wp-content\/uploads\/2025\/09\/Investidura-5.jpeg 1920w\" sizes=\"auto, (max-width: 150px) 100vw, 150px\" \/><\/a>\n\t\t\t<\/div><\/figure><figure class='gallery-item'>\n\t\t\t<div class='gallery-icon landscape'>\n\t\t\t\t<a href='https:\/\/upla.cl\/noticias\/wp-content\/uploads\/2025\/09\/Investidura-6.jpeg'><img loading=\"lazy\" decoding=\"async\" width=\"150\" height=\"100\" src=\"https:\/\/upla.cl\/noticias\/wp-content\/uploads\/2025\/09\/Investidura-6-150x100.jpeg\" class=\"attachment-thumbnail size-thumbnail\" alt=\"\" srcset=\"https:\/\/upla.cl\/noticias\/wp-content\/uploads\/2025\/09\/Investidura-6-150x100.jpeg 150w, https:\/\/upla.cl\/noticias\/wp-content\/uploads\/2025\/09\/Investidura-6-300x200.jpeg 300w, https:\/\/upla.cl\/noticias\/wp-content\/uploads\/2025\/09\/Investidura-6-1024x683.jpeg 1024w, https:\/\/upla.cl\/noticias\/wp-content\/uploads\/2025\/09\/Investidura-6-768x512.jpeg 768w, https:\/\/upla.cl\/noticias\/wp-content\/uploads\/2025\/09\/Investidura-6-1536x1025.jpeg 1536w, https:\/\/upla.cl\/noticias\/wp-content\/uploads\/2025\/09\/Investidura-6-310x205.jpeg 310w, https:\/\/upla.cl\/noticias\/wp-content\/uploads\/2025\/09\/Investidura-6.jpeg 1920w\" sizes=\"auto, (max-width: 150px) 100vw, 150px\" \/><\/a>\n\t\t\t<\/div><\/figure><figure class='gallery-item'>\n\t\t\t<div class='gallery-icon landscape'>\n\t\t\t\t<a href='https:\/\/upla.cl\/noticias\/wp-content\/uploads\/2025\/09\/Investidura-7.jpeg'><img loading=\"lazy\" decoding=\"async\" width=\"150\" height=\"100\" src=\"https:\/\/upla.cl\/noticias\/wp-content\/uploads\/2025\/09\/Investidura-7-150x100.jpeg\" class=\"attachment-thumbnail size-thumbnail\" alt=\"\" srcset=\"https:\/\/upla.cl\/noticias\/wp-content\/uploads\/2025\/09\/Investidura-7-150x100.jpeg 150w, https:\/\/upla.cl\/noticias\/wp-content\/uploads\/2025\/09\/Investidura-7-300x200.jpeg 300w, https:\/\/upla.cl\/noticias\/wp-content\/uploads\/2025\/09\/Investidura-7-1024x683.jpeg 1024w, https:\/\/upla.cl\/noticias\/wp-content\/uploads\/2025\/09\/Investidura-7-768x512.jpeg 768w, https:\/\/upla.cl\/noticias\/wp-content\/uploads\/2025\/09\/Investidura-7-1536x1025.jpeg 1536w, https:\/\/upla.cl\/noticias\/wp-content\/uploads\/2025\/09\/Investidura-7-310x205.jpeg 310w, https:\/\/upla.cl\/noticias\/wp-content\/uploads\/2025\/09\/Investidura-7.jpeg 1920w\" sizes=\"auto, (max-width: 150px) 100vw, 150px\" \/><\/a>\n\t\t\t<\/div><\/figure><figure class='gallery-item'>\n\t\t\t<div class='gallery-icon landscape'>\n\t\t\t\t<a href='https:\/\/upla.cl\/noticias\/wp-content\/uploads\/2025\/09\/Investidura-Enfermeri\u0301a-1-1.jpeg'><img loading=\"lazy\" decoding=\"async\" width=\"150\" height=\"100\" src=\"https:\/\/upla.cl\/noticias\/wp-content\/uploads\/2025\/09\/Investidura-Enfermeri\u0301a-1-1-150x100.jpeg\" class=\"attachment-thumbnail size-thumbnail\" alt=\"\" srcset=\"https:\/\/upla.cl\/noticias\/wp-content\/uploads\/2025\/09\/Investidura-Enfermeri\u0301a-1-1-150x100.jpeg 150w, https:\/\/upla.cl\/noticias\/wp-content\/uploads\/2025\/09\/Investidura-Enfermeri\u0301a-1-1-300x200.jpeg 300w, https:\/\/upla.cl\/noticias\/wp-content\/uploads\/2025\/09\/Investidura-Enfermeri\u0301a-1-1-1024x683.jpeg 1024w, https:\/\/upla.cl\/noticias\/wp-content\/uploads\/2025\/09\/Investidura-Enfermeri\u0301a-1-1-768x512.jpeg 768w, https:\/\/upla.cl\/noticias\/wp-content\/uploads\/2025\/09\/Investidura-Enfermeri\u0301a-1-1-1536x1025.jpeg 1536w, https:\/\/upla.cl\/noticias\/wp-content\/uploads\/2025\/09\/Investidura-Enfermeri\u0301a-1-1-310x205.jpeg 310w, https:\/\/upla.cl\/noticias\/wp-content\/uploads\/2025\/09\/Investidura-Enfermeri\u0301a-1-1.jpeg 1920w\" sizes=\"auto, (max-width: 150px) 100vw, 150px\" \/><\/a>\n\t\t\t<\/div><\/figure><figure class='gallery-item'>\n\t\t\t<div class='gallery-icon landscape'>\n\t\t\t\t<a href='https:\/\/upla.cl\/noticias\/wp-content\/uploads\/2025\/09\/Investidura-Enfermeri\u0301a-2-1.jpeg'><img loading=\"lazy\" decoding=\"async\" width=\"150\" height=\"100\" src=\"https:\/\/upla.cl\/noticias\/wp-content\/uploads\/2025\/09\/Investidura-Enfermeri\u0301a-2-1-150x100.jpeg\" class=\"attachment-thumbnail size-thumbnail\" alt=\"\" srcset=\"https:\/\/upla.cl\/noticias\/wp-content\/uploads\/2025\/09\/Investidura-Enfermeri\u0301a-2-1-150x100.jpeg 150w, https:\/\/upla.cl\/noticias\/wp-content\/uploads\/2025\/09\/Investidura-Enfermeri\u0301a-2-1-300x200.jpeg 300w, https:\/\/upla.cl\/noticias\/wp-content\/uploads\/2025\/09\/Investidura-Enfermeri\u0301a-2-1-1024x683.jpeg 1024w, https:\/\/upla.cl\/noticias\/wp-content\/uploads\/2025\/09\/Investidura-Enfermeri\u0301a-2-1-768x512.jpeg 768w, https:\/\/upla.cl\/noticias\/wp-content\/uploads\/2025\/09\/Investidura-Enfermeri\u0301a-2-1-1536x1025.jpeg 1536w, https:\/\/upla.cl\/noticias\/wp-content\/uploads\/2025\/09\/Investidura-Enfermeri\u0301a-2-1-310x205.jpeg 310w, https:\/\/upla.cl\/noticias\/wp-content\/uploads\/2025\/09\/Investidura-Enfermeri\u0301a-2-1.jpeg 1920w\" sizes=\"auto, (max-width: 150px) 100vw, 150px\" \/><\/a>\n\t\t\t<\/div><\/figure><figure class='gallery-item'>\n\t\t\t<div class='gallery-icon landscape'>\n\t\t\t\t<a href='https:\/\/upla.cl\/noticias\/wp-content\/uploads\/2025\/09\/Investidura-Enfermeri\u0301a.jpeg'><img loading=\"lazy\" decoding=\"async\" width=\"150\" height=\"100\" src=\"https:\/\/upla.cl\/noticias\/wp-content\/uploads\/2025\/09\/Investidura-Enfermeri\u0301a-150x100.jpeg\" class=\"attachment-thumbnail size-thumbnail\" alt=\"\" srcset=\"https:\/\/upla.cl\/noticias\/wp-content\/uploads\/2025\/09\/Investidura-Enfermeri\u0301a-150x100.jpeg 150w, https:\/\/upla.cl\/noticias\/wp-content\/uploads\/2025\/09\/Investidura-Enfermeri\u0301a-300x200.jpeg 300w, https:\/\/upla.cl\/noticias\/wp-content\/uploads\/2025\/09\/Investidura-Enfermeri\u0301a-1024x683.jpeg 1024w, https:\/\/upla.cl\/noticias\/wp-content\/uploads\/2025\/09\/Investidura-Enfermeri\u0301a-768x512.jpeg 768w, https:\/\/upla.cl\/noticias\/wp-content\/uploads\/2025\/09\/Investidura-Enfermeri\u0301a-1536x1025.jpeg 1536w, https:\/\/upla.cl\/noticias\/wp-content\/uploads\/2025\/09\/Investidura-Enfermeri\u0301a-310x205.jpeg 310w, https:\/\/upla.cl\/noticias\/wp-content\/uploads\/2025\/09\/Investidura-Enfermeri\u0301a.jpeg 1920w\" sizes=\"auto, (max-width: 150px) 100vw, 150px\" \/><\/a>\n\t\t\t<\/div><\/figure><figure class='gallery-item'>\n\t\t\t<div class='gallery-icon landscape'>\n\t\t\t\t<a href='https:\/\/upla.cl\/noticias\/wp-content\/uploads\/2025\/09\/Lukas-Rojas.jpeg'><img loading=\"lazy\" decoding=\"async\" width=\"150\" height=\"100\" src=\"https:\/\/upla.cl\/noticias\/wp-content\/uploads\/2025\/09\/Lukas-Rojas-150x100.jpeg\" class=\"attachment-thumbnail size-thumbnail\" alt=\"\" aria-describedby=\"gallery-1-190098\" srcset=\"https:\/\/upla.cl\/noticias\/wp-content\/uploads\/2025\/09\/Lukas-Rojas-150x100.jpeg 150w, https:\/\/upla.cl\/noticias\/wp-content\/uploads\/2025\/09\/Lukas-Rojas-300x200.jpeg 300w, https:\/\/upla.cl\/noticias\/wp-content\/uploads\/2025\/09\/Lukas-Rojas-1024x683.jpeg 1024w, https:\/\/upla.cl\/noticias\/wp-content\/uploads\/2025\/09\/Lukas-Rojas-768x512.jpeg 768w, https:\/\/upla.cl\/noticias\/wp-content\/uploads\/2025\/09\/Lukas-Rojas-1536x1025.jpeg 1536w, https:\/\/upla.cl\/noticias\/wp-content\/uploads\/2025\/09\/Lukas-Rojas-310x205.jpeg 310w, https:\/\/upla.cl\/noticias\/wp-content\/uploads\/2025\/09\/Lukas-Rojas.jpeg 1920w\" sizes=\"auto, (max-width: 150px) 100vw, 150px\" \/><\/a>\n\t\t\t<\/div>\n\t\t\t\t<figcaption class='wp-caption-text gallery-caption' id='gallery-1-190098'>\n\t\t\t\tLukas Rojas.\n\t\t\t\t<\/figcaption><\/figure><figure class='gallery-item'>\n\t\t\t<div class='gallery-icon landscape'>\n\t\t\t\t<a href='https:\/\/upla.cl\/noticias\/wp-content\/uploads\/2025\/09\/Vitalia-Pinilla-scaled.jpeg'><img loading=\"lazy\" decoding=\"async\" width=\"150\" height=\"124\" src=\"https:\/\/upla.cl\/noticias\/wp-content\/uploads\/2025\/09\/Vitalia-Pinilla-150x124.jpeg\" class=\"attachment-thumbnail size-thumbnail\" alt=\"\" aria-describedby=\"gallery-1-190099\" srcset=\"https:\/\/upla.cl\/noticias\/wp-content\/uploads\/2025\/09\/Vitalia-Pinilla-150x124.jpeg 150w, https:\/\/upla.cl\/noticias\/wp-content\/uploads\/2025\/09\/Vitalia-Pinilla-300x248.jpeg 300w, https:\/\/upla.cl\/noticias\/wp-content\/uploads\/2025\/09\/Vitalia-Pinilla-1024x846.jpeg 1024w, https:\/\/upla.cl\/noticias\/wp-content\/uploads\/2025\/09\/Vitalia-Pinilla-768x635.jpeg 768w, https:\/\/upla.cl\/noticias\/wp-content\/uploads\/2025\/09\/Vitalia-Pinilla-1536x1269.jpeg 1536w, https:\/\/upla.cl\/noticias\/wp-content\/uploads\/2025\/09\/Vitalia-Pinilla-2048x1692.jpeg 2048w\" sizes=\"auto, (max-width: 150px) 100vw, 150px\" \/><\/a>\n\t\t\t<\/div>\n\t\t\t\t<figcaption class='wp-caption-text gallery-caption' id='gallery-1-190099'>\n\t\t\t\tVitalia Pinilla.\n\t\t\t\t<\/figcaption><\/figure>\n\t\t<\/div>\n\n","protected":false},"excerpt":{"rendered":"<p>La ceremonia reafirm\u00f3 el sello de la UPLA en la formaci\u00f3n de profesionales orientados al bien. Se trata de un paso que simboliz\u00f3 su ingreso formal a las pr\u00e1cticas cl\u00ednicas.<\/p>\n","protected":false},"author":3,"featured_media":190097,"comment_status":"closed","ping_status":"open","sticky":false,"template":"","format":"standard","meta":{"footnotes":""},"categories":[51,96,40,101,97,74],"tags":[],"class_list":["post-190078","post","type-post","status-publish","format-standard","has-post-thumbnail","","category-academia","category-academicos","category-destacados","category-docencia","category-estudiantes","category-facultad-de-ciencias-de-la-salud"],"_links":{"self":[{"href":"https:\/\/upla.cl\/noticias\/wp-json\/wp\/v2\/posts\/190078","targetHints":{"allow":["GET"]}}],"collection":[{"href":"https:\/\/upla.cl\/noticias\/wp-json\/wp\/v2\/posts"}],"about":[{"href":"https:\/\/upla.cl\/noticias\/wp-json\/wp\/v2\/types\/post"}],"author":[{"embeddable":true,"href":"https:\/\/upla.cl\/noticias\/wp-json\/wp\/v2\/users\/3"}],"replies":[{"embeddable":true,"href":"https:\/\/upla.cl\/noticias\/wp-json\/wp\/v2\/comments?post=190078"}],"version-history":[{"count":0,"href":"https:\/\/upla.cl\/noticias\/wp-json\/wp\/v2\/posts\/190078\/revisions"}],"wp:featuredmedia":[{"embeddable":true,"href":"https:\/\/upla.cl\/noticias\/wp-json\/wp\/v2\/media\/190097"}],"wp:attachment":[{"href":"https:\/\/upla.cl\/noticias\/wp-json\/wp\/v2\/media?parent=190078"}],"wp:term":[{"taxonomy":"category","embeddable":true,"href":"https:\/\/upla.cl\/noticias\/wp-json\/wp\/v2\/categories?post=190078"},{"taxonomy":"post_tag","embeddable":true,"href":"https:\/\/upla.cl\/noticias\/wp-json\/wp\/v2\/tags?post=190078"}],"curies":[{"name":"wp","href":"https:\/\/api.w.org\/{rel}","templated":true}]}}