{"id":190426,"date":"2025-10-07T11:39:56","date_gmt":"2025-10-07T14:39:56","guid":{"rendered":"https:\/\/www.upla.cl\/noticias\/?p=190426"},"modified":"2025-10-07T11:39:56","modified_gmt":"2025-10-07T14:39:56","slug":"nueva-interfaz-dgvm-lanza-version-actualizada-del-sinte-vcm","status":"publish","type":"post","link":"https:\/\/upla.cl\/noticias\/2025\/10\/07\/nueva-interfaz-dgvm-lanza-version-actualizada-del-sinte-vcm\/","title":{"rendered":"Nueva interfaz: DGVM lanza versi\u00f3n actualizada del SINTE VcM"},"content":{"rendered":"<p><a href=\"https:\/\/www.upla.cl\/noticias\/wp-content\/uploads\/2025\/10\/actualizacion_sinte.jpg\"><img loading=\"lazy\" decoding=\"async\" class=\"aligncenter size-large wp-image-190428\" src=\"https:\/\/www.upla.cl\/noticias\/wp-content\/uploads\/2025\/10\/actualizacion_sinte-1024x575.jpg\" alt=\"\" width=\"618\" height=\"347\" srcset=\"https:\/\/upla.cl\/noticias\/wp-content\/uploads\/2025\/10\/actualizacion_sinte-1024x575.jpg 1024w, https:\/\/upla.cl\/noticias\/wp-content\/uploads\/2025\/10\/actualizacion_sinte-300x169.jpg 300w, https:\/\/upla.cl\/noticias\/wp-content\/uploads\/2025\/10\/actualizacion_sinte-150x84.jpg 150w, https:\/\/upla.cl\/noticias\/wp-content\/uploads\/2025\/10\/actualizacion_sinte-768x432.jpg 768w, https:\/\/upla.cl\/noticias\/wp-content\/uploads\/2025\/10\/actualizacion_sinte-1536x863.jpg 1536w, https:\/\/upla.cl\/noticias\/wp-content\/uploads\/2025\/10\/actualizacion_sinte.jpg 1920w\" sizes=\"auto, (max-width: 618px) 100vw, 618px\" \/><\/a><\/p>\n<p>En el marco de la Pol\u00edtica Institucional de Vinculaci\u00f3n con el Medio 2024, la Unidad de Aseguramiento para la Calidad de la Vinculaci\u00f3n con el Medio (UCVI) lanz\u00f3 la nueva versi\u00f3n del <strong>Sistema de Registro y Evaluaci\u00f3n de Acciones VcM (SINTE VcM)<\/strong>, que contempla una nueva interfaz para los formularios de registros y la correcci\u00f3n de problemas de usabilidad de la plataforma.<\/p>\n<p>La <strong>coordinadora de la UCVI, Romina Vilches Prado,<\/strong> explic\u00f3 que el proceso se realiz\u00f3 en conjunto con la Direcci\u00f3n General de Inform\u00e1tica para resguardar criterios de seguridad y protocolos establecidos. \u201cAdem\u00e1s, generamos instancias de participaci\u00f3n, tanto internas como tambi\u00e9n con acad\u00e9micos\/as y coordinadores\/as VcM, para tener una primera aproximaci\u00f3n respecto a las mejoras. Luego, fuimos validando la propuesta hasta llegar a su versi\u00f3n para el lanzamiento\u201d, sostuvo.<\/p>\n<p>La nueva versi\u00f3n del SINTE VcM est\u00e1 habilitada en el Portal Integrado Institucional para acad\u00e9micos\/as y funcionarios\/as que realizan acciones de vinculaci\u00f3n con el medio. Accediendo al aplicativo de la plataforma, podr\u00e1n encontrar los formularios de registros, la gesti\u00f3n de actividades VcM registradas anteriormente y los convenios de colaboraci\u00f3n nacional suscritos por la Universidad.<\/p>\n<p>Una de las principales novedades es la interfaz de la plataforma, m\u00e1s moderna e intuitiva para los usuarios y usuarias, como tambi\u00e9n la actualizaci\u00f3n de los campos y listas desplegables, y la posibilidad de guardar registros como borradores, determinar el grado de v\u00ednculos con actores territoriales y alinear las actividades VcM con instrumentos internos y externos.<\/p>\n<p>Las acciones registradas previamente a la actualizaci\u00f3n fueron migradas de manera interna por la unidad, actualiz\u00e1ndose los n\u00fameros de folio de cada registro. Desde la UCVI informan que las personas responsables de\u00a0cada iniciativa recibir\u00e1n correos con la notificaci\u00f3n de los nuevos folios, por lo que tambi\u00e9n se solicita la revisi\u00f3n y verificaci\u00f3n de cada registro.<\/p>\n<p><strong>Fabiola Vilugr\u00f3n Aravena, directora general de Vinculaci\u00f3n con el Medio<\/strong>, relev\u00f3 la importancia de esta plataforma para la Universidad, ya que facilita la trazabilidad, seguimiento y evaluaci\u00f3n de las acciones VcM desarrolladas.<\/p>\n<p><a href=\"https:\/\/www.upla.cl\/noticias\/wp-content\/uploads\/2025\/10\/SINTE-VCM_LOGO.png\"><img loading=\"lazy\" decoding=\"async\" class=\"alignright size-medium wp-image-190429\" src=\"https:\/\/www.upla.cl\/noticias\/wp-content\/uploads\/2025\/10\/SINTE-VCM_LOGO-300x300.png\" alt=\"\" width=\"300\" height=\"300\" srcset=\"https:\/\/upla.cl\/noticias\/wp-content\/uploads\/2025\/10\/SINTE-VCM_LOGO-300x300.png 300w, https:\/\/upla.cl\/noticias\/wp-content\/uploads\/2025\/10\/SINTE-VCM_LOGO-1024x1024.png 1024w, https:\/\/upla.cl\/noticias\/wp-content\/uploads\/2025\/10\/SINTE-VCM_LOGO-150x150.png 150w, https:\/\/upla.cl\/noticias\/wp-content\/uploads\/2025\/10\/SINTE-VCM_LOGO-768x768.png 768w, https:\/\/upla.cl\/noticias\/wp-content\/uploads\/2025\/10\/SINTE-VCM_LOGO.png 1080w\" sizes=\"auto, (max-width: 300px) 100vw, 300px\" \/><\/a>\u201cA trav\u00e9s de este registro, la Universidad podr\u00e1 analizar sus contribuciones internas y externas, identificar brechas, fortalecer la articulaci\u00f3n entre facultades y unidades, y generar evidencias verificables de su compromiso con el entorno. Esta informaci\u00f3n respalda los procesos de acreditaci\u00f3n y mejora continua, y demuestra de manera concreta el aporte de la Universidad al desarrollo local, regional y del pa\u00eds\u201d, afirm\u00f3 la directora.<\/p>\n<p>Las siguientes acciones que se realizar\u00e1n desde la UCVI se concentrar\u00e1n en la capacitaci\u00f3n de acad\u00e9micos\/as y funcionarios\/as \u201cpara fomentar el uso y apropiaci\u00f3n de la herramienta mediante talleres de capacitaci\u00f3n y asesor\u00edas personalizadas. Por otra parte, la plataforma continuar\u00e1 con ajustes para mejorar tanto la experiencia de usuarios\/as, corregir posibles errores y desarrollar apartados pendientes, como la grilla de actividades,emisi\u00f3n de constancias en l\u00ednea y la incorporaci\u00f3n de encuestas con paneles para visualizar indicadores de inter\u00e9s\u201d, adelant\u00f3 Romina Vilches.<\/p>\n<p>Para las personas interesadas en conocer a fondo el funcionamiento de esta nueva versi\u00f3n, la UCVI estar\u00e1 agendando asesor\u00edas presenciales y online a trav\u00e9s de este <a href=\"https:\/\/docs.google.com\/forms\/d\/e\/1FAIpQLSc5brIdIVtxQuRJxzmBSM5xneS49_AN-GvbjanaCRwwAmzJag\/viewform?pli=1\" target=\"_blank\" rel=\"noopener\"><strong>enlace de inscripci\u00f3n.<\/strong><\/a> Adem\u00e1s, en el <a href=\"https:\/\/upla.cl\/vinculacion\/\"><strong>sitio<\/strong><\/a> <a href=\"https:\/\/upla.cl\/vinculacion\/\"><strong>web de la DGVM<\/strong><\/a> se encuentra el material de apoyo de la plataforma.<\/p>\n<p>En caso de consultas sobre el uso de la herramienta, escribir al correo <strong>analisisyregistrovcm@upla.cl<\/strong>, mientras que la notificaci\u00f3n de errores debe realizarse, adjuntando una captura de pantalla, al <strong>correo ayudainformatica@upla.cl.<\/strong><\/p>\n<p><em>Fuente: Esteban Moreno Torres, periodista de la Direcci\u00f3n General de Vinculaci\u00f3n con el Medio de la UPLA.<\/em><\/p>\n","protected":false},"excerpt":{"rendered":"<p>La actualizaci\u00f3n se realiz\u00f3 junto con la Direcci\u00f3n General de Inform\u00e1tica y contempla una nueva interfaz para los formularios de registros y la correcci\u00f3n de problemas de usabilidad.<\/p>\n","protected":false},"author":10,"featured_media":190429,"comment_status":"closed","ping_status":"open","sticky":false,"template":"","format":"standard","meta":{"footnotes":""},"categories":[51,96,40,98,91],"tags":[],"class_list":["post-190426","post","type-post","status-publish","format-standard","has-post-thumbnail","","category-academia","category-academicos","category-destacados","category-gestion","category-vinculacion-con-el-medio"],"_links":{"self":[{"href":"https:\/\/upla.cl\/noticias\/wp-json\/wp\/v2\/posts\/190426","targetHints":{"allow":["GET"]}}],"collection":[{"href":"https:\/\/upla.cl\/noticias\/wp-json\/wp\/v2\/posts"}],"about":[{"href":"https:\/\/upla.cl\/noticias\/wp-json\/wp\/v2\/types\/post"}],"author":[{"embeddable":true,"href":"https:\/\/upla.cl\/noticias\/wp-json\/wp\/v2\/users\/10"}],"replies":[{"embeddable":true,"href":"https:\/\/upla.cl\/noticias\/wp-json\/wp\/v2\/comments?post=190426"}],"version-history":[{"count":0,"href":"https:\/\/upla.cl\/noticias\/wp-json\/wp\/v2\/posts\/190426\/revisions"}],"wp:featuredmedia":[{"embeddable":true,"href":"https:\/\/upla.cl\/noticias\/wp-json\/wp\/v2\/media\/190429"}],"wp:attachment":[{"href":"https:\/\/upla.cl\/noticias\/wp-json\/wp\/v2\/media?parent=190426"}],"wp:term":[{"taxonomy":"category","embeddable":true,"href":"https:\/\/upla.cl\/noticias\/wp-json\/wp\/v2\/categories?post=190426"},{"taxonomy":"post_tag","embeddable":true,"href":"https:\/\/upla.cl\/noticias\/wp-json\/wp\/v2\/tags?post=190426"}],"curies":[{"name":"wp","href":"https:\/\/api.w.org\/{rel}","templated":true}]}}