{"id":190493,"date":"2025-10-09T11:50:48","date_gmt":"2025-10-09T14:50:48","guid":{"rendered":"https:\/\/www.upla.cl\/noticias\/?p=190493"},"modified":"2025-10-09T11:50:48","modified_gmt":"2025-10-09T14:50:48","slug":"exposicion-unica-de-artes-mediales-expondran-integrantes-del-lb-arte-de-la-upla-en-hub-creativo-de-valparaiso","status":"publish","type":"post","link":"https:\/\/upla.cl\/noticias\/2025\/10\/09\/exposicion-unica-de-artes-mediales-expondran-integrantes-del-lb-arte-de-la-upla-en-hub-creativo-de-valparaiso\/","title":{"rendered":"Exposici\u00f3n \u00fanica de artes mediales expondr\u00e1n integrantes del L@b Arte de la UPLA en Hub Creativo de Valpara\u00edso"},"content":{"rendered":"<p><a href=\"https:\/\/www.upla.cl\/noticias\/wp-content\/uploads\/2025\/10\/Afiche-L@B1.jpg\"><img loading=\"lazy\" decoding=\"async\" class=\"alignright  wp-image-190495\" src=\"https:\/\/www.upla.cl\/noticias\/wp-content\/uploads\/2025\/10\/Afiche-L@B1.jpg\" alt=\"\" width=\"300\" height=\"376\" srcset=\"https:\/\/upla.cl\/noticias\/wp-content\/uploads\/2025\/10\/Afiche-L@B1.jpg 652w, https:\/\/upla.cl\/noticias\/wp-content\/uploads\/2025\/10\/Afiche-L@B1-239x300.jpg 239w, https:\/\/upla.cl\/noticias\/wp-content\/uploads\/2025\/10\/Afiche-L@B1-120x150.jpg 120w\" sizes=\"auto, (max-width: 300px) 100vw, 300px\" \/><\/a><strong>Entre las 16:00 y 20:00 horas del viernes 10 de octubre de 2025 el Hub Creativo de Valpara\u00edso expondr\u00e1 por \u00fanica vez la exposici\u00f3n de obras de artes mediales de las y los integrantes del L@b Arte de la Universidad de Playa Ancha<\/strong>, conglomerado que re\u00fane a estudiantes, egresadas (os) y licenciadas (os) de la carrera de Licenciatura en Arte de la Facultad de Arte de la UPLA.<\/p>\n<p><strong>Esta exposici\u00f3n colectiva propone distintas obras que abrazan los nuevos medios como formato de comunicaci\u00f3n art\u00edstica.<\/strong> Desde su primera concepci\u00f3n o naciendo desde lo tradicional e incorporando las nuevas tecnolog\u00edas para darle una nueva forma de articulaci\u00f3n y visualizaci\u00f3n art\u00edstica.<\/p>\n<p><strong>Invita a recorrer propuestas contemplativas, interactivas y perform\u00e1ticas, donde la virtualidad y los nuevos medios se entrelazan con las pr\u00e1cticas art\u00edsticas contempor\u00e1neas.<\/strong> Obras que nacen del cruce entre lo tradicional y lo tecnol\u00f3gico, generando nuevas formas de comunicaci\u00f3n, articulaci\u00f3n y visualizaci\u00f3n del arte actual.<\/p>\n<p><a href=\"https:\/\/www.upla.cl\/noticias\/wp-content\/uploads\/2025\/10\/Ursula-Betancur.jpg\"><img loading=\"lazy\" decoding=\"async\" class=\"alignright size-medium wp-image-190498\" src=\"https:\/\/www.upla.cl\/noticias\/wp-content\/uploads\/2025\/10\/Ursula-Betancur-300x197.jpg\" alt=\"\" width=\"300\" height=\"197\" srcset=\"https:\/\/upla.cl\/noticias\/wp-content\/uploads\/2025\/10\/Ursula-Betancur-300x197.jpg 300w, https:\/\/upla.cl\/noticias\/wp-content\/uploads\/2025\/10\/Ursula-Betancur-150x99.jpg 150w, https:\/\/upla.cl\/noticias\/wp-content\/uploads\/2025\/10\/Ursula-Betancur-768x505.jpg 768w, https:\/\/upla.cl\/noticias\/wp-content\/uploads\/2025\/10\/Ursula-Betancur-310x205.jpg 310w, https:\/\/upla.cl\/noticias\/wp-content\/uploads\/2025\/10\/Ursula-Betancur.jpg 1016w\" sizes=\"auto, (max-width: 300px) 100vw, 300px\" \/><\/a><strong>Ang\u00e9lica Quezada, gestora del proyecto,<\/strong> explic\u00f3 que <strong>\u201cesta exposici\u00f3n es un hito muy importante, ya que las obras de esta \u00e1rea como son las artes mediales, a pesar del nivel tecnol\u00f3gico que estamos experimentando incluso en el cotidiano, a\u00fan no tiene muchos espacios donde ser compartido, observado y vivenciado.<\/strong> Por lo que, sacar este tipo de obras de las instituciones tiene mucha riqueza tanto para nosotros como estudiantes, egresados y licenciados, al tener una ventana de nuestras obras como para la ciudadan\u00eda al aportar al escenario cultural. Desmitificar o demostrar que la tecnolog\u00eda puede ser un medio m\u00e1s de expresi\u00f3n humana y no solo con fines utilitarios\u201d.<\/p>\n<p>Asimismo, <strong>la estudiante de Licenciatura en Arte expres\u00f3 que esta exposici\u00f3n adem\u00e1s permite exponer al medio las distintas obras y planteamientos art\u00edsticos del conglomerado de estudiantes, egresadas (os) y licenciadas (os) de la carrera de Arte de la Universidad de Playa Ancha.<\/strong><\/p>\n<p><a href=\"https:\/\/www.upla.cl\/noticias\/wp-content\/uploads\/2025\/10\/Diego-Hadad.jpg\"><img loading=\"lazy\" decoding=\"async\" class=\"alignright size-medium wp-image-190499\" src=\"https:\/\/www.upla.cl\/noticias\/wp-content\/uploads\/2025\/10\/Diego-Hadad-300x216.jpg\" alt=\"\" width=\"300\" height=\"216\" srcset=\"https:\/\/upla.cl\/noticias\/wp-content\/uploads\/2025\/10\/Diego-Hadad-300x216.jpg 300w, https:\/\/upla.cl\/noticias\/wp-content\/uploads\/2025\/10\/Diego-Hadad-150x108.jpg 150w, https:\/\/upla.cl\/noticias\/wp-content\/uploads\/2025\/10\/Diego-Hadad.jpg 668w\" sizes=\"auto, (max-width: 300px) 100vw, 300px\" \/><\/a>La muestra de artes mediales <strong>puede ser presenciada, el viernes 10 de octubre, por cuatro horas, en el segundo piso del centro de investigaci\u00f3n Hub Creativo, ubicado en Condell 1477<\/strong> de Valpara\u00edso.<\/p>\n<p><strong>Participantes:<\/strong> Dangela Asmut Sandoval, \u00darsula Betancur, Vicente Caneo, Bel\u00e9n Escalona, Diego Hadad, Francisca de la Fuente, Cecilia Ojeda, Alondra \u00d3rdenes y Alejandra Villarroel.<\/p>\n<p><strong>M\u00e1s informaci\u00f3n en:<\/strong> Instagram <strong><a href=\"https:\/\/www.instagram.com\/lab.artesmediales\/\" target=\"_blank\" rel=\"noopener\">L@B Arte<\/a><\/strong> y <strong><a href=\"https:\/\/www.instagram.com\/hub.creativocl\/\" target=\"_blank\" rel=\"noopener\">Hub Creativo<\/a><\/strong><\/p>\n<p><strong>Hub Creativo<\/strong><br \/>\nEs un centro de investigaci\u00f3n, desarrollo e innovaci\u00f3n experimental para el ecosistema cultural y creativo de Chile y el mundo. Es un espacio de encuentro, reflexi\u00f3n y pr\u00e1ctica, donde se incuban y desarrollan contenidos, experiencias, productos y servicios, junto con procesos de formaci\u00f3n, emprendimiento, transferencia tecnolog\u00eda, creaci\u00f3n y exhibici\u00f3n interdisciplinar en el cruce entre arte, ciencia y tecnolog\u00eda.<\/p>\n","protected":false},"excerpt":{"rendered":"<p>La muestra temporal re\u00fane obras de estudiantes, egresadas (os) y licenciadas (os) de la carrera de Licenciatura en Arte. Ser\u00e1 presentada el viernes 10 de octubre, entre las 16:00 y 20:00 horas, en Condell 1477.<\/p>\n","protected":false},"author":21,"featured_media":190495,"comment_status":"closed","ping_status":"open","sticky":false,"template":"","format":"standard","meta":{"footnotes":""},"categories":[51,48,52,201,40,69,97,71,139,91],"tags":[694,215,696,695,293,216,231],"class_list":["post-190493","post","type-post","status-publish","format-standard","has-post-thumbnail","","category-academia","category-agenda-cultural","category-cultura","category-desarrollo-estudiantil","category-destacados","category-egresados","category-estudiantes","category-facultad-de-arte","category-sibupla","category-vinculacion-con-el-medio","tag-exposicion-artes-mediales","tag-facultad-de-arte","tag-hub-creativo","tag-lb-arte","tag-licenciatura-en-arte","tag-upla","tag-valparaiso"],"_links":{"self":[{"href":"https:\/\/upla.cl\/noticias\/wp-json\/wp\/v2\/posts\/190493","targetHints":{"allow":["GET"]}}],"collection":[{"href":"https:\/\/upla.cl\/noticias\/wp-json\/wp\/v2\/posts"}],"about":[{"href":"https:\/\/upla.cl\/noticias\/wp-json\/wp\/v2\/types\/post"}],"author":[{"embeddable":true,"href":"https:\/\/upla.cl\/noticias\/wp-json\/wp\/v2\/users\/21"}],"replies":[{"embeddable":true,"href":"https:\/\/upla.cl\/noticias\/wp-json\/wp\/v2\/comments?post=190493"}],"version-history":[{"count":0,"href":"https:\/\/upla.cl\/noticias\/wp-json\/wp\/v2\/posts\/190493\/revisions"}],"wp:featuredmedia":[{"embeddable":true,"href":"https:\/\/upla.cl\/noticias\/wp-json\/wp\/v2\/media\/190495"}],"wp:attachment":[{"href":"https:\/\/upla.cl\/noticias\/wp-json\/wp\/v2\/media?parent=190493"}],"wp:term":[{"taxonomy":"category","embeddable":true,"href":"https:\/\/upla.cl\/noticias\/wp-json\/wp\/v2\/categories?post=190493"},{"taxonomy":"post_tag","embeddable":true,"href":"https:\/\/upla.cl\/noticias\/wp-json\/wp\/v2\/tags?post=190493"}],"curies":[{"name":"wp","href":"https:\/\/api.w.org\/{rel}","templated":true}]}}