{"id":190640,"date":"2025-10-10T15:36:25","date_gmt":"2025-10-10T18:36:25","guid":{"rendered":"https:\/\/www.upla.cl\/noticias\/?p=190640"},"modified":"2025-10-10T15:38:23","modified_gmt":"2025-10-10T18:38:23","slug":"upla-apuesta-por-mayor-articulacion-con-el-medio-productivo-con-capacitacion-de-corfo-valparaiso","status":"publish","type":"post","link":"https:\/\/upla.cl\/noticias\/2025\/10\/10\/upla-apuesta-por-mayor-articulacion-con-el-medio-productivo-con-capacitacion-de-corfo-valparaiso\/","title":{"rendered":"UPLA apuesta por mayor articulaci\u00f3n con el medio productivo con capacitaci\u00f3n de CORFO Valpara\u00edso"},"content":{"rendered":"<p><a href=\"https:\/\/www.upla.cl\/noticias\/wp-content\/uploads\/2025\/10\/CORFOUPLA1.png\"><img loading=\"lazy\" decoding=\"async\" class=\"aligncenter size-large wp-image-190644\" src=\"https:\/\/www.upla.cl\/noticias\/wp-content\/uploads\/2025\/10\/CORFOUPLA1-1024x569.png\" alt=\"\" width=\"618\" height=\"343\" srcset=\"https:\/\/upla.cl\/noticias\/wp-content\/uploads\/2025\/10\/CORFOUPLA1-1024x569.png 1024w, https:\/\/upla.cl\/noticias\/wp-content\/uploads\/2025\/10\/CORFOUPLA1-300x167.png 300w, https:\/\/upla.cl\/noticias\/wp-content\/uploads\/2025\/10\/CORFOUPLA1-150x83.png 150w, https:\/\/upla.cl\/noticias\/wp-content\/uploads\/2025\/10\/CORFOUPLA1-768x427.png 768w, https:\/\/upla.cl\/noticias\/wp-content\/uploads\/2025\/10\/CORFOUPLA1.png 1080w\" sizes=\"auto, (max-width: 618px) 100vw, 618px\" \/><\/a><\/p>\n<p>Con la participaci\u00f3n de la Corporaci\u00f3n de Fomento de la Producci\u00f3n (CORFO) en Valpara\u00edso, la nueva estructura de captaci\u00f3n de recursos y canalizaci\u00f3n de beneficios de la Universidad de Playa Ancha (UPLA) capacit\u00f3 a investigadoras e investigadores de la instituci\u00f3n en materias de financiamiento externo en I+D+i y creaci\u00f3n.<\/p>\n<p>Organizado por la <strong>Vicerrector\u00eda de Investigaci\u00f3n, Postgrado e Innovaci\u00f3n<\/strong> y la <strong>Oficina de Cooperaci\u00f3n T\u00e9cnica de la Direcci\u00f3n General de An\u00e1lisis y Planificaci\u00f3n Estrat\u00e9gica Institucional,<\/strong> este encuentro permiti\u00f3 a la <strong>Direcci\u00f3n Regional de CORFO<\/strong> compartir los ejes prioritarios, complementarios y transversales del Comit\u00e9 de Desarrollo Productivo Regional durante este 2025, as\u00ed como las distintas instancias de financiamiento pertinentes para la instituci\u00f3n de educaci\u00f3n superior.<\/p>\n<p><a href=\"https:\/\/www.upla.cl\/noticias\/wp-content\/uploads\/2025\/10\/etienne_choupay.png\"><img loading=\"lazy\" decoding=\"async\" class=\"alignright wp-image-190643\" src=\"https:\/\/www.upla.cl\/noticias\/wp-content\/uploads\/2025\/10\/etienne_choupay-300x300.png\" alt=\"\" width=\"203\" height=\"203\" srcset=\"https:\/\/upla.cl\/noticias\/wp-content\/uploads\/2025\/10\/etienne_choupay-300x300.png 300w, https:\/\/upla.cl\/noticias\/wp-content\/uploads\/2025\/10\/etienne_choupay-150x150.png 150w, https:\/\/upla.cl\/noticias\/wp-content\/uploads\/2025\/10\/etienne_choupay.png 400w\" sizes=\"auto, (max-width: 203px) 100vw, 203px\" \/><\/a>\u201cPara nosotros como direcci\u00f3n regional de CORFO en Valpara\u00edso es muy importante haber estado hoy d\u00eda con acad\u00e9micos y funcionarios de la Universidad de Playa Ancha toda vez que trabajamos por el desarrollo de emprendimiento e innovaci\u00f3n en la regi\u00f3n\u201d, <strong>se\u00f1al\u00f3 el director regional de CORFO, Etienne Choupay<\/strong>, \u201cla Universidad de Playa Ancha por supuesto es socio estrat\u00e9gico en c\u00f3mo se vincula la ciencia con la empresa y c\u00f3mo se pueden desarrollar nuevos proyectos de innovaci\u00f3n tecnol\u00f3gica para poder contribuir en el desarrollo de la regional en aquellas tem\u00e1ticas que son de importancia para todos\u201d.<\/p>\n<p>Actualmente, la casa de estudios participa en dos iniciativas asociadas a CORFO, el <strong>Centro de Superc\u00f3mputo e Inteligencia Artificial Aplicada <\/strong>y<strong> Valpara\u00edso Creativo<\/strong>, que se proponen la creaci\u00f3n, operaci\u00f3n y consolidaci\u00f3n de infraestructura nacional de superc\u00f3mputo para potenciar la inteligencia artificial aplicada en sectores claves del pa\u00eds, por una parte, y la consolidaci\u00f3n de Valpara\u00edso como una ciudad de proyecci\u00f3n internacional a trav\u00e9s de un ecosistema virtuoso de econom\u00edas creativas, por otra.<\/p>\n<p>En ese esp\u00edritu, y con el fin de fortalecer la incidencia en el medio productivo de la regi\u00f3n de Valpara\u00edso, la <strong>Direcci\u00f3n General de An\u00e1lisis y Planificaci\u00f3n Estrat\u00e9gica Institucional (DAPEI<\/strong>) crea la <strong>Oficina de Cooperaci\u00f3n T\u00e9cnica.<\/strong><\/p>\n<p><a href=\"https:\/\/www.upla.cl\/noticias\/wp-content\/uploads\/2025\/10\/claudia_herrera.png\"><img loading=\"lazy\" decoding=\"async\" class=\"alignright wp-image-190642\" src=\"https:\/\/www.upla.cl\/noticias\/wp-content\/uploads\/2025\/10\/claudia_herrera-300x300.png\" alt=\"\" width=\"212\" height=\"212\" srcset=\"https:\/\/upla.cl\/noticias\/wp-content\/uploads\/2025\/10\/claudia_herrera-300x300.png 300w, https:\/\/upla.cl\/noticias\/wp-content\/uploads\/2025\/10\/claudia_herrera-150x150.png 150w, https:\/\/upla.cl\/noticias\/wp-content\/uploads\/2025\/10\/claudia_herrera.png 400w\" sizes=\"auto, (max-width: 212px) 100vw, 212px\" \/><\/a>\u201cNosotros tenemos como misi\u00f3n entregar facilidades y acompa\u00f1amiento a todas las instancias tanto de proyectos, asistencias t\u00e9cnicas, todos los \u00e1mbitos para proveer a la instituci\u00f3n de recursos externos entonces la iniciativa con CORFO, que ellos hoy puedan realizar esta capacitaci\u00f3n, tiene que ver con esta alianza p\u00fablica para poder llegar a otras instancias de los rubros regionales y l\u00edneas de priorizaci\u00f3n para que nuestra universidad pueda hacer estas transferencias tecnol\u00f3gicas e interactuar en este ecosistema tanto p\u00fablico como privado\u201d, expres\u00f3 <strong>Claudia Herrera, gestora de proyectos institucionales de la Oficina de Cooperaci\u00f3n T\u00e9cnica<\/strong>.<\/p>\n<p><a href=\"https:\/\/www.upla.cl\/noticias\/wp-content\/uploads\/2025\/10\/cristian_olivera.png\"><img loading=\"lazy\" decoding=\"async\" class=\"alignright wp-image-190641\" src=\"https:\/\/www.upla.cl\/noticias\/wp-content\/uploads\/2025\/10\/cristian_olivera-300x300.png\" alt=\"\" width=\"210\" height=\"210\" srcset=\"https:\/\/upla.cl\/noticias\/wp-content\/uploads\/2025\/10\/cristian_olivera-300x300.png 300w, https:\/\/upla.cl\/noticias\/wp-content\/uploads\/2025\/10\/cristian_olivera-150x150.png 150w, https:\/\/upla.cl\/noticias\/wp-content\/uploads\/2025\/10\/cristian_olivera.png 400w\" sizes=\"auto, (max-width: 210px) 100vw, 210px\" \/><\/a>A su vez, <strong>Cristi\u00e1n Olivera, gestor de proyectos de esta unidad<\/strong>, sostuvo que surge \u201ccon el af\u00e1n de poder organizar todo lo que tiene que ver con fondos concursables, combinando la oferta y demanda que tiene la universidad para poder armar una estructura org\u00e1nica que permita captar esos recursos y canalizarlos de la mejor manera para que se traduzcan en beneficios institucionales\u201d.<\/p>\n<p>De esa manera, esta actividad supone un encuentro relevante para aumentar la incidencia de la universidad en una regi\u00f3n que se propone ser l\u00edder en innovaci\u00f3n y emprendimiento con los ecosistemas locales representativos de su territorio.<\/p>\n<p><em>Fuente: Constanza Lobo S\u00e1nchez, periodista de la Vicerrector\u00eda de Investigaci\u00f3n, Postgrado e Innovaci\u00f3n.<br \/>\nFotograf\u00eda: Javiera Olavarr\u00eda.<\/em><\/p>\n","protected":false},"excerpt":{"rendered":"<p>A trav\u00e9s de la nueva Oficina de Cooperaci\u00f3n T\u00e9cnica, la instituci\u00f3n de educaci\u00f3n superior busca robustecer sus capacidades de vinculaci\u00f3n e incidencia en el medio productivo en materias de I+D+i y creaci\u00f3n.<\/p>\n","protected":false},"author":10,"featured_media":190644,"comment_status":"closed","ping_status":"open","sticky":false,"template":"","format":"standard","meta":{"footnotes":""},"categories":[40,98,206,91],"tags":[],"class_list":["post-190640","post","type-post","status-publish","format-standard","has-post-thumbnail","","category-destacados","category-gestion","category-innovacion","category-vinculacion-con-el-medio"],"_links":{"self":[{"href":"https:\/\/upla.cl\/noticias\/wp-json\/wp\/v2\/posts\/190640","targetHints":{"allow":["GET"]}}],"collection":[{"href":"https:\/\/upla.cl\/noticias\/wp-json\/wp\/v2\/posts"}],"about":[{"href":"https:\/\/upla.cl\/noticias\/wp-json\/wp\/v2\/types\/post"}],"author":[{"embeddable":true,"href":"https:\/\/upla.cl\/noticias\/wp-json\/wp\/v2\/users\/10"}],"replies":[{"embeddable":true,"href":"https:\/\/upla.cl\/noticias\/wp-json\/wp\/v2\/comments?post=190640"}],"version-history":[{"count":0,"href":"https:\/\/upla.cl\/noticias\/wp-json\/wp\/v2\/posts\/190640\/revisions"}],"wp:featuredmedia":[{"embeddable":true,"href":"https:\/\/upla.cl\/noticias\/wp-json\/wp\/v2\/media\/190644"}],"wp:attachment":[{"href":"https:\/\/upla.cl\/noticias\/wp-json\/wp\/v2\/media?parent=190640"}],"wp:term":[{"taxonomy":"category","embeddable":true,"href":"https:\/\/upla.cl\/noticias\/wp-json\/wp\/v2\/categories?post=190640"},{"taxonomy":"post_tag","embeddable":true,"href":"https:\/\/upla.cl\/noticias\/wp-json\/wp\/v2\/tags?post=190640"}],"curies":[{"name":"wp","href":"https:\/\/api.w.org\/{rel}","templated":true}]}}