{"id":190723,"date":"2025-10-14T16:55:41","date_gmt":"2025-10-14T19:55:41","guid":{"rendered":"https:\/\/www.upla.cl\/noticias\/?p=190723"},"modified":"2025-10-30T18:18:37","modified_gmt":"2025-10-30T21:18:37","slug":"upla-organiza-seminario-internacional-para-impulsar-la-actividad-fisica-escolar","status":"publish","type":"post","link":"https:\/\/upla.cl\/noticias\/2025\/10\/14\/upla-organiza-seminario-internacional-para-impulsar-la-actividad-fisica-escolar\/","title":{"rendered":"UPLA organiza seminario internacional para impulsar la actividad f\u00edsica escolar"},"content":{"rendered":"<p><a href=\"https:\/\/www.upla.cl\/noticias\/wp-content\/uploads\/2025\/10\/afiche_seminario_internacional-scaled.jpg\"><img loading=\"lazy\" decoding=\"async\" class=\"alignright size-medium wp-image-190731\" src=\"https:\/\/www.upla.cl\/noticias\/wp-content\/uploads\/2025\/10\/afiche_seminario_internacional-240x300.jpg\" alt=\"\" width=\"240\" height=\"300\" srcset=\"https:\/\/upla.cl\/noticias\/wp-content\/uploads\/2025\/10\/afiche_seminario_internacional-240x300.jpg 240w, https:\/\/upla.cl\/noticias\/wp-content\/uploads\/2025\/10\/afiche_seminario_internacional-819x1024.jpg 819w, https:\/\/upla.cl\/noticias\/wp-content\/uploads\/2025\/10\/afiche_seminario_internacional-120x150.jpg 120w, https:\/\/upla.cl\/noticias\/wp-content\/uploads\/2025\/10\/afiche_seminario_internacional-768x960.jpg 768w, https:\/\/upla.cl\/noticias\/wp-content\/uploads\/2025\/10\/afiche_seminario_internacional-1229x1536.jpg 1229w, https:\/\/upla.cl\/noticias\/wp-content\/uploads\/2025\/10\/afiche_seminario_internacional-1638x2048.jpg 1638w, https:\/\/upla.cl\/noticias\/wp-content\/uploads\/2025\/10\/afiche_seminario_internacional-scaled.jpg 2048w\" sizes=\"auto, (max-width: 240px) 100vw, 240px\" \/><\/a>Con el lema <strong>\u201cAcciones que promueven la pr\u00e1ctica de actividad f\u00edsica desde la escuela\u201d<\/strong> se llevar\u00e1 a cabo en la Universidad de Playa Ancha el <strong>Seminario Internacional de Actividad F\u00edsica Escolar, <\/strong>evento orientado a debatir y generar estrategias en un \u00e1rea fundamental de la educaci\u00f3n y la salud p\u00fablica.<\/p>\n<p>El seminario, a realizarse el<strong> 20 de noviembre, entre las 11 y las 18:30 horas,<\/strong> en el edificio Punt\u00e1ngeles, es organizado por el <strong><a href=\"https:\/\/upla.cl\/observatoriocaf\/\">Observatorio de Ciencias de la Actividad F\u00edsica, OCAF<\/a>,<\/strong> dependiente de la <a href=\"https:\/\/www.upla.cl\/facultad\/cienciasactividadfisicaydeporte\/\"><strong>Facultad de Ciencias de la Actividad F\u00edsica y del Deporte<\/strong><\/a>, y responde a la imperante necesidad de fortalecer la integraci\u00f3n de la actividad f\u00edsica en el entorno escolar. Este esfuerzo busca contrarrestar el comportamiento sedentario que predomina en la poblaci\u00f3n infanto-juvenil, un objetivo que se vincula con la meta de desarrollar la l\u00ednea de investigaci\u00f3n del OCAF en actividad f\u00edsica escolar.<\/p>\n<p>La actividad es de car\u00e1cter gratuito,\u00a0 destinado a estudiantes de pregrado de Educaci\u00f3n F\u00edsica y Tecnolog\u00eda en Deportes y Recreaci\u00f3n, estudiantes de postgrado de \u00e1reas afines de diferentes casas de estudios, acad\u00e9micos, acad\u00e9micas, y profesionales insertos en el sistema escolar, para que puedan acceder a conocimiento de vanguardia y compartir experiencias.<\/p>\n<p>\u00abCon este encuentro internacional, se espera catalizar la generaci\u00f3n de nuevas ideas e investigaciones que desemboquen en acciones atractivas y efectivas para fomentar la pr\u00e1ctica sistem\u00e1tica de actividad f\u00edsica entre ni\u00f1os, ni\u00f1as y adolescentes\u00bb, sostuvo el director del OCAF, Dr. Tom\u00e1s Reyes Amigo.<\/p>\n<h4><strong>Expositores<\/strong><\/h4>\n<p><a href=\"https:\/\/www.upla.cl\/noticias\/wp-content\/uploads\/2025\/10\/seminario_programa.jpg\"><img loading=\"lazy\" decoding=\"async\" class=\"alignright size-medium wp-image-190757\" src=\"https:\/\/www.upla.cl\/noticias\/wp-content\/uploads\/2025\/10\/seminario_programa-240x300.jpg\" alt=\"\" width=\"240\" height=\"300\" srcset=\"https:\/\/upla.cl\/noticias\/wp-content\/uploads\/2025\/10\/seminario_programa-240x300.jpg 240w, https:\/\/upla.cl\/noticias\/wp-content\/uploads\/2025\/10\/seminario_programa-819x1024.jpg 819w, https:\/\/upla.cl\/noticias\/wp-content\/uploads\/2025\/10\/seminario_programa-120x150.jpg 120w, https:\/\/upla.cl\/noticias\/wp-content\/uploads\/2025\/10\/seminario_programa-768x960.jpg 768w, https:\/\/upla.cl\/noticias\/wp-content\/uploads\/2025\/10\/seminario_programa-1229x1536.jpg 1229w, https:\/\/upla.cl\/noticias\/wp-content\/uploads\/2025\/10\/seminario_programa-1638x2048.jpg 1638w, https:\/\/upla.cl\/noticias\/wp-content\/uploads\/2025\/10\/seminario_programa.jpg 2000w\" sizes=\"auto, (max-width: 240px) 100vw, 240px\" \/><\/a>El seminario contar\u00e1 con la presentaci\u00f3n de proyectos de investigaci\u00f3n, estudios cient\u00edficos y experiencias exitosas relacionadas con la implementaci\u00f3n de iniciativas que han logrado incrementar las posibilidades de pr\u00e1ctica de actividad f\u00edsica a nivel escolar.<\/p>\n<p><strong>Dra. Caroline Brand<\/strong>. Acad\u00e9mica Pontificia Universidad Cat\u00f3lica de Valpara\u00edso, Chile. \u00abEstilo de vida digital y sedentario: Impacto en la salud f\u00edsica escolar\u00bb.<\/p>\n<p><strong>Dr. Jorge Olivares Arancibia.<\/strong> Acad\u00e9mico Universidad de las Am\u00e9ricas, Chile. \u00abRecomendaciones de movimiento 24-horas y su asociaci\u00f3n con la cognici\u00f3n y rendimiento acad\u00e9mico en ni\u00f1os y adolescentes\u00bb.<\/p>\n<p><strong>Dr. Tom\u00e1s Reyes Amigo<\/strong>. Acad\u00e9mico Universidad de Playa Ancha, Chile. \u00abActive-Break: Herramienta para Escuelas F\u00edsicamente Activas\u00bb.<\/p>\n<p><strong>Dr. Nicol\u00e1s Aguilera Far\u00edas.<\/strong> Acad\u00e9mico Universidad de la Frontera, Chile. \u00abExperiencia Investigativa de promocio\u0301n de actividad fi\u0301sica en contexto escolar\u00bb.<\/p>\n<p><strong>Dr. Inacio Crochemore.<\/strong> Acad\u00e9mico Universidad Federal de Pelotas, Brasil. \u00abActividad fi\u0301sica en la infancia y la adolescencia: Evidencia actual y oportunidades de intervencio\u0301n\u00bb.<\/p>\n<p><strong>Dr. Fernando Rodr\u00edguez Rodr\u00edguez<\/strong>. Acad\u00e9mico de la Escuela de Educaci\u00f3n F\u00edsica de la PUCV, Chile. \u00abImportancia de la familia para la pr\u00e1ctica de actividad f\u00edsica en contexto escolar\u00bb.<\/p>\n<p><span style=\"text-decoration: underline;\">Interesados en asistir al seminario<a href=\"https:\/\/docs.google.com\/forms\/d\/e\/1FAIpQLSdwqvsRR2M_j312X9KDjlWa2dcpOnyhMhG30MXOQcYN-Q-FYQ\/viewform\" target=\"_blank\" rel=\"noopener\"><strong> inscribirse aqu\u00ed<\/strong><\/a><\/span><\/p>\n<h4><strong>Convocatoria a j\u00f3venes investigadores<\/strong><\/h4>\n<p>Una secci\u00f3n destacada del seminario ser\u00e1 la presentaci\u00f3n de trabajos por parte de j\u00f3venes investigadores. La convocatoria est\u00e1 abierta para todo el pa\u00eds, invitando a presentar trabajos sobre tem\u00e1ticas relacionadas con la actividad f\u00edsica en la etapa infanto-juvenil.<\/p>\n<p><strong>Fecha l\u00edmite de env\u00edo de trabajos:<\/strong> 06 de noviembre de 2025, a las 12:00 horas.<\/p>\n<p><strong>Correo de contacto:<\/strong> observatoriocienciasactividadfisica@upla.cl.<\/p>\n<p>Revisar<a href=\"https:\/\/www.upla.cl\/noticias\/wp-content\/uploads\/2025\/10\/jovenes_investigadores_envio_trabajos_cientificos.docx\"><strong> bases de env\u00edo de trabajos aqu\u00ed<\/strong><\/a><\/p>\n<p>Se entregar\u00e1n certificados de asistencia a todos los participantes. Adicionalmente, se otorgar\u00e1n certificados y premios a los mejores trabajos presentados por los j\u00f3venes investigadores, reconociendo as\u00ed su contribuci\u00f3n al campo.<\/p>\n<p>&nbsp;<\/p>\n","protected":false},"excerpt":{"rendered":"<p>El seminario, a realizarse el 20 de noviembre, entre las 11 y las 19:00 horas, en el edificio Punt\u00e1ngeles, es organizado por el Observatorio de Ciencias de la Actividad F\u00edsica. <\/p>\n","protected":false},"author":10,"featured_media":190736,"comment_status":"closed","ping_status":"open","sticky":false,"template":"","format":"standard","meta":{"footnotes":""},"categories":[51,96,42,40,101,97,72,43,725,91],"tags":[],"class_list":["post-190723","post","type-post","status-publish","format-standard","has-post-thumbnail","","category-academia","category-academicos","category-deportes","category-destacados","category-docencia","category-estudiantes","category-facultad-de-ciencias-actividad-fisica-y-deporte","category-investigacion","category-pedagogia-en-educacion-fisica","category-vinculacion-con-el-medio"],"_links":{"self":[{"href":"https:\/\/upla.cl\/noticias\/wp-json\/wp\/v2\/posts\/190723","targetHints":{"allow":["GET"]}}],"collection":[{"href":"https:\/\/upla.cl\/noticias\/wp-json\/wp\/v2\/posts"}],"about":[{"href":"https:\/\/upla.cl\/noticias\/wp-json\/wp\/v2\/types\/post"}],"author":[{"embeddable":true,"href":"https:\/\/upla.cl\/noticias\/wp-json\/wp\/v2\/users\/10"}],"replies":[{"embeddable":true,"href":"https:\/\/upla.cl\/noticias\/wp-json\/wp\/v2\/comments?post=190723"}],"version-history":[{"count":0,"href":"https:\/\/upla.cl\/noticias\/wp-json\/wp\/v2\/posts\/190723\/revisions"}],"wp:featuredmedia":[{"embeddable":true,"href":"https:\/\/upla.cl\/noticias\/wp-json\/wp\/v2\/media\/190736"}],"wp:attachment":[{"href":"https:\/\/upla.cl\/noticias\/wp-json\/wp\/v2\/media?parent=190723"}],"wp:term":[{"taxonomy":"category","embeddable":true,"href":"https:\/\/upla.cl\/noticias\/wp-json\/wp\/v2\/categories?post=190723"},{"taxonomy":"post_tag","embeddable":true,"href":"https:\/\/upla.cl\/noticias\/wp-json\/wp\/v2\/tags?post=190723"}],"curies":[{"name":"wp","href":"https:\/\/api.w.org\/{rel}","templated":true}]}}