{"id":190842,"date":"2025-10-15T10:48:37","date_gmt":"2025-10-15T13:48:37","guid":{"rendered":"https:\/\/www.upla.cl\/noticias\/?p=190842"},"modified":"2025-10-15T10:48:37","modified_gmt":"2025-10-15T13:48:37","slug":"segundo-fondo-de-metodologias-activas-situadas-dgvm-anuncia-los-resultados-del-concurso","status":"publish","type":"post","link":"https:\/\/upla.cl\/noticias\/2025\/10\/15\/segundo-fondo-de-metodologias-activas-situadas-dgvm-anuncia-los-resultados-del-concurso\/","title":{"rendered":"Segundo Fondo de Metodolog\u00edas Activas Situadas: DGVM anuncia los resultados del concurso"},"content":{"rendered":"<p><a href=\"https:\/\/www.upla.cl\/noticias\/wp-content\/uploads\/2025\/10\/2do-fondo-metodologias.webp\"><img loading=\"lazy\" decoding=\"async\" class=\"alignright size-medium wp-image-190849\" src=\"https:\/\/www.upla.cl\/noticias\/wp-content\/uploads\/2025\/10\/2do-fondo-metodologias-240x300.webp\" alt=\"\" width=\"240\" height=\"300\" srcset=\"https:\/\/upla.cl\/noticias\/wp-content\/uploads\/2025\/10\/2do-fondo-metodologias-240x300.webp 240w, https:\/\/upla.cl\/noticias\/wp-content\/uploads\/2025\/10\/2do-fondo-metodologias-120x150.webp 120w, https:\/\/upla.cl\/noticias\/wp-content\/uploads\/2025\/10\/2do-fondo-metodologias.webp 703w\" sizes=\"auto, (max-width: 240px) 100vw, 240px\" \/><\/a>La <a href=\"https:\/\/upla.cl\/vinculacion\/\"><strong>Direcci\u00f3n General de Vinculaci\u00f3n con el Medio (DGVM)<\/strong><\/a>, a trav\u00e9s del Decreto Exento N\u00b0 1165\/2025, informa los resultados del concurso del <strong>Primer Fondo de Metodolog\u00edas Activas Situadas para la Vinculaci\u00f3n con el Medio (MAS VcM)<\/strong>, dirigido a acad\u00e9micos y acad\u00e9micas que desarrollen metodolog\u00edas activas situadas en el territorio, en el marco de actividades formativas ejecutadas durante el segundo semestre de 2025.<\/p>\n<p>Este fondo, financiado por el <strong>Convenio de Desempe\u00f1o UPA 2395 y 2495<\/strong>, tiene como prop\u00f3sito fortalecer las acciones de vinculaci\u00f3n acad\u00e9mica relacionadas con la <a href=\"https:\/\/upla.cl\/vinculacion\/politica-de-vinculacion-con-el-medio\/\"><strong>Pol\u00edtica de Vinculaci\u00f3n con el Medio 2024<\/strong> <\/a>en su eje de enfoque \u201cdocencia con enfoque VcM\u201d.<\/p>\n<p>En esta segunda versi\u00f3n, el Fondo fue adjudicado por 19 iniciativas correspondientes a las facultades de<a href=\"https:\/\/upla.cl\/facultad\/cienciasnaturalesyexactas\/\"><strong> Ciencias Naturales y Exactas<\/strong><\/a>, <a href=\"https:\/\/www.upla.cl\/facultad\/ingenieria\/\"><strong>Ingenier\u00eda<\/strong><\/a>, <a href=\"https:\/\/upla.cl\/facultad\/cienciassalud\/\"><strong>Ciencias de la Salud<\/strong><\/a>, <a href=\"https:\/\/upla.cl\/facultad\/cienciassalud\/\"><strong>Ciencias Sociales<\/strong><\/a>, <a href=\"https:\/\/www.upla.cl\/facultad\/cienciaseducacion\/\"><strong>Ciencias de la Educaci\u00f3n<\/strong><\/a> y <a href=\"https:\/\/upla.cl\/facultad\/humanidades\/\"><strong>Humanidades<\/strong><\/a>.<\/p>\n<p>Las actividades financiadas por el Fondo MAS VCM deben corresponder a una salida a terreno donde el grupo de estudiantes, en su totalidad, apliquen una metodolog\u00eda activa, de acuerdo a lo se\u00f1alado en la Pol\u00edtica Institucional de VcM, como por ejemplo, aprendizaje m\u00e1s servicio (A+S) o basado en proyectos (ABP), entre otras.<\/p>\n<p><a href=\"https:\/\/www.upla.cl\/noticias\/wp-content\/uploads\/2025\/10\/fondo_metodologias_activas.jpg\"><img loading=\"lazy\" decoding=\"async\" class=\"alignright size-medium wp-image-190850\" src=\"https:\/\/www.upla.cl\/noticias\/wp-content\/uploads\/2025\/10\/fondo_metodologias_activas-300x200.jpg\" alt=\"\" width=\"300\" height=\"200\" srcset=\"https:\/\/upla.cl\/noticias\/wp-content\/uploads\/2025\/10\/fondo_metodologias_activas-300x200.jpg 300w, https:\/\/upla.cl\/noticias\/wp-content\/uploads\/2025\/10\/fondo_metodologias_activas-1024x683.jpg 1024w, https:\/\/upla.cl\/noticias\/wp-content\/uploads\/2025\/10\/fondo_metodologias_activas-150x100.jpg 150w, https:\/\/upla.cl\/noticias\/wp-content\/uploads\/2025\/10\/fondo_metodologias_activas-768x512.jpg 768w, https:\/\/upla.cl\/noticias\/wp-content\/uploads\/2025\/10\/fondo_metodologias_activas-1536x1024.jpg 1536w, https:\/\/upla.cl\/noticias\/wp-content\/uploads\/2025\/10\/fondo_metodologias_activas.jpg 1920w\" sizes=\"auto, (max-width: 300px) 100vw, 300px\" \/><\/a>Adem\u00e1s, todas las acciones acordes a la Pol\u00edtica, que se desarrollen en el marco de estas iniciativas, deber\u00e1n ser registradas oportunamente en el sistema de registro SINTE VCM antes de finalizar el primer semestre.<\/p>\n<p><strong>Gabriela Contreras Escudero, coordinadora de la Unidad de Vinculaci\u00f3n Acad\u00e9mica<\/strong> y <strong>desarrollo territorial (UVAT),<\/strong> explic\u00f3 que \u201ceste Fondo demuestra las intenciones institucionales por apoyar la transversalizaci\u00f3n de la vinculaci\u00f3n con el medio, a trav\u00e9s de acciones en el \u00e1mbito acad\u00e9mico. Esto permitir\u00e1 que estudiantes de<br \/>\n15 carreras de 5 facultades puedan experimentar aprendizajes en contextos reales y situados, form\u00e1ndose con pertinencia en las necesidades y problem\u00e1ticas que aquejan a la regi\u00f3n\u201d.<\/p>\n<p>Para dudas y consultas escribir a unidadinnovacionsocial@upla.cl En detalle, las acad\u00e9micas y acad\u00e9micos beneficiarios del fondo son:<\/p>\n<div id='gallery-1' class='gallery galleryid-190842 gallery-columns-3 gallery-size-medium'><figure class='gallery-item'>\n\t\t\t<div class='gallery-icon portrait'>\n\t\t\t\t<a href='https:\/\/upla.cl\/noticias\/wp-content\/uploads\/2025\/10\/lista1.png'><img loading=\"lazy\" decoding=\"async\" width=\"296\" height=\"300\" src=\"https:\/\/upla.cl\/noticias\/wp-content\/uploads\/2025\/10\/lista1-296x300.png\" class=\"attachment-medium size-medium\" alt=\"\" srcset=\"https:\/\/upla.cl\/noticias\/wp-content\/uploads\/2025\/10\/lista1-296x300.png 296w, https:\/\/upla.cl\/noticias\/wp-content\/uploads\/2025\/10\/lista1-1012x1024.png 1012w, https:\/\/upla.cl\/noticias\/wp-content\/uploads\/2025\/10\/lista1-148x150.png 148w, https:\/\/upla.cl\/noticias\/wp-content\/uploads\/2025\/10\/lista1-768x777.png 768w, https:\/\/upla.cl\/noticias\/wp-content\/uploads\/2025\/10\/lista1.png 1057w\" sizes=\"auto, (max-width: 296px) 100vw, 296px\" \/><\/a>\n\t\t\t<\/div><\/figure><figure class='gallery-item'>\n\t\t\t<div class='gallery-icon portrait'>\n\t\t\t\t<a href='https:\/\/upla.cl\/noticias\/wp-content\/uploads\/2025\/10\/lista-3.png'><img loading=\"lazy\" decoding=\"async\" width=\"300\" height=\"300\" src=\"https:\/\/upla.cl\/noticias\/wp-content\/uploads\/2025\/10\/lista-3-300x300.png\" class=\"attachment-medium size-medium\" alt=\"\" srcset=\"https:\/\/upla.cl\/noticias\/wp-content\/uploads\/2025\/10\/lista-3-300x300.png 300w, https:\/\/upla.cl\/noticias\/wp-content\/uploads\/2025\/10\/lista-3-1019x1024.png 1019w, https:\/\/upla.cl\/noticias\/wp-content\/uploads\/2025\/10\/lista-3-150x150.png 150w, https:\/\/upla.cl\/noticias\/wp-content\/uploads\/2025\/10\/lista-3.png 1044w\" sizes=\"auto, (max-width: 300px) 100vw, 300px\" \/><\/a>\n\t\t\t<\/div><\/figure><figure class='gallery-item'>\n\t\t\t<div class='gallery-icon landscape'>\n\t\t\t\t<a href='https:\/\/upla.cl\/noticias\/wp-content\/uploads\/2025\/10\/lista-2.png'><img loading=\"lazy\" decoding=\"async\" width=\"300\" height=\"285\" src=\"https:\/\/upla.cl\/noticias\/wp-content\/uploads\/2025\/10\/lista-2-300x285.png\" class=\"attachment-medium size-medium\" alt=\"\" srcset=\"https:\/\/upla.cl\/noticias\/wp-content\/uploads\/2025\/10\/lista-2-300x285.png 300w, https:\/\/upla.cl\/noticias\/wp-content\/uploads\/2025\/10\/lista-2-1024x971.png 1024w, https:\/\/upla.cl\/noticias\/wp-content\/uploads\/2025\/10\/lista-2-150x142.png 150w, https:\/\/upla.cl\/noticias\/wp-content\/uploads\/2025\/10\/lista-2-768x728.png 768w, https:\/\/upla.cl\/noticias\/wp-content\/uploads\/2025\/10\/lista-2.png 1088w\" sizes=\"auto, (max-width: 300px) 100vw, 300px\" \/><\/a>\n\t\t\t<\/div><\/figure>\n\t\t<\/div>\n\n<p><em>Fuente: Javiera Arrate Molinari, periodista de la Direcci\u00f3n General de Vinculaci\u00f3n con el Medio.<\/em><\/p>\n","protected":false},"excerpt":{"rendered":"<p>En esta segunda versi\u00f3n, el Fondo fue adjudicado por 19 iniciativas correspondientes a las facultades de Ciencias Naturales y Exactas, Ingenier\u00eda, Ciencias de la Salud, Ciencias Sociales, Ciencias de la Educaci\u00f3n y Humanidades.<\/p>\n","protected":false},"author":10,"featured_media":190849,"comment_status":"closed","ping_status":"open","sticky":false,"template":"","format":"standard","meta":{"footnotes":""},"categories":[51,96,40,97,73,74,75,76,77,78,91],"tags":[],"class_list":["post-190842","post","type-post","status-publish","format-standard","has-post-thumbnail","","category-academia","category-academicos","category-destacados","category-estudiantes","category-facultad-de-ciencias-de-la-educacion","category-facultad-de-ciencias-de-la-salud","category-facultad-de-ciencias-naturales-y-exactas","category-facultad-de-ciencias-sociales","category-facultad-de-humanidades","category-facultad-de-ingenieria","category-vinculacion-con-el-medio"],"_links":{"self":[{"href":"https:\/\/upla.cl\/noticias\/wp-json\/wp\/v2\/posts\/190842","targetHints":{"allow":["GET"]}}],"collection":[{"href":"https:\/\/upla.cl\/noticias\/wp-json\/wp\/v2\/posts"}],"about":[{"href":"https:\/\/upla.cl\/noticias\/wp-json\/wp\/v2\/types\/post"}],"author":[{"embeddable":true,"href":"https:\/\/upla.cl\/noticias\/wp-json\/wp\/v2\/users\/10"}],"replies":[{"embeddable":true,"href":"https:\/\/upla.cl\/noticias\/wp-json\/wp\/v2\/comments?post=190842"}],"version-history":[{"count":0,"href":"https:\/\/upla.cl\/noticias\/wp-json\/wp\/v2\/posts\/190842\/revisions"}],"wp:featuredmedia":[{"embeddable":true,"href":"https:\/\/upla.cl\/noticias\/wp-json\/wp\/v2\/media\/190849"}],"wp:attachment":[{"href":"https:\/\/upla.cl\/noticias\/wp-json\/wp\/v2\/media?parent=190842"}],"wp:term":[{"taxonomy":"category","embeddable":true,"href":"https:\/\/upla.cl\/noticias\/wp-json\/wp\/v2\/categories?post=190842"},{"taxonomy":"post_tag","embeddable":true,"href":"https:\/\/upla.cl\/noticias\/wp-json\/wp\/v2\/tags?post=190842"}],"curies":[{"name":"wp","href":"https:\/\/api.w.org\/{rel}","templated":true}]}}