{"id":190876,"date":"2025-10-15T16:43:57","date_gmt":"2025-10-15T19:43:57","guid":{"rendered":"https:\/\/www.upla.cl\/noticias\/?p=190876"},"modified":"2025-10-15T16:43:57","modified_gmt":"2025-10-15T19:43:57","slug":"upla-tv-lanzo-automatas-serie-financiada-por-ciencia-publica-2025","status":"publish","type":"post","link":"https:\/\/upla.cl\/noticias\/2025\/10\/15\/upla-tv-lanzo-automatas-serie-financiada-por-ciencia-publica-2025\/","title":{"rendered":"UPLA TV lanz\u00f3 \u201cAut\u00f3matas\u201d serie financiada por Ciencia P\u00fablica 2025"},"content":{"rendered":"<p><a href=\"https:\/\/www.upla.cl\/noticias\/wp-content\/uploads\/2025\/10\/automatas_uplatv_facultadingenieriaupla3.jpg\"><img loading=\"lazy\" decoding=\"async\" class=\"alignright  wp-image-190926\" src=\"https:\/\/www.upla.cl\/noticias\/wp-content\/uploads\/2025\/10\/automatas_uplatv_facultadingenieriaupla3.jpg\" alt=\"\" width=\"351\" height=\"263\" srcset=\"https:\/\/upla.cl\/noticias\/wp-content\/uploads\/2025\/10\/automatas_uplatv_facultadingenieriaupla3.jpg 1920w, https:\/\/upla.cl\/noticias\/wp-content\/uploads\/2025\/10\/automatas_uplatv_facultadingenieriaupla3-300x225.jpg 300w, https:\/\/upla.cl\/noticias\/wp-content\/uploads\/2025\/10\/automatas_uplatv_facultadingenieriaupla3-1024x768.jpg 1024w, https:\/\/upla.cl\/noticias\/wp-content\/uploads\/2025\/10\/automatas_uplatv_facultadingenieriaupla3-150x113.jpg 150w, https:\/\/upla.cl\/noticias\/wp-content\/uploads\/2025\/10\/automatas_uplatv_facultadingenieriaupla3-768x576.jpg 768w, https:\/\/upla.cl\/noticias\/wp-content\/uploads\/2025\/10\/automatas_uplatv_facultadingenieriaupla3-1536x1152.jpg 1536w\" sizes=\"auto, (max-width: 351px) 100vw, 351px\" \/><\/a>Con la proyecci\u00f3n del <strong>primer cap\u00edtulo y el conversatorio titulado \u201cDatos, algoritmos y futuro\u201d<\/strong>, el canal de televisi\u00f3n p\u00fablica de la Universidad de Playa Ancha, <a href=\"https:\/\/uplatv.cl\/\" target=\"_blank\" rel=\"noopener\"><strong>UPLA TV<\/strong><\/a>, comparti\u00f3 con la comunidad universitaria y de Valpara\u00edso una de sus \u00faltimas producciones seriadas.<\/p>\n<p>Se trata de <strong>\u201cAut\u00f3matas: Inteligencia Artificial en el quehacer humano\u201d<\/strong>, una iniciativa realizada en conjunto con el <strong>Laboratorio de Data Science (<a href=\"http:\/\/datoslab.cl\" target=\"_blank\" rel=\"noopener\">DatosLab<\/a>)<\/strong> de la <a href=\"http:www.upla.cl\/facultad\/ingenieria\">Facultad de Ingenier\u00eda de la UPLA<\/a> y financiada por el <strong>Concurso Nacional de Ciencia P\u00fablica 2024-2025<\/strong> para el desarrollo de experiencias de comunicaci\u00f3n en los \u00e1mbitos cient\u00edfico, human\u00edstico, art\u00edstico y tecnol\u00f3gico y que est\u00e1 enmarcado en el programa de la Divisi\u00f3n Ciencia y Sociedad del Ministerio de Ciencia, Tecnolog\u00eda, Conocimiento e Innovaci\u00f3n de Chile.<\/p>\n<p>A trav\u00e9s de un conversatorio, post presentaci\u00f3n del primer cap\u00edtulo, se busc\u00f3 acercar el conocimiento cient\u00edfico a la ciudadan\u00eda a trav\u00e9s de un lenguaje claro, abordando como la I.A impacta en la vida cotidiana, sus implicaciones \u00e9ticas y sociales y el rol de Valpara\u00edso como polo de investigaci\u00f3n y cultura digital, fomentando la reflexi\u00f3n y participaci\u00f3n del p\u00fablico en torno a estas tecnolog\u00edas emergentes.<\/p>\n<p><a href=\"https:\/\/www.upla.cl\/noticias\/wp-content\/uploads\/2025\/10\/automatas_uplatv_facultadingenieriaupla1.jpg\"><img loading=\"lazy\" decoding=\"async\" class=\"alignright  wp-image-190924\" src=\"https:\/\/www.upla.cl\/noticias\/wp-content\/uploads\/2025\/10\/automatas_uplatv_facultadingenieriaupla1.jpg\" alt=\"\" width=\"351\" height=\"263\" srcset=\"https:\/\/upla.cl\/noticias\/wp-content\/uploads\/2025\/10\/automatas_uplatv_facultadingenieriaupla1.jpg 1920w, https:\/\/upla.cl\/noticias\/wp-content\/uploads\/2025\/10\/automatas_uplatv_facultadingenieriaupla1-300x225.jpg 300w, https:\/\/upla.cl\/noticias\/wp-content\/uploads\/2025\/10\/automatas_uplatv_facultadingenieriaupla1-1024x768.jpg 1024w, https:\/\/upla.cl\/noticias\/wp-content\/uploads\/2025\/10\/automatas_uplatv_facultadingenieriaupla1-150x113.jpg 150w, https:\/\/upla.cl\/noticias\/wp-content\/uploads\/2025\/10\/automatas_uplatv_facultadingenieriaupla1-768x576.jpg 768w, https:\/\/upla.cl\/noticias\/wp-content\/uploads\/2025\/10\/automatas_uplatv_facultadingenieriaupla1-1536x1152.jpg 1536w\" sizes=\"auto, (max-width: 351px) 100vw, 351px\" \/><\/a>Para ello, se invit\u00f3 a dialogar sobre esos temas a la Dra. en Ciencias de la Ingenier\u00eda y acad\u00e9mica de la Universidad T\u00e9cnica Federico Santa Mar\u00eda, <strong>Andrea V\u00e1squez G.<\/strong> y al Dr. en Ingenier\u00eda Inform\u00e1tica y acad\u00e9mico de la Facultad de Ingenier\u00eda de la Universidad de Playa Ancha, <strong>Miguel Guevara Albornoz<\/strong>, bajo la moderaci\u00f3n de la periodista de la Direcci\u00f3n General de Comunicaciones,<strong> Mar\u00eda Ang\u00e9lica P\u00e9rez Escobar<\/strong>.<\/p>\n<p>La actividad, desarrollada en el Aula Dr. F\u00e9lix Morales Pettorino de la Casa Central, cont\u00f3 con la presencia del seremi de Ciencia, Tecnolog\u00eda, Conocimiento e Innovaci\u00f3n, Rodrigo Gonz\u00e1lez Reveco, representantes de la Delegaci\u00f3n Presidencial, vecinas de Playa Ancha, estudiantes de las carreras de Periodismo e Ingenier\u00eda, acad\u00e9micos y acad\u00e9micas.<\/p>\n<p>\u201cA trav\u00e9s de una universidad p\u00fablica vamos a poner al alcance una forma m\u00e1s sencilla de sentir que estos avances nos tocan a todas y todos\u201d, explic\u00f3 <strong>Carlos Gonz\u00e1lez Morales, rector de la Universidad de Playa Ancha<\/strong>. Adem\u00e1s, destac\u00f3 la importancia de \u201cun relato que permita poner en sinton\u00eda a la ciudadan\u00eda respecto a estas cuestiones que son sustantivas y que est\u00e1n en el borde del desarrollo intelectual\u201d asegurando que estos temas, alguna vez considerados futuristas, ya son una realidad.<\/p>\n<p><a href=\"https:\/\/www.upla.cl\/noticias\/wp-content\/uploads\/2025\/10\/automatas_uplatv_facultadingenieriaupla2.jpg\"><img loading=\"lazy\" decoding=\"async\" class=\"alignright  wp-image-190925\" src=\"https:\/\/www.upla.cl\/noticias\/wp-content\/uploads\/2025\/10\/automatas_uplatv_facultadingenieriaupla2.jpg\" alt=\"\" width=\"351\" height=\"263\" srcset=\"https:\/\/upla.cl\/noticias\/wp-content\/uploads\/2025\/10\/automatas_uplatv_facultadingenieriaupla2.jpg 1920w, https:\/\/upla.cl\/noticias\/wp-content\/uploads\/2025\/10\/automatas_uplatv_facultadingenieriaupla2-300x225.jpg 300w, https:\/\/upla.cl\/noticias\/wp-content\/uploads\/2025\/10\/automatas_uplatv_facultadingenieriaupla2-1024x768.jpg 1024w, https:\/\/upla.cl\/noticias\/wp-content\/uploads\/2025\/10\/automatas_uplatv_facultadingenieriaupla2-150x113.jpg 150w, https:\/\/upla.cl\/noticias\/wp-content\/uploads\/2025\/10\/automatas_uplatv_facultadingenieriaupla2-768x576.jpg 768w, https:\/\/upla.cl\/noticias\/wp-content\/uploads\/2025\/10\/automatas_uplatv_facultadingenieriaupla2-1536x1152.jpg 1536w\" sizes=\"auto, (max-width: 351px) 100vw, 351px\" \/><\/a>Por su parte, el <strong>seremi Rodrigo Gonz\u00e1lez Reveco<\/strong> valor\u00f3 el trabajo del equipo de UPLA TV, la participaci\u00f3n de la Universidad de Playa Ancha en otras iniciativas relativas a la Inteligencia Artificial como InES I+D y subray\u00f3 los diversos avances que Chile est\u00e1 desarrollando en materia tecnol\u00f3gica y cient\u00edfica. Iniciativas como Latam GPT, un modelo de lenguaje orientado a entender la realidad de Latinoam\u00e9rica; o el proyecto del \u00fanico <a href=\"https:\/\/csiaa.cl\/\" target=\"_blank\" rel=\"noopener\">Centro de S\u00fapercomputo para la Inteligencia Artificial Aplicada<\/a> en regiones, que se emplazar\u00e1 en Valpara\u00edso y se proyecta como ecosistema tecnol\u00f3gico donde confluir\u00e1n empresas, universidades, instituciones p\u00fablicas y expertos de distintas disciplinas.<\/p>\n<p>Los cuatro cap\u00edtulos de la serie <strong>\u201cAut\u00f3matas: Inteligencia Artificial en el quehacer humano\u201d <\/strong>se estrenar\u00e1n en diciembre de este a\u00f1o a trav\u00e9s de <a href=\"https:\/\/uplatv.cl\/\" target=\"_blank\" rel=\"noopener\">uplatv.cl<\/a> y ser\u00e1n exhibidos por canales de <a href=\"https:\/\/www.uestv.cl\/\" target=\"_blank\" rel=\"noopener\">UESTV<\/a>, y la Corporaci\u00f3n de medios de comunicaci\u00f3n de las Universidades del Estado de Chile.<\/p>\n<div id='gallery-1' class='gallery galleryid-190876 gallery-columns-3 gallery-size-medium'><figure class='gallery-item'>\n\t\t\t<div class='gallery-icon landscape'>\n\t\t\t\t<a href=\"https:\/\/upla.cl\/noticias\/wp-content\/uploads\/2025\/10\/automatas_uplatv_facultadingenieriaupla1.jpg\"><img loading=\"lazy\" decoding=\"async\" width=\"300\" height=\"225\" src=\"https:\/\/upla.cl\/noticias\/wp-content\/uploads\/2025\/10\/automatas_uplatv_facultadingenieriaupla1-300x225.jpg\" class=\"attachment-medium size-medium\" alt=\"\" srcset=\"https:\/\/upla.cl\/noticias\/wp-content\/uploads\/2025\/10\/automatas_uplatv_facultadingenieriaupla1-300x225.jpg 300w, https:\/\/upla.cl\/noticias\/wp-content\/uploads\/2025\/10\/automatas_uplatv_facultadingenieriaupla1-1024x768.jpg 1024w, https:\/\/upla.cl\/noticias\/wp-content\/uploads\/2025\/10\/automatas_uplatv_facultadingenieriaupla1-150x113.jpg 150w, https:\/\/upla.cl\/noticias\/wp-content\/uploads\/2025\/10\/automatas_uplatv_facultadingenieriaupla1-768x576.jpg 768w, https:\/\/upla.cl\/noticias\/wp-content\/uploads\/2025\/10\/automatas_uplatv_facultadingenieriaupla1-1536x1152.jpg 1536w, https:\/\/upla.cl\/noticias\/wp-content\/uploads\/2025\/10\/automatas_uplatv_facultadingenieriaupla1.jpg 1920w\" sizes=\"auto, (max-width: 300px) 100vw, 300px\" \/><\/a>\n\t\t\t<\/div><\/figure><figure class='gallery-item'>\n\t\t\t<div class='gallery-icon landscape'>\n\t\t\t\t<a href=\"https:\/\/upla.cl\/noticias\/wp-content\/uploads\/2025\/10\/automatas_uplatv_facultadingenieriaupla2.jpg\"><img loading=\"lazy\" decoding=\"async\" width=\"300\" height=\"225\" src=\"https:\/\/upla.cl\/noticias\/wp-content\/uploads\/2025\/10\/automatas_uplatv_facultadingenieriaupla2-300x225.jpg\" class=\"attachment-medium size-medium\" alt=\"\" srcset=\"https:\/\/upla.cl\/noticias\/wp-content\/uploads\/2025\/10\/automatas_uplatv_facultadingenieriaupla2-300x225.jpg 300w, https:\/\/upla.cl\/noticias\/wp-content\/uploads\/2025\/10\/automatas_uplatv_facultadingenieriaupla2-1024x768.jpg 1024w, https:\/\/upla.cl\/noticias\/wp-content\/uploads\/2025\/10\/automatas_uplatv_facultadingenieriaupla2-150x113.jpg 150w, https:\/\/upla.cl\/noticias\/wp-content\/uploads\/2025\/10\/automatas_uplatv_facultadingenieriaupla2-768x576.jpg 768w, https:\/\/upla.cl\/noticias\/wp-content\/uploads\/2025\/10\/automatas_uplatv_facultadingenieriaupla2-1536x1152.jpg 1536w, https:\/\/upla.cl\/noticias\/wp-content\/uploads\/2025\/10\/automatas_uplatv_facultadingenieriaupla2.jpg 1920w\" sizes=\"auto, (max-width: 300px) 100vw, 300px\" \/><\/a>\n\t\t\t<\/div><\/figure><figure class='gallery-item'>\n\t\t\t<div class='gallery-icon landscape'>\n\t\t\t\t<a href=\"https:\/\/upla.cl\/noticias\/wp-content\/uploads\/2025\/10\/automatas_uplatv_facultadingenieriaupla3.jpg\"><img loading=\"lazy\" decoding=\"async\" width=\"300\" height=\"225\" src=\"https:\/\/upla.cl\/noticias\/wp-content\/uploads\/2025\/10\/automatas_uplatv_facultadingenieriaupla3-300x225.jpg\" class=\"attachment-medium size-medium\" alt=\"\" srcset=\"https:\/\/upla.cl\/noticias\/wp-content\/uploads\/2025\/10\/automatas_uplatv_facultadingenieriaupla3-300x225.jpg 300w, https:\/\/upla.cl\/noticias\/wp-content\/uploads\/2025\/10\/automatas_uplatv_facultadingenieriaupla3-1024x768.jpg 1024w, https:\/\/upla.cl\/noticias\/wp-content\/uploads\/2025\/10\/automatas_uplatv_facultadingenieriaupla3-150x113.jpg 150w, https:\/\/upla.cl\/noticias\/wp-content\/uploads\/2025\/10\/automatas_uplatv_facultadingenieriaupla3-768x576.jpg 768w, https:\/\/upla.cl\/noticias\/wp-content\/uploads\/2025\/10\/automatas_uplatv_facultadingenieriaupla3-1536x1152.jpg 1536w, https:\/\/upla.cl\/noticias\/wp-content\/uploads\/2025\/10\/automatas_uplatv_facultadingenieriaupla3.jpg 1920w\" sizes=\"auto, (max-width: 300px) 100vw, 300px\" \/><\/a>\n\t\t\t<\/div><\/figure><figure class='gallery-item'>\n\t\t\t<div class='gallery-icon landscape'>\n\t\t\t\t<a href=\"https:\/\/upla.cl\/noticias\/wp-content\/uploads\/2025\/10\/automatas_uplatv_facultadingenieriaupla4.jpg\"><img loading=\"lazy\" decoding=\"async\" width=\"300\" height=\"225\" src=\"https:\/\/upla.cl\/noticias\/wp-content\/uploads\/2025\/10\/automatas_uplatv_facultadingenieriaupla4-300x225.jpg\" class=\"attachment-medium size-medium\" alt=\"\" srcset=\"https:\/\/upla.cl\/noticias\/wp-content\/uploads\/2025\/10\/automatas_uplatv_facultadingenieriaupla4-300x225.jpg 300w, https:\/\/upla.cl\/noticias\/wp-content\/uploads\/2025\/10\/automatas_uplatv_facultadingenieriaupla4-1024x768.jpg 1024w, https:\/\/upla.cl\/noticias\/wp-content\/uploads\/2025\/10\/automatas_uplatv_facultadingenieriaupla4-150x113.jpg 150w, https:\/\/upla.cl\/noticias\/wp-content\/uploads\/2025\/10\/automatas_uplatv_facultadingenieriaupla4-768x576.jpg 768w, https:\/\/upla.cl\/noticias\/wp-content\/uploads\/2025\/10\/automatas_uplatv_facultadingenieriaupla4-1536x1152.jpg 1536w, https:\/\/upla.cl\/noticias\/wp-content\/uploads\/2025\/10\/automatas_uplatv_facultadingenieriaupla4.jpg 1920w\" sizes=\"auto, (max-width: 300px) 100vw, 300px\" \/><\/a>\n\t\t\t<\/div><\/figure><figure class='gallery-item'>\n\t\t\t<div class='gallery-icon landscape'>\n\t\t\t\t<a href=\"https:\/\/upla.cl\/noticias\/wp-content\/uploads\/2025\/10\/automatas_uplatv_facultadingenieriaupla5.jpg\"><img loading=\"lazy\" decoding=\"async\" width=\"300\" height=\"225\" src=\"https:\/\/upla.cl\/noticias\/wp-content\/uploads\/2025\/10\/automatas_uplatv_facultadingenieriaupla5-300x225.jpg\" class=\"attachment-medium size-medium\" alt=\"\" srcset=\"https:\/\/upla.cl\/noticias\/wp-content\/uploads\/2025\/10\/automatas_uplatv_facultadingenieriaupla5-300x225.jpg 300w, https:\/\/upla.cl\/noticias\/wp-content\/uploads\/2025\/10\/automatas_uplatv_facultadingenieriaupla5-1024x768.jpg 1024w, https:\/\/upla.cl\/noticias\/wp-content\/uploads\/2025\/10\/automatas_uplatv_facultadingenieriaupla5-150x113.jpg 150w, https:\/\/upla.cl\/noticias\/wp-content\/uploads\/2025\/10\/automatas_uplatv_facultadingenieriaupla5-768x576.jpg 768w, https:\/\/upla.cl\/noticias\/wp-content\/uploads\/2025\/10\/automatas_uplatv_facultadingenieriaupla5-1536x1152.jpg 1536w, https:\/\/upla.cl\/noticias\/wp-content\/uploads\/2025\/10\/automatas_uplatv_facultadingenieriaupla5.jpg 1920w\" sizes=\"auto, (max-width: 300px) 100vw, 300px\" \/><\/a>\n\t\t\t<\/div><\/figure><figure class='gallery-item'>\n\t\t\t<div class='gallery-icon landscape'>\n\t\t\t\t<a href=\"https:\/\/upla.cl\/noticias\/wp-content\/uploads\/2025\/10\/automatas_uplatv_facultadingenieriaupla6.jpg\"><img loading=\"lazy\" decoding=\"async\" width=\"300\" height=\"225\" src=\"https:\/\/upla.cl\/noticias\/wp-content\/uploads\/2025\/10\/automatas_uplatv_facultadingenieriaupla6-300x225.jpg\" class=\"attachment-medium size-medium\" alt=\"\" srcset=\"https:\/\/upla.cl\/noticias\/wp-content\/uploads\/2025\/10\/automatas_uplatv_facultadingenieriaupla6-300x225.jpg 300w, https:\/\/upla.cl\/noticias\/wp-content\/uploads\/2025\/10\/automatas_uplatv_facultadingenieriaupla6-1024x768.jpg 1024w, https:\/\/upla.cl\/noticias\/wp-content\/uploads\/2025\/10\/automatas_uplatv_facultadingenieriaupla6-150x113.jpg 150w, https:\/\/upla.cl\/noticias\/wp-content\/uploads\/2025\/10\/automatas_uplatv_facultadingenieriaupla6-768x576.jpg 768w, https:\/\/upla.cl\/noticias\/wp-content\/uploads\/2025\/10\/automatas_uplatv_facultadingenieriaupla6-1536x1152.jpg 1536w, https:\/\/upla.cl\/noticias\/wp-content\/uploads\/2025\/10\/automatas_uplatv_facultadingenieriaupla6.jpg 1920w\" sizes=\"auto, (max-width: 300px) 100vw, 300px\" \/><\/a>\n\t\t\t<\/div><\/figure>\n\t\t<\/div>\n\n","protected":false},"excerpt":{"rendered":"<p>La serie, que problematiza el lugar de la Inteligencia Artificial en temas como la educaci\u00f3n, el trabajo, la cultura y el medio ambiente, ha sido grabada en Valpara\u00edso en su totalidad y estar\u00e1 disponible en plataformas digitales en diciembre de este a\u00f1o.<\/p>\n","protected":false},"author":2,"featured_media":190926,"comment_status":"closed","ping_status":"open","sticky":false,"template":"","format":"standard","meta":{"footnotes":""},"categories":[40,51,96,101,97,78,206,43,137,91],"tags":[],"class_list":["post-190876","post","type-post","status-publish","format-standard","has-post-thumbnail","","category-destacados","category-academia","category-academicos","category-docencia","category-estudiantes","category-facultad-de-ingenieria","category-innovacion","category-investigacion","category-upla-tv","category-vinculacion-con-el-medio"],"_links":{"self":[{"href":"https:\/\/upla.cl\/noticias\/wp-json\/wp\/v2\/posts\/190876","targetHints":{"allow":["GET"]}}],"collection":[{"href":"https:\/\/upla.cl\/noticias\/wp-json\/wp\/v2\/posts"}],"about":[{"href":"https:\/\/upla.cl\/noticias\/wp-json\/wp\/v2\/types\/post"}],"author":[{"embeddable":true,"href":"https:\/\/upla.cl\/noticias\/wp-json\/wp\/v2\/users\/2"}],"replies":[{"embeddable":true,"href":"https:\/\/upla.cl\/noticias\/wp-json\/wp\/v2\/comments?post=190876"}],"version-history":[{"count":0,"href":"https:\/\/upla.cl\/noticias\/wp-json\/wp\/v2\/posts\/190876\/revisions"}],"wp:featuredmedia":[{"embeddable":true,"href":"https:\/\/upla.cl\/noticias\/wp-json\/wp\/v2\/media\/190926"}],"wp:attachment":[{"href":"https:\/\/upla.cl\/noticias\/wp-json\/wp\/v2\/media?parent=190876"}],"wp:term":[{"taxonomy":"category","embeddable":true,"href":"https:\/\/upla.cl\/noticias\/wp-json\/wp\/v2\/categories?post=190876"},{"taxonomy":"post_tag","embeddable":true,"href":"https:\/\/upla.cl\/noticias\/wp-json\/wp\/v2\/tags?post=190876"}],"curies":[{"name":"wp","href":"https:\/\/api.w.org\/{rel}","templated":true}]}}