{"id":190956,"date":"2025-10-16T17:02:02","date_gmt":"2025-10-16T20:02:02","guid":{"rendered":"https:\/\/www.upla.cl\/noticias\/?p=190956"},"modified":"2025-10-17T10:25:41","modified_gmt":"2025-10-17T13:25:41","slug":"upla-conmemora-el-dia-del-profesor-y-profesora-con-homenaje-a-gabriela-mistral-a-80-anos-de-su-nobel","status":"publish","type":"post","link":"https:\/\/upla.cl\/noticias\/2025\/10\/16\/upla-conmemora-el-dia-del-profesor-y-profesora-con-homenaje-a-gabriela-mistral-a-80-anos-de-su-nobel\/","title":{"rendered":"UPLA conmemora el D\u00eda del Profesor y Profesora con homenaje a Gabriela Mistral a 80 a\u00f1os de su Nobel"},"content":{"rendered":"<p><a href=\"https:\/\/www.upla.cl\/noticias\/wp-content\/uploads\/2025\/10\/dia_del_profesor_5_.jpg\"><img loading=\"lazy\" decoding=\"async\" class=\"aligncenter size-large wp-image-190985\" src=\"https:\/\/www.upla.cl\/noticias\/wp-content\/uploads\/2025\/10\/dia_del_profesor_5_-1024x670.jpg\" alt=\"\" width=\"618\" height=\"404\" srcset=\"https:\/\/upla.cl\/noticias\/wp-content\/uploads\/2025\/10\/dia_del_profesor_5_-1024x670.jpg 1024w, https:\/\/upla.cl\/noticias\/wp-content\/uploads\/2025\/10\/dia_del_profesor_5_-300x196.jpg 300w, https:\/\/upla.cl\/noticias\/wp-content\/uploads\/2025\/10\/dia_del_profesor_5_-150x98.jpg 150w, https:\/\/upla.cl\/noticias\/wp-content\/uploads\/2025\/10\/dia_del_profesor_5_-768x503.jpg 768w, https:\/\/upla.cl\/noticias\/wp-content\/uploads\/2025\/10\/dia_del_profesor_5_-1536x1006.jpg 1536w, https:\/\/upla.cl\/noticias\/wp-content\/uploads\/2025\/10\/dia_del_profesor_5_.jpg 1920w\" sizes=\"auto, (max-width: 618px) 100vw, 618px\" \/><\/a><\/p>\n<p>Con una ceremonia en el Aula Dr. F\u00e9lix Morales Pettorino, la Universidad de Playa Ancha (UPLA) celebr\u00f3 el D\u00eda del Profesor y Profesora, rindiendo un merecido reconocimiento a la vocaci\u00f3n, entrega y la huella imborrable de los docentes en las generaciones que han pasado por las aulas.<\/p>\n<p>La celebraci\u00f3n a quienes dedican su vida a ense\u00f1ar, a formar personas y a construir futuro, fue el marco preciso para homenajear a la poeta y educadora Gabriela Mistral. Pues se record\u00f3 que en 1945 , hace exactamente ochenta a\u00f1os, se convirti\u00f3 en la primera escritora latinoamericana en recibir el Premio Nobel de Literatura. Su legado, profundamente ligado a la educaci\u00f3n y la justicia social, fue destacado como la esencia del quehacer pedag\u00f3gico. Mistral fue, antes que nada, profesora, sembrando palabras que a\u00fan \u00abflorecen en cada educador y educadora que ense\u00f1a con amor, esperanza y convicci\u00f3n\u00bb.<\/p>\n<p><a href=\"https:\/\/www.upla.cl\/noticias\/wp-content\/uploads\/2025\/10\/dia_del_profesor_2.jpg\"><img loading=\"lazy\" decoding=\"async\" class=\"size-medium wp-image-190978 alignright\" src=\"https:\/\/www.upla.cl\/noticias\/wp-content\/uploads\/2025\/10\/dia_del_profesor_2-300x194.jpg\" alt=\"\" width=\"300\" height=\"194\" srcset=\"https:\/\/upla.cl\/noticias\/wp-content\/uploads\/2025\/10\/dia_del_profesor_2-300x194.jpg 300w, https:\/\/upla.cl\/noticias\/wp-content\/uploads\/2025\/10\/dia_del_profesor_2-1024x663.jpg 1024w, https:\/\/upla.cl\/noticias\/wp-content\/uploads\/2025\/10\/dia_del_profesor_2-150x97.jpg 150w, https:\/\/upla.cl\/noticias\/wp-content\/uploads\/2025\/10\/dia_del_profesor_2-768x497.jpg 768w, https:\/\/upla.cl\/noticias\/wp-content\/uploads\/2025\/10\/dia_del_profesor_2-1536x994.jpg 1536w, https:\/\/upla.cl\/noticias\/wp-content\/uploads\/2025\/10\/dia_del_profesor_2.jpg 1920w\" sizes=\"auto, (max-width: 300px) 100vw, 300px\" \/><\/a>A la ceremonia asisti\u00f3 el <strong>rector Carlos Gonz\u00e1lez Morales<\/strong>, la presidenta del Consejo Superior, Silvana S\u00e1ez Valladares, integrantes del Senado Universitario, la vicerrectora acad\u00e9mica, Cecilia Arriagada Correa, decanos, autoridades de la instituci\u00f3n, y representantes de las asociaciones de acad\u00e9micos y funcionarios de la UPLA.<\/p>\n<p>En la ocasi\u00f3n, el rector destac\u00f3 la labor trascendente de los profesores y profesoras en el espacio universitario, haciendo hincapi\u00e9 en la necesidad de introspecci\u00f3n \u00e9tica y la importancia del di\u00e1logo en la formaci\u00f3n frente al individualismo moderno. En sus palabras tambi\u00e9n conmemor\u00f3 a Gabriela Mistral, relevando su legado po\u00e9tico, su preocupaci\u00f3n por la infancia y su papel crucial en la reivindicaci\u00f3n de los derechos laborales del gremio docente.<\/p>\n<p><a href=\"https:\/\/www.upla.cl\/noticias\/wp-content\/uploads\/2025\/10\/dia_del_profesor_6.jpg\"><img loading=\"lazy\" decoding=\"async\" class=\"alignright size-medium wp-image-190982\" src=\"https:\/\/www.upla.cl\/noticias\/wp-content\/uploads\/2025\/10\/dia_del_profesor_6-300x215.jpg\" alt=\"\" width=\"300\" height=\"215\" srcset=\"https:\/\/upla.cl\/noticias\/wp-content\/uploads\/2025\/10\/dia_del_profesor_6-300x215.jpg 300w, https:\/\/upla.cl\/noticias\/wp-content\/uploads\/2025\/10\/dia_del_profesor_6-1024x735.jpg 1024w, https:\/\/upla.cl\/noticias\/wp-content\/uploads\/2025\/10\/dia_del_profesor_6-150x108.jpg 150w, https:\/\/upla.cl\/noticias\/wp-content\/uploads\/2025\/10\/dia_del_profesor_6-768x551.jpg 768w, https:\/\/upla.cl\/noticias\/wp-content\/uploads\/2025\/10\/dia_del_profesor_6-1536x1102.jpg 1536w, https:\/\/upla.cl\/noticias\/wp-content\/uploads\/2025\/10\/dia_del_profesor_6.jpg 1697w\" sizes=\"auto, (max-width: 300px) 100vw, 300px\" \/><\/a>\u00abLas y los profesores son los agentes de cambio m\u00e1s grandes que existen<b class=\"ng-star-inserted\" data-start-index=\"3812\">.<\/b><span class=\"ng-star-inserted\" data-start-index=\"3813\"> Todo el d\u00eda estamos aprendiendo<\/span><span class=\"ng-star-inserted\" data-start-index=\"3845\">. Todos los d\u00edas tenemos nuevos desaf\u00edos, nuevas estrategias, metodolog\u00edas, orientaciones y nuevas maneras de ver el mundo y de sentirlo\u00bb<\/span><span class=\"ng-star-inserted\" data-start-index=\"3994\">. A partir de eso, Gonz\u00e1lez Morales invit\u00f3 a preguntarse \u00ab\u00bfcu\u00e1nta \u00e9tica se entrega en el proceso formativo? \u00bfDe qu\u00e9 manera soy m\u00e1s generoso? \u00bfSoy m\u00e1s cr\u00edtico? \u00bfSoy m\u00e1s orientador? \u00bfSoy m\u00e1s acogedor con las distintas dificultades que hoy d\u00eda se viven en distintos planos?\u00bfC\u00f3mo traduzco aquello?\u00bb.<\/span><\/p>\n<p>Finalmente, la m\u00e1xima autoridad universitaria reconoci\u00f3\u00a0la importante contribuci\u00f3n de las y los profesores en el fortalecimiento de la educaci\u00f3n p\u00fablica como un pilar esencial de la sociedad y en la construcci\u00f3n de comunidad.<\/p>\n<p><a href=\"https:\/\/www.upla.cl\/noticias\/wp-content\/uploads\/2025\/10\/dia_del_profesor_3.jpg\"><img loading=\"lazy\" decoding=\"async\" class=\"alignright wp-image-190979\" src=\"https:\/\/www.upla.cl\/noticias\/wp-content\/uploads\/2025\/10\/dia_del_profesor_3-300x215.jpg\" alt=\"\" width=\"267\" height=\"191\" srcset=\"https:\/\/upla.cl\/noticias\/wp-content\/uploads\/2025\/10\/dia_del_profesor_3-300x215.jpg 300w, https:\/\/upla.cl\/noticias\/wp-content\/uploads\/2025\/10\/dia_del_profesor_3-1024x735.jpg 1024w, https:\/\/upla.cl\/noticias\/wp-content\/uploads\/2025\/10\/dia_del_profesor_3-150x108.jpg 150w, https:\/\/upla.cl\/noticias\/wp-content\/uploads\/2025\/10\/dia_del_profesor_3-768x551.jpg 768w, https:\/\/upla.cl\/noticias\/wp-content\/uploads\/2025\/10\/dia_del_profesor_3.jpg 1397w\" sizes=\"auto, (max-width: 267px) 100vw, 267px\" \/><\/a>En tanto, en representaci\u00f3n de la <strong>Asociaci\u00f3n de Funcionarias y Funcionarios Acad\u00e9micos, AFA, la acad\u00e9mica de la <a href=\"https:\/\/upla.cl\/facultad\/cienciassalud\/\">Facultad de Ciencias de la Salud<\/a>, Loredana Dur\u00e1n Montero<\/strong>, expres\u00f3 que lo que se celebra es la labor, la entrega y el amor por ense\u00f1ar. \u00abQue este d\u00eda nos recuerde que ser acad\u00e9micos y acad\u00e9micas tambi\u00e9n es un acto de esperanza, de resistencia y de profundo humanismo\u00bb.<\/p>\n<p>Desde la <strong>Asociaci\u00f3n de Funcionarios de la Universidad de Playa Ancha, AFUP del Nuevo Milenio, su presidente Jorge Antinopai Rodr\u00edguez<\/strong>, sostuvo que \u00abno estamos simplemente cumpliendo con un calendario, estamos celebrando el pilar fundamental sobre el que se construye nuestra sociedad, la vocaci\u00f3n <a href=\"https:\/\/www.upla.cl\/noticias\/wp-content\/uploads\/2025\/10\/dia_del_profesor_4.jpg\"><img loading=\"lazy\" decoding=\"async\" class=\"alignright wp-image-190980\" src=\"https:\/\/www.upla.cl\/noticias\/wp-content\/uploads\/2025\/10\/dia_del_profesor_4-300x253.jpg\" alt=\"\" width=\"257\" height=\"217\" srcset=\"https:\/\/upla.cl\/noticias\/wp-content\/uploads\/2025\/10\/dia_del_profesor_4-300x253.jpg 300w, https:\/\/upla.cl\/noticias\/wp-content\/uploads\/2025\/10\/dia_del_profesor_4-150x127.jpg 150w, https:\/\/upla.cl\/noticias\/wp-content\/uploads\/2025\/10\/dia_del_profesor_4-768x648.jpg 768w, https:\/\/upla.cl\/noticias\/wp-content\/uploads\/2025\/10\/dia_del_profesor_4.jpg 866w\" sizes=\"auto, (max-width: 257px) 100vw, 257px\" \/><\/a>docente. Cada uno de ustedes es un arquitecto de sue\u00f1os, un sembrador de curiosidad y el faro que ilumina los caminos a veces inciertos de nuestros estudiantes\u00bb.<\/p>\n<p data-wp-editing=\"1\">La actividad tuvo especial momento de emoci\u00f3n con la interpretaci\u00f3n de temas de V\u00edctor Jara, \u00abManifiesto\u00bb y de Violeta Parra, \u00abLa Jardinera\u00bb, a cargo de los profesores de Educaci\u00f3n Musical titulados en nuestra Universidad, Roxana Flores y Oliver Leiva, y de la actual estudiante de dicha carrera, Beatriz Mendoza.<\/p>\n<p>&nbsp;<\/p>\n","protected":false},"excerpt":{"rendered":"<p>La Universidad de Playa Ancha celebr\u00f3 esta fecha, rindiendo un merecido reconocimiento a la vocaci\u00f3n, entrega y la huella imborrable de los docentes en las generaciones que han pasado por las aulas, y recordando el legado a la educaci\u00f3n de la poeta y maestra Gabriela Mistral.<\/p>\n","protected":false},"author":10,"featured_media":190985,"comment_status":"closed","ping_status":"open","sticky":false,"template":"","format":"standard","meta":{"footnotes":""},"categories":[51,96,40,101,411],"tags":[],"class_list":["post-190956","post","type-post","status-publish","format-standard","has-post-thumbnail","","category-academia","category-academicos","category-destacados","category-docencia","category-educacion-musical"],"_links":{"self":[{"href":"https:\/\/upla.cl\/noticias\/wp-json\/wp\/v2\/posts\/190956","targetHints":{"allow":["GET"]}}],"collection":[{"href":"https:\/\/upla.cl\/noticias\/wp-json\/wp\/v2\/posts"}],"about":[{"href":"https:\/\/upla.cl\/noticias\/wp-json\/wp\/v2\/types\/post"}],"author":[{"embeddable":true,"href":"https:\/\/upla.cl\/noticias\/wp-json\/wp\/v2\/users\/10"}],"replies":[{"embeddable":true,"href":"https:\/\/upla.cl\/noticias\/wp-json\/wp\/v2\/comments?post=190956"}],"version-history":[{"count":0,"href":"https:\/\/upla.cl\/noticias\/wp-json\/wp\/v2\/posts\/190956\/revisions"}],"wp:featuredmedia":[{"embeddable":true,"href":"https:\/\/upla.cl\/noticias\/wp-json\/wp\/v2\/media\/190985"}],"wp:attachment":[{"href":"https:\/\/upla.cl\/noticias\/wp-json\/wp\/v2\/media?parent=190956"}],"wp:term":[{"taxonomy":"category","embeddable":true,"href":"https:\/\/upla.cl\/noticias\/wp-json\/wp\/v2\/categories?post=190956"},{"taxonomy":"post_tag","embeddable":true,"href":"https:\/\/upla.cl\/noticias\/wp-json\/wp\/v2\/tags?post=190956"}],"curies":[{"name":"wp","href":"https:\/\/api.w.org\/{rel}","templated":true}]}}