{"id":190993,"date":"2025-10-16T16:15:25","date_gmt":"2025-10-16T19:15:25","guid":{"rendered":"https:\/\/www.upla.cl\/noticias\/?p=190993"},"modified":"2025-10-16T17:26:30","modified_gmt":"2025-10-16T20:26:30","slug":"invitan-a-trabajadores-y-dirigentes-de-servicios-sanitarios-rurales-de-choapa-a-capacitarse-de-forma-gratuita-en-la-region-de-coquimbo","status":"publish","type":"post","link":"https:\/\/upla.cl\/noticias\/2025\/10\/16\/invitan-a-trabajadores-y-dirigentes-de-servicios-sanitarios-rurales-de-choapa-a-capacitarse-de-forma-gratuita-en-la-region-de-coquimbo\/","title":{"rendered":"Invitan a trabajadores y dirigentes de Servicios Sanitarios Rurales de Choapa a capacitarse de forma gratuita en la  regi\u00f3n de Coquimbo"},"content":{"rendered":"<p><a href=\"https:\/\/www.upla.cl\/noticias\/wp-content\/uploads\/2025\/10\/capacitacion_choapa_.jpg\"><img loading=\"lazy\" decoding=\"async\" class=\"alignright size-medium wp-image-191000\" src=\"https:\/\/www.upla.cl\/noticias\/wp-content\/uploads\/2025\/10\/capacitacion_choapa_-240x300.jpg\" alt=\"\" width=\"240\" height=\"300\" srcset=\"https:\/\/upla.cl\/noticias\/wp-content\/uploads\/2025\/10\/capacitacion_choapa_-240x300.jpg 240w, https:\/\/upla.cl\/noticias\/wp-content\/uploads\/2025\/10\/capacitacion_choapa_-819x1024.jpg 819w, https:\/\/upla.cl\/noticias\/wp-content\/uploads\/2025\/10\/capacitacion_choapa_-120x150.jpg 120w, https:\/\/upla.cl\/noticias\/wp-content\/uploads\/2025\/10\/capacitacion_choapa_-768x960.jpg 768w, https:\/\/upla.cl\/noticias\/wp-content\/uploads\/2025\/10\/capacitacion_choapa_-1229x1536.jpg 1229w, https:\/\/upla.cl\/noticias\/wp-content\/uploads\/2025\/10\/capacitacion_choapa_.jpg 1600w\" sizes=\"auto, (max-width: 240px) 100vw, 240px\" \/><\/a>Dirigentes, personal administrativo y operadores de los Servicios Sanitarios Rurales (SSR) de toda la regi\u00f3n y de la provincia del Choapa podr\u00e1n acceder a cursos de capacitaci\u00f3n gratuitos y certificados, gracias a un programa formativo de la Subdirecci\u00f3n de Subdirecci\u00f3n de Servicios Sanitarios Rurales de la DOH del MOP en alianza con la Universidad de Playa Ancha, a trav\u00e9s de su <strong>Centro de Estudios Ambientales (CEAM), <\/strong>alojado en la<strong><a href=\"https:\/\/upla.cl\/facultad\/cienciasnaturalesyexactas\/\"> Facultad de Ciencias Naturales y Exactas<\/a>.<\/strong><\/p>\n<p>El objetivo del programa es entregar herramientas te\u00f3ricas y pr\u00e1cticas que permitan mejorar la gesti\u00f3n t\u00e9cnica, legal y financiera de los servicios de agua potable rural, fortaleciendo as\u00ed su sostenibilidad y eficiencia a largo<br \/>\nplazo.<\/p>\n<p>Los cursos se impartir\u00e1n en modalidad presencial y virtual, para dirigentes, secretarias administrativas y administradores generales de los SSR, y para los operadores. Est\u00e1n divididos en tres m\u00f3dulos especializados:<\/p>\n<p>\u2022 M\u00f3dulo I: Marco Legal y Financiero para Dirigentes de los SSR<\/p>\n<p>\u2022 M\u00f3dulo II: Administraci\u00f3n Financiera, Contable y Jur\u00eddica para Personal Administrativo<\/p>\n<p>\u2022 M\u00f3dulo III: Operaci\u00f3n, Mantenimiento e Innovaci\u00f3n en Nuevos Materiales, Calidad del Agua y Estrategias de Prevenci\u00f3n de Riesgos.<\/p>\n<p>Cada m\u00f3dulo contempla tres talleres presenciales en la ciudad de Illapel, programados para los <strong>s\u00e1bados 18 y <\/strong><strong>25 de octubre<\/strong> y <strong>8 de noviembre<\/strong>, adem\u00e1s de instancias asincr\u00f3nicas para quienes no puedan asistir en persona. La ceremonia de <strong>certificaci\u00f3n<\/strong> se realizar\u00e1 el <strong>19 de noviembre<\/strong>.<\/p>\n<p>Desde la organizaci\u00f3n destacaron el impacto positivo que tendr\u00e1n estas capacitaciones en las comunidades rurales, se\u00f1alando que \u201ceste tipo de capacitaciones acreditadas permiten ampliar el conocimiento t\u00e9cnico de los<br \/>\ndirigentes y trabajadores de los Comit\u00e9s de APR a cargo de los SSR\u201d, sostuvo <strong>Herm\u00f3genes Rojas C\u00e1ceres, jefe de la Subdirecci\u00f3n de Servicios Sanitarios Rurales de la regi\u00f3n de Coquimbo,<\/strong> ratificando el compromiso adquirido por el Subdirector de SSR de la DOH, Alex Sep\u00falveda Mu\u00f1oz,<\/p>\n<p>Asimismo, el equipo acad\u00e9mico de la Universidad de Playa Ancha valor\u00f3 la articulaci\u00f3n entre ambas instituciones, incentivando la participaci\u00f3n: \u201cInvitamos a inscribirse en los talleres y ser protagonistas de la gesti\u00f3n comunitaria del agua, experiencia donde podr\u00e1n adquirir conocimientos, compartir y contribuir al desarrollo de su comunidad\u201d, afirm\u00f3 el <strong>director del Departamento de Matem\u00e1tica, F\u00edsica y Computaci\u00f3n, y responsable del proyecto, Luis Carrasco Cornuz.<\/strong><\/p>\n<p><strong>Postulaciones e inscripciones<\/strong><\/p>\n<p>Las inscripciones est\u00e1n abiertas hasta completar los cupos, los que se limitan a 120 personas por provincia. Las y los interesados deben enviar un correo a: <strong>cap_ceam@upla.cl<\/strong> indicando su inter\u00e9s y recibir\u00e1n el link para<br \/>\nregistrarse.<\/p>\n<p>En el caso de los talleres presenciales en Coquimbo, se dispondr\u00e1 de buses de acercamiento para facilitar la asistencia. Para obtener la certificaci\u00f3n, se requiere al menos un 75% de asistencia presencial, o 100% de participaci\u00f3n en la modalidad virtual.<\/p>\n<p><em>Fuente: Stefanie Rojas, periodista Regi\u00f3n Coquimbo, Convenio UPLA-Subdirecci\u00f3n Servicios Sanitarios Rurales-DOH.<\/em><\/p>\n","protected":false},"excerpt":{"rendered":"<p>Cada m\u00f3dulo contempla tres talleres presenciales en la ciudad de Illapel, programados para los s\u00e1bados 18 y 25 de octubre y 8 de noviembre, adem\u00e1s de instancias asincr\u00f3nicas para quienes no puedan asistir en persona.<\/p>\n","protected":false},"author":10,"featured_media":191003,"comment_status":"closed","ping_status":"open","sticky":false,"template":"","format":"standard","meta":{"footnotes":""},"categories":[51,96,40,75,98,91],"tags":[],"class_list":["post-190993","post","type-post","status-publish","format-standard","has-post-thumbnail","","category-academia","category-academicos","category-destacados","category-facultad-de-ciencias-naturales-y-exactas","category-gestion","category-vinculacion-con-el-medio"],"_links":{"self":[{"href":"https:\/\/upla.cl\/noticias\/wp-json\/wp\/v2\/posts\/190993","targetHints":{"allow":["GET"]}}],"collection":[{"href":"https:\/\/upla.cl\/noticias\/wp-json\/wp\/v2\/posts"}],"about":[{"href":"https:\/\/upla.cl\/noticias\/wp-json\/wp\/v2\/types\/post"}],"author":[{"embeddable":true,"href":"https:\/\/upla.cl\/noticias\/wp-json\/wp\/v2\/users\/10"}],"replies":[{"embeddable":true,"href":"https:\/\/upla.cl\/noticias\/wp-json\/wp\/v2\/comments?post=190993"}],"version-history":[{"count":1,"href":"https:\/\/upla.cl\/noticias\/wp-json\/wp\/v2\/posts\/190993\/revisions"}],"predecessor-version":[{"id":195113,"href":"https:\/\/upla.cl\/noticias\/wp-json\/wp\/v2\/posts\/190993\/revisions\/195113"}],"wp:featuredmedia":[{"embeddable":true,"href":"https:\/\/upla.cl\/noticias\/wp-json\/wp\/v2\/media\/191003"}],"wp:attachment":[{"href":"https:\/\/upla.cl\/noticias\/wp-json\/wp\/v2\/media?parent=190993"}],"wp:term":[{"taxonomy":"category","embeddable":true,"href":"https:\/\/upla.cl\/noticias\/wp-json\/wp\/v2\/categories?post=190993"},{"taxonomy":"post_tag","embeddable":true,"href":"https:\/\/upla.cl\/noticias\/wp-json\/wp\/v2\/tags?post=190993"}],"curies":[{"name":"wp","href":"https:\/\/api.w.org\/{rel}","templated":true}]}}