{"id":191241,"date":"2025-10-23T12:19:30","date_gmt":"2025-10-23T15:19:30","guid":{"rendered":"https:\/\/www.upla.cl\/noticias\/?p=191241"},"modified":"2025-10-23T12:35:21","modified_gmt":"2025-10-23T15:35:21","slug":"seleccion-de-balonmano-varones-upla-se-apresta-al-campeonato-nacional-fenaude-2025","status":"publish","type":"post","link":"https:\/\/upla.cl\/noticias\/2025\/10\/23\/seleccion-de-balonmano-varones-upla-se-apresta-al-campeonato-nacional-fenaude-2025\/","title":{"rendered":"Selecci\u00f3n de balonmano varones UPLA se apresta al Campeonato  Nacional FENAUDE 2025"},"content":{"rendered":"<p><!--StartFragment --><\/p>\n<p><span class=\"cf0\"><a href=\"https:\/\/www.upla.cl\/noticias\/wp-content\/uploads\/2025\/10\/equipo_balonmano_upla_2025.jpg\"><img loading=\"lazy\" decoding=\"async\" class=\"aligncenter size-large wp-image-191283\" src=\"https:\/\/www.upla.cl\/noticias\/wp-content\/uploads\/2025\/10\/equipo_balonmano_upla_2025-1024x683.jpg\" alt=\"\" width=\"618\" height=\"412\" srcset=\"https:\/\/upla.cl\/noticias\/wp-content\/uploads\/2025\/10\/equipo_balonmano_upla_2025-1024x683.jpg 1024w, https:\/\/upla.cl\/noticias\/wp-content\/uploads\/2025\/10\/equipo_balonmano_upla_2025-300x200.jpg 300w, https:\/\/upla.cl\/noticias\/wp-content\/uploads\/2025\/10\/equipo_balonmano_upla_2025-150x100.jpg 150w, https:\/\/upla.cl\/noticias\/wp-content\/uploads\/2025\/10\/equipo_balonmano_upla_2025-768x512.jpg 768w, https:\/\/upla.cl\/noticias\/wp-content\/uploads\/2025\/10\/equipo_balonmano_upla_2025-1536x1025.jpg 1536w, https:\/\/upla.cl\/noticias\/wp-content\/uploads\/2025\/10\/equipo_balonmano_upla_2025.jpg 1920w\" sizes=\"auto, (max-width: 618px) 100vw, 618px\" \/><\/a><\/span><\/p>\n<p><span class=\"cf0\">La selecci\u00f3n de balonmano varones de la Universidad de Playa Ancha (UPLA) se prepara para competir en el Campeonato Nacional Universitario de la disciplina, FENAUDE 2025, organizado por la Universidad T\u00e9cnica Federico Santa Mar\u00eda, <\/span><span class=\"cf0\">\u00a0y que se desarrollar\u00e1 en la zona central, teniendo como escenarios de juego a la instituci\u00f3n anfitriona, la Universidad Vi\u00f1a del Mar (UVM) y la Universidad de Valpara\u00edso (UV).<\/span><\/p>\n<p><span class=\"cf0\">Entre el 24 y 30 de octubre, el equipo, que logr\u00f3 un destacado tercer lugar a nivel nacional el a\u00f1o pasado, enfrenta esta edici\u00f3n con otras expectativas, debido a lesiones previas ocurridas en su plantel. <\/span><\/p>\n<p><span class=\"cf0\">El <strong>entrenador, Rodrigo Flores <\/strong><\/span><strong><span class=\"cf0\">Flores<\/span><\/strong><span class=\"cf0\">, afirm\u00f3 que \u00abel proceso de recuperaci\u00f3n ha sido lento, luego de tres fracturas graves que presentaron integrantes del equipo, lo cual claramente nos merma en la competencia, ya que tenemos un equipo justo\u00bb, explic\u00f3 Flores, quien coment\u00f3 que la expectativa est\u00e1 puesta en que los jugadores que vienen saliendo de estas lesiones \u00abse integren r\u00e1pidamente a un sistema colectivo de juego y recuperen su forma f\u00edsica\u00bb.<\/span><\/p>\n<p><span class=\"cf0\"><a href=\"https:\/\/www.upla.cl\/noticias\/wp-content\/uploads\/2025\/10\/daniel_curiqueo.jpg\"><img loading=\"lazy\" decoding=\"async\" class=\"alignright size-medium wp-image-191284\" src=\"https:\/\/www.upla.cl\/noticias\/wp-content\/uploads\/2025\/10\/daniel_curiqueo-300x229.jpg\" alt=\"\" width=\"300\" height=\"229\" srcset=\"https:\/\/upla.cl\/noticias\/wp-content\/uploads\/2025\/10\/daniel_curiqueo-300x229.jpg 300w, https:\/\/upla.cl\/noticias\/wp-content\/uploads\/2025\/10\/daniel_curiqueo-1024x782.jpg 1024w, https:\/\/upla.cl\/noticias\/wp-content\/uploads\/2025\/10\/daniel_curiqueo-150x115.jpg 150w, https:\/\/upla.cl\/noticias\/wp-content\/uploads\/2025\/10\/daniel_curiqueo-768x587.jpg 768w, https:\/\/upla.cl\/noticias\/wp-content\/uploads\/2025\/10\/daniel_curiqueo-1536x1174.jpg 1536w, https:\/\/upla.cl\/noticias\/wp-content\/uploads\/2025\/10\/daniel_curiqueo.jpg 1920w\" sizes=\"auto, (max-width: 300px) 100vw, 300px\" \/><\/a>Uno de los deportistas que se reintegra es <strong>Daniel\u00a0 Curiqueo Montesino, estudiante de cuarto a\u00f1o de <a href=\"https:\/\/upla.cl\/facultad\/cienciassalud\/kinesiologia\/\">Kinesiolog\u00eda<\/a>,<\/strong> quien practica balonmano desde sus a\u00f1os de colegio. Pese a la lesi\u00f3n que lo mantuvo alejado de la cancha 2 meses y medio, el jugador manifest\u00f3 su entusiasmo por representar a la UPLA. \u00abHa sido lindo siempre competir por la UPLA, me encanta jugar por la Universidad, es\u00a0 una sensaci\u00f3n diferente a jugar en otra parte\u00bb, sostuvo.<\/span><\/p>\n<p><span class=\"cf0\">Consciente del \u00e9xito del a\u00f1o anterior, Curiqueo se enfoca en el disfrute y en la buena convivencia del plantel. \u00abYo espero no m\u00e1s pasarla bien\u00bb. Asimismo, destac\u00f3 la relaci\u00f3n interna del equipo: \u00abLa convivencia en el equipo es superbuena, nos llevamos todos bien, nos conocemos de antes, entonces es lindo jugar todos juntos\u00bb.<\/span><\/p>\n<p><!--StartFragment --><span class=\"cf0\">El entrenador Flores tambi\u00e9n hizo un llamado a la comunidad universitaria para motivar la incorporaci\u00f3n de nuevos talentos al deporte. Reconoci\u00f3 que, a diferencia de disciplinas m\u00e1s masivas como el f\u00fatbol, el handball requiere una formaci\u00f3n m\u00e1s espec\u00edfica en etapas anteriores, lo que dificulta la llegada de deportistas ya formados a la universidad. El cuerpo t\u00e9cnico est\u00e1 explorando estrategias para reclutar, como la b\u00fasqueda de jugadores con ciertas caracter\u00edsticas antropom\u00e9tricas o la \u00abreconversi\u00f3n\u00bb de deportistas de otras disciplinas, con miras a asegurar el futuro competitivo de la selecci\u00f3n.<\/span><!--EndFragment --><\/p>\n<p><span class=\"cf0\">La selecci\u00f3n de balonmano varones UPLA buscar\u00e1, m\u00e1s all\u00e1 de los resultados, consolidar el proceso de recuperaci\u00f3n de sus jugadores y seguir fortaleciendo el esp\u00edritu deportivo y de equipo que los caracteriza.<\/span><\/p>\n<p><!--EndFragment --><\/p>\n","protected":false},"excerpt":{"rendered":"<p>Entre el 24 y 30 de octubre, el equipo, que logr\u00f3 un destacado tercer lugar a nivel nacional el a\u00f1o pasado, competir\u00e1 en la zona, en evento organizado por la Universidad T\u00e9cnica Federico Santa Mar\u00eda.<\/p>\n","protected":false},"author":10,"featured_media":191283,"comment_status":"closed","ping_status":"open","sticky":false,"template":"","format":"standard","meta":{"footnotes":""},"categories":[40,42,201,113,91],"tags":[],"class_list":["post-191241","post","type-post","status-publish","format-standard","has-post-thumbnail","","category-destacados","category-deportes","category-desarrollo-estudiantil","category-universidades-en-red","category-vinculacion-con-el-medio"],"_links":{"self":[{"href":"https:\/\/upla.cl\/noticias\/wp-json\/wp\/v2\/posts\/191241","targetHints":{"allow":["GET"]}}],"collection":[{"href":"https:\/\/upla.cl\/noticias\/wp-json\/wp\/v2\/posts"}],"about":[{"href":"https:\/\/upla.cl\/noticias\/wp-json\/wp\/v2\/types\/post"}],"author":[{"embeddable":true,"href":"https:\/\/upla.cl\/noticias\/wp-json\/wp\/v2\/users\/10"}],"replies":[{"embeddable":true,"href":"https:\/\/upla.cl\/noticias\/wp-json\/wp\/v2\/comments?post=191241"}],"version-history":[{"count":0,"href":"https:\/\/upla.cl\/noticias\/wp-json\/wp\/v2\/posts\/191241\/revisions"}],"wp:featuredmedia":[{"embeddable":true,"href":"https:\/\/upla.cl\/noticias\/wp-json\/wp\/v2\/media\/191283"}],"wp:attachment":[{"href":"https:\/\/upla.cl\/noticias\/wp-json\/wp\/v2\/media?parent=191241"}],"wp:term":[{"taxonomy":"category","embeddable":true,"href":"https:\/\/upla.cl\/noticias\/wp-json\/wp\/v2\/categories?post=191241"},{"taxonomy":"post_tag","embeddable":true,"href":"https:\/\/upla.cl\/noticias\/wp-json\/wp\/v2\/tags?post=191241"}],"curies":[{"name":"wp","href":"https:\/\/api.w.org\/{rel}","templated":true}]}}