{"id":191310,"date":"2025-10-24T09:51:36","date_gmt":"2025-10-24T12:51:36","guid":{"rendered":"https:\/\/www.upla.cl\/noticias\/?p=191310"},"modified":"2025-10-24T13:19:56","modified_gmt":"2025-10-24T16:19:56","slug":"rio-de-janeiro-academico-oscar-rubio-guio-a-nadadores-chilenos-hasta-el-podio-en-el-sudamericano-juvenil","status":"publish","type":"post","link":"https:\/\/upla.cl\/noticias\/2025\/10\/24\/rio-de-janeiro-academico-oscar-rubio-guio-a-nadadores-chilenos-hasta-el-podio-en-el-sudamericano-juvenil\/","title":{"rendered":"R\u00edo de Janeiro: Acad\u00e9mico \u00d3scar Rubio gui\u00f3 a nadadores chilenos hasta el podio en el Sudamericano Juvenil"},"content":{"rendered":"<figure id=\"attachment_191366\" aria-describedby=\"caption-attachment-191366\" style=\"width: 618px\" class=\"wp-caption aligncenter\"><a href=\"https:\/\/www.upla.cl\/noticias\/wp-content\/uploads\/2025\/10\/FEDACHI.jpeg\"><img loading=\"lazy\" decoding=\"async\" class=\"wp-image-191366 size-large\" src=\"https:\/\/www.upla.cl\/noticias\/wp-content\/uploads\/2025\/10\/FEDACHI-1024x682.jpeg\" alt=\"\" width=\"618\" height=\"412\" srcset=\"https:\/\/upla.cl\/noticias\/wp-content\/uploads\/2025\/10\/FEDACHI-1024x682.jpeg 1024w, https:\/\/upla.cl\/noticias\/wp-content\/uploads\/2025\/10\/FEDACHI-300x200.jpeg 300w, https:\/\/upla.cl\/noticias\/wp-content\/uploads\/2025\/10\/FEDACHI-150x100.jpeg 150w, https:\/\/upla.cl\/noticias\/wp-content\/uploads\/2025\/10\/FEDACHI-768x512.jpeg 768w, https:\/\/upla.cl\/noticias\/wp-content\/uploads\/2025\/10\/FEDACHI.jpeg 1280w\" sizes=\"auto, (max-width: 618px) 100vw, 618px\" \/><\/a><figcaption id=\"caption-attachment-191366\" class=\"wp-caption-text\">Prensa FEDACHI.<\/figcaption><\/figure>\n<p>Una destacada participaci\u00f3n tuvo la selecci\u00f3n chilena de nataci\u00f3n en el reciente<strong> Campeonato Sudamericano Juvenil de Deportes Acu\u00e1ticos<\/strong>, realizado en R\u00edo de Janeiro, Brasil, contando con la valiosa contribuci\u00f3n del acad\u00e9mico de <a href=\"https:\/\/www.upla.cl\/facultad\/cienciasactividadfisicaydeporte\/tecnologia-en-deportes-y-recreacion\/\"><strong>Tecnolog\u00eda en Deportes y Recreaci\u00f3n<\/strong><strong>(TDR)<\/strong><\/a><strong> de la Universidad de Playa Ancha<\/strong>, <strong>\u00d3scar Rubio Varas<\/strong>, quien se integr\u00f3 al equipo de entrenadores nacionales.<\/p>\n<p>Rubio lleg\u00f3 a este importante rol internacional tras cumplir criterios de resultados con sus deportistas, un recorrido profesional que lo ha llevado a cosechar logros con el club de nataci\u00f3n Mako&#8217;s. Dos de sus nadadores obtuvieron los cupos t\u00e9cnicos para el Sudamericano, lo que autom\u00e1ticamente le concedi\u00f3 un puesto en la comitiva t\u00e9cnica. Este logro se ciment\u00f3 meses antes con la participaci\u00f3n en un campus de entrenamiento en altura en San Luis de Potos\u00ed, M\u00e9xico, donde prepar\u00f3 a la selecci\u00f3n, incluyendo a sus pupilos, para diversos torneos. En el Sudamericano, comparti\u00f3 responsabilidades con Dayenu Vecilla y el <em>head coach<\/em> Andr\u00e9s Fuentes.<\/p>\n<p>\u00abEs tremendo y maravilloso, porque primero que todo te seleccionan como parte del <em>staff<\/em> de entrenadores de la selecci\u00f3n nacional, o sea, voy a representar a mi pa\u00eds como entrenador y eso me llena de orgullo\u00bb, expres\u00f3 Rubio sobre el significado de esta experiencia. Adem\u00e1s, destac\u00f3 la \u00abtremenda responsabilidad de guiar a un grupo de j\u00f3venes que son de distintas regiones del pa\u00eds y de clubes diferentes\u00bb, asumiendo el rol de \u00abmuchos entrenadores al mismo tiempo\u00bb y gan\u00e1ndose la confianza de los deportistas.<\/p>\n<p><strong>Batalla por las medallas y el desaf\u00edo emocional<\/strong><\/p>\n<p><a href=\"https:\/\/www.upla.cl\/noticias\/wp-content\/uploads\/2025\/10\/oscar_rubio_2.jpg\"><img loading=\"lazy\" decoding=\"async\" class=\"alignleft size-medium wp-image-191368\" src=\"https:\/\/www.upla.cl\/noticias\/wp-content\/uploads\/2025\/10\/oscar_rubio_2-300x200.jpg\" alt=\"\" width=\"300\" height=\"200\" srcset=\"https:\/\/upla.cl\/noticias\/wp-content\/uploads\/2025\/10\/oscar_rubio_2-300x200.jpg 300w, https:\/\/upla.cl\/noticias\/wp-content\/uploads\/2025\/10\/oscar_rubio_2-1024x683.jpg 1024w, https:\/\/upla.cl\/noticias\/wp-content\/uploads\/2025\/10\/oscar_rubio_2-150x100.jpg 150w, https:\/\/upla.cl\/noticias\/wp-content\/uploads\/2025\/10\/oscar_rubio_2-768x512.jpg 768w, https:\/\/upla.cl\/noticias\/wp-content\/uploads\/2025\/10\/oscar_rubio_2-1536x1025.jpg 1536w, https:\/\/upla.cl\/noticias\/wp-content\/uploads\/2025\/10\/oscar_rubio_2.jpg 1920w\" sizes=\"auto, (max-width: 300px) 100vw, 300px\" \/><\/a>El mayor desaf\u00edo que enfrent\u00f3 el profesor Rubio se centr\u00f3 en la gesti\u00f3n de las emociones, especialmente con la nadadora de su club, Laura Fingerhuth, en la final de los 50 metros estilo pecho. Tras clasificar en tercer lugar en la ma\u00f1ana, la espera hasta la final de la tarde fue un periodo de alta ansiedad. \u00abEl manejo de las emociones en ese momento creo que fue el desaf\u00edo m\u00e1s grande que tuvimos que enfrentar\u00bb, coment\u00f3. Su labor fue calmarse a s\u00ed mismo primero, para luego transmitir esa tranquilidad a la deportista, logrando que compitiera con enfoque. \u00abLa estrategia funcion\u00f3, Laura obtuvo una medalla de bronce en la prueba, una emoci\u00f3n tan intensa que se larg\u00f3 a llorar cuando lleg\u00f3 al lado m\u00edo, despu\u00e9s de la premiaci\u00f3n\u00bb.<\/p>\n<p>El medallero nacional fue de 10 preseas sudamericanas para Chile, y tres de ellas contaron con la participaci\u00f3n de nadadores del club Mako&#8217;s. Adem\u00e1s del bronce de Laura Fingerhuth, el nadador Dami\u00e1n Quass consigui\u00f3 bronce en el relevo 4x200m libre y plata en el relevo 4x100m combinados. \u00abSiempre pensamos en una medalla y <a href=\"https:\/\/www.upla.cl\/noticias\/wp-content\/uploads\/2025\/10\/oscar_rubio.jpeg\"><img loading=\"lazy\" decoding=\"async\" class=\"alignleft wp-image-191367 size-medium\" src=\"https:\/\/www.upla.cl\/noticias\/wp-content\/uploads\/2025\/10\/oscar_rubio-e1761310145628-300x300.jpeg\" alt=\"\" width=\"300\" height=\"300\" srcset=\"https:\/\/upla.cl\/noticias\/wp-content\/uploads\/2025\/10\/oscar_rubio-e1761310145628-300x300.jpeg 300w, https:\/\/upla.cl\/noticias\/wp-content\/uploads\/2025\/10\/oscar_rubio-e1761310145628-150x150.jpeg 150w, https:\/\/upla.cl\/noticias\/wp-content\/uploads\/2025\/10\/oscar_rubio-e1761310145628-768x766.jpeg 768w, https:\/\/upla.cl\/noticias\/wp-content\/uploads\/2025\/10\/oscar_rubio-e1761310145628.jpeg 946w\" sizes=\"auto, (max-width: 300px) 100vw, 300px\" \/><\/a>volvimos con 3, una inyecci\u00f3n de motivaci\u00f3n y alegr\u00eda por esta tremenda haza\u00f1a\u00bb, expres\u00f3 el profesor de la <a href=\"https:\/\/www.upla.cl\/facultad\/cienciasactividadfisicaydeporte\/\"><strong>Facultad de Ciencias de la Actividad F\u00edsica y del Deporte<\/strong><\/a>.<\/p>\n<p>M\u00e1s all\u00e1 de este resultado hist\u00f3rico, el aspecto que m\u00e1s enorgulleci\u00f3 al acad\u00e9mico UPLA fue el trabajo en conjunto del cuerpo t\u00e9cnico, la confianza depositada por los entrenadores que no viajaron y, sobre todo, \u00abla uni\u00f3n que mostraron los nadadores con sus pares, el apoyo incondicional\u00bb. Destac\u00f3 que el equipo chileno tuvo \u00abla barra m\u00e1s motivada de todos los pa\u00edses\u00bb, haciendo incluso que las delegaciones de Brasil y Argentina tuvieran que redoblar esfuerzos en sus c\u00e1nticos.<\/p>\n<p><strong>Nadar por un prop\u00f3sito<\/strong><\/p>\n<p>La lecci\u00f3n m\u00e1s importante que se trajeron los deportistas es que \u00abChile a\u00fan puede dar m\u00e1s, que con mucho trabajo podemos alg\u00fan d\u00eda ser campeones sudamericanos\u00bb y que \u00abes posible subirse al podio y competir de igual a igual con potencias como Brasil y Argentina\u00bb, dijo Rubio.<\/p>\n<p>Finalmente, el mensaje que deja a los j\u00f3venes nadadores chilenos y a los de la Universidad de Playa Ancha tambi\u00e9n, es que \u00abso\u00f1ar con vestir los colores del pa\u00eds\u00a0 y de la Universidad es hermoso, pero hacerlo realidad requiere creer incluso cuando nadie te ve, cuando entrenas en silencio\u00bb. Les aconseja \u00abque no corran por resultados, que naden por un prop\u00f3sito y que el tiempo en la pizarra pasa, pero el car\u00e1cter que forjan en este camino queda para siempre\u00bb.<\/p>\n<p>\u00d3scar Rubio agradeci\u00f3 el apoyo de la familia, del grupo de entrenadores de su club, del equipo t\u00e9cnico nacional, los apoderados, deportistas,\u00a0 de los estudiantes de la carrera de Tecnolog\u00eda en Deportes y Recreaci\u00f3n y autoridades de su Facultad y del <strong>Departamento<\/strong> <strong>de Ciencias del Deporte de la UPLA<\/strong>, quienes le brindaron las facilidades para sumarse a este triunfo de la nataci\u00f3n chilena.<\/p>\n","protected":false},"excerpt":{"rendered":"<p>Fue pieza clave en el equipo t\u00e9cnico de nataci\u00f3n, que consigui\u00f3 10 hist\u00f3ricas medallas para Chile. El docente de Tecnolog\u00eda en Deportes y Recreaci\u00f3n aconsej\u00f3 a los deportistas de la especialidad a que naden por un prop\u00f3sito y que el tiempo en la pizarra pasa, pero el car\u00e1cter que forjan en este camino queda para siempre.<\/p>\n","protected":false},"author":10,"featured_media":191365,"comment_status":"closed","ping_status":"open","sticky":false,"template":"","format":"standard","meta":{"footnotes":""},"categories":[51,96,42,40,72,86,91],"tags":[],"class_list":["post-191310","post","type-post","status-publish","format-standard","has-post-thumbnail","","category-academia","category-academicos","category-deportes","category-destacados","category-facultad-de-ciencias-actividad-fisica-y-deporte","category-relaciones-internacionales","category-vinculacion-con-el-medio"],"_links":{"self":[{"href":"https:\/\/upla.cl\/noticias\/wp-json\/wp\/v2\/posts\/191310","targetHints":{"allow":["GET"]}}],"collection":[{"href":"https:\/\/upla.cl\/noticias\/wp-json\/wp\/v2\/posts"}],"about":[{"href":"https:\/\/upla.cl\/noticias\/wp-json\/wp\/v2\/types\/post"}],"author":[{"embeddable":true,"href":"https:\/\/upla.cl\/noticias\/wp-json\/wp\/v2\/users\/10"}],"replies":[{"embeddable":true,"href":"https:\/\/upla.cl\/noticias\/wp-json\/wp\/v2\/comments?post=191310"}],"version-history":[{"count":0,"href":"https:\/\/upla.cl\/noticias\/wp-json\/wp\/v2\/posts\/191310\/revisions"}],"wp:featuredmedia":[{"embeddable":true,"href":"https:\/\/upla.cl\/noticias\/wp-json\/wp\/v2\/media\/191365"}],"wp:attachment":[{"href":"https:\/\/upla.cl\/noticias\/wp-json\/wp\/v2\/media?parent=191310"}],"wp:term":[{"taxonomy":"category","embeddable":true,"href":"https:\/\/upla.cl\/noticias\/wp-json\/wp\/v2\/categories?post=191310"},{"taxonomy":"post_tag","embeddable":true,"href":"https:\/\/upla.cl\/noticias\/wp-json\/wp\/v2\/tags?post=191310"}],"curies":[{"name":"wp","href":"https:\/\/api.w.org\/{rel}","templated":true}]}}