{"id":191375,"date":"2025-10-24T11:21:05","date_gmt":"2025-10-24T14:21:05","guid":{"rendered":"https:\/\/www.upla.cl\/noticias\/?p=191375"},"modified":"2025-10-24T14:31:45","modified_gmt":"2025-10-24T17:31:45","slug":"facultad-de-ciencias-de-la-educacion-rinde-emotivo-homenaje-a-sus-maestros-y-maestras-por-el-dia-del-profesor","status":"publish","type":"post","link":"https:\/\/upla.cl\/noticias\/2025\/10\/24\/facultad-de-ciencias-de-la-educacion-rinde-emotivo-homenaje-a-sus-maestros-y-maestras-por-el-dia-del-profesor\/","title":{"rendered":"Facultad de Ciencias de la Educaci\u00f3n rinde emotivo homenaje a sus maestros y maestras por el D\u00eda del Profesor"},"content":{"rendered":"<p><a href=\"https:\/\/www.upla.cl\/noticias\/wp-content\/uploads\/2025\/10\/Silvia-Sarzoza.jpeg\"><img loading=\"lazy\" decoding=\"async\" class=\"alignleft wp-image-191381 size-medium\" src=\"https:\/\/www.upla.cl\/noticias\/wp-content\/uploads\/2025\/10\/Silvia-Sarzoza-300x200.jpeg\" alt=\"Facultad de Ciencias de la Educaci\u00f3n rinde emotivo homenaje a sus maestros y maestras por el D\u00eda del Profesor\" width=\"300\" height=\"200\" srcset=\"https:\/\/upla.cl\/noticias\/wp-content\/uploads\/2025\/10\/Silvia-Sarzoza-300x200.jpeg 300w, https:\/\/upla.cl\/noticias\/wp-content\/uploads\/2025\/10\/Silvia-Sarzoza-1024x683.jpeg 1024w, https:\/\/upla.cl\/noticias\/wp-content\/uploads\/2025\/10\/Silvia-Sarzoza-150x100.jpeg 150w, https:\/\/upla.cl\/noticias\/wp-content\/uploads\/2025\/10\/Silvia-Sarzoza-768x512.jpeg 768w, https:\/\/upla.cl\/noticias\/wp-content\/uploads\/2025\/10\/Silvia-Sarzoza-1536x1025.jpeg 1536w, https:\/\/upla.cl\/noticias\/wp-content\/uploads\/2025\/10\/Silvia-Sarzoza.jpeg 1920w\" sizes=\"auto, (max-width: 300px) 100vw, 300px\" \/><\/a>En un ambiente cargado de emoci\u00f3n y profunda gratitud, la <a href=\"https:\/\/www.upla.cl\/facultad\/cienciaseducacion\/\"><strong>Facultad de Ciencias de la Educaci\u00f3n<\/strong><\/a> de la <strong>Universidad de Playa Ancha (UPLA)<\/strong> celebr\u00f3 el <strong>D\u00eda del Profesor<\/strong> con una ceremonia solemne y conmovedora. El acto, presidido por la <strong>decana de la facultad, Dra. Silvia Sarzoza Herrera,<\/strong> se convirti\u00f3 en un t\u00fanel del tiempo, reconociendo la invaluable trayectoria y el legado de acad\u00e9micos que han dedicado 15, 20, 25, 35 y hasta 51 a\u00f1os a la formaci\u00f3n de educadores, sellando as\u00ed la misi\u00f3n transformadora de la casa de estudios.<\/p>\n<p>La ceremonia se inaugur\u00f3 con palabras que resonaron con el esp\u00edritu de la vocaci\u00f3n educativa. La<strong> decana de la Facultad de Ciencias de la Educaci\u00f3n<\/strong>, destac\u00f3 la esencia de la labor docente y la trascendencia de esta conmemoraci\u00f3n. \u201cHoy no solo celebramos el paso del tiempo, sino la huella profunda que nuestra facultad ha dejado en la formaci\u00f3n de generaciones de educadores comprometidos con el conocimiento, la justicia y el desarrollo humano. Detr\u00e1s de estos logros hay personas que d\u00eda a d\u00eda han dado lo mejor de s\u00ed: docentes que inspiran con su ejemplo y mantienen viva la misi\u00f3n educativa que nos distingue\u201d, expres\u00f3 la <strong>Dra. Silvia Sarzoza.<\/strong><\/p>\n<p><a href=\"https:\/\/www.upla.cl\/noticias\/wp-content\/uploads\/2025\/10\/Reconocimiento_Fac.-Educacio\u0301n0030.jpeg\"><img loading=\"lazy\" decoding=\"async\" class=\"alignleft size-medium wp-image-191380\" src=\"https:\/\/www.upla.cl\/noticias\/wp-content\/uploads\/2025\/10\/Reconocimiento_Fac.-Educacio\u0301n0030-300x200.jpeg\" alt=\"\" width=\"300\" height=\"200\" \/><\/a>El reconocimiento se estructur\u00f3 como un emotivo viaje a trav\u00e9s de los a\u00f1os, evocando hitos hist\u00f3ricos que coincidieron con el ingreso de los homenajeados a la instituci\u00f3n. Se aplaudi\u00f3 fervorosamente a los siete acad\u00e9micos que cumplieron 15 a\u00f1os de servicio, ingresados en el a\u00f1o 2010, en plena consolidaci\u00f3n de la era digital y la aparici\u00f3n del iPad. Ellos fueron: <strong>Dra. Sandra P\u00e9rez Lisboa; Dr. Patricio Ib\u00e1\u00f1ez Campos; Dra. Marcela Sep\u00falveda Riveros; Dr. Luis Guzm\u00e1n Palacios; Dr. Richard Fairlie L\u00f3pez; Dr. Ra\u00fal Henr\u00edquez Campod\u00f3nico; y Dr. Octavio Poblete Christie.<\/strong><\/p>\n<p>De igual forma, se honr\u00f3 a quienes cumplieron 20,<strong> profesora Lorena Godoy Cerda;<\/strong> y 25 a\u00f1os,<strong> profesora Ruth Ar\u00e9valo Ar\u00e9valo; y Alejandro Verdugo Pe\u00f1aloza<\/strong>, a quienes elogiaron su aporte en la transformaci\u00f3n de la ense\u00f1anza, la investigaci\u00f3n y la vinculaci\u00f3n con la comunidad desde el auge de las redes sociales y el nuevo milenio. Un momento especial se dedic\u00f3 al profesor Mauricio Suazo \u00c1lvarez, quien en 1990 \u2014a\u00f1o del inicio de la era digital y el Proyecto Genoma Humano\u2014 se uni\u00f3 a la Facultad, dejando una impronta de \u201celegancia, distinci\u00f3n y un sentido del humor a toda prueba\u201d en sus aulas.<\/p>\n<p>La m\u00fasica tambi\u00e9n se hizo presente para honrar a los maestros. Un n\u00famero art\u00edstico, a cargo del profesor <strong>Daniel D\u00edaz Cerda de la Facultad de Arte y la estudiante Javiera Lipio Rivas<\/strong>, deleit\u00f3 a los presentes y a\u00f1adi\u00f3 una capa de sensibilidad a la ceremonia , agradeciendo su disposici\u00f3n para compartir su talento en cada encuentro de la facultad. Este interludio musical sirvi\u00f3 de puente hacia el momento c\u00falmine de la jornada: la ovaci\u00f3n de pie al profesor que simboliza medio siglo de compromiso.<\/p>\n<p><strong>M\u00e1s de 50 a\u00f1os<\/strong><\/p>\n<p><a href=\"https:\/\/www.upla.cl\/noticias\/wp-content\/uploads\/2025\/10\/Luis-Alberto-Di\u0301az.jpeg\"><img loading=\"lazy\" decoding=\"async\" class=\"alignleft size-medium wp-image-191379\" src=\"https:\/\/www.upla.cl\/noticias\/wp-content\/uploads\/2025\/10\/Luis-Alberto-Di\u0301az-300x200.jpeg\" alt=\"\" width=\"300\" height=\"200\" srcset=\"https:\/\/upla.cl\/noticias\/wp-content\/uploads\/2025\/10\/Luis-Alberto-Di\u0301az-300x200.jpeg 300w, https:\/\/upla.cl\/noticias\/wp-content\/uploads\/2025\/10\/Luis-Alberto-Di\u0301az-1024x683.jpeg 1024w, https:\/\/upla.cl\/noticias\/wp-content\/uploads\/2025\/10\/Luis-Alberto-Di\u0301az-150x100.jpeg 150w, https:\/\/upla.cl\/noticias\/wp-content\/uploads\/2025\/10\/Luis-Alberto-Di\u0301az-768x512.jpeg 768w, https:\/\/upla.cl\/noticias\/wp-content\/uploads\/2025\/10\/Luis-Alberto-Di\u0301az-1536x1025.jpeg 1536w, https:\/\/upla.cl\/noticias\/wp-content\/uploads\/2025\/10\/Luis-Alberto-Di\u0301az.jpeg 1920w\" sizes=\"auto, (max-width: 300px) 100vw, 300px\" \/><\/a>El punto m\u00e1s \u00e1lgido de la jornada fue la distinci\u00f3n al acad\u00e9mico m\u00e1s longevo en la docencia de la facultad. El <strong>Dr. Luis Alberto D\u00edaz Arancibia, profesor y ex decano<\/strong>, quien fue reconocido por sus 51 a\u00f1os de entrega incondicional, habiendo ingresado en 1974, un periodo marcado por la lucha por los derechos humanos y el surgimiento del rock progresivo. Su legado fue descrito como una herencia \u201chumana, acad\u00e9mica y \u00e9tica en cada generaci\u00f3n\u201d, marcando la historia misma de la instituci\u00f3n.<\/p>\n<p>Visiblemente conmovido por el cari\u00f1o y el aplauso cerrado del p\u00fablico, el Dr. D\u00edaz Arancibia se dirigi\u00f3 a la audiencia con palabras de profundo agradecimiento. \u201cMirar hacia atr\u00e1s y ver el rostro de tantos exalumnos y colegas me llena el alma. Este reconocimiento es un abrazo al coraz\u00f3n, una confirmaci\u00f3n de que cada hora dedicada en el aula vali\u00f3 la pena. La educaci\u00f3n no es solo transmitir saberes, sino sembrar valores e inspirar vocaciones, y eso es lo que hemos intentado hacer juntos durante m\u00e1s de medio siglo. Gracias a la Facultad por permitirme ser parte de su historia y de la vida de tantas personas\u201d, manifest\u00f3 el Dr. D\u00edaz, emocionado hasta las l\u00e1grimas.<\/p>\n<p>Al finalizar la ceremonia, que concluy\u00f3 con una invitaci\u00f3n a un caf\u00e9 de camarader\u00eda, qued\u00f3 patente que la educaci\u00f3n es, en palabras de los organizadores, \u201cel cimiento sobre el cual se construye el futuro de un pa\u00eds\u201d. Con esta emotiva jornada, la Facultad de Ciencias de la Educaci\u00f3n de la UPLA no solo honr\u00f3 la trayectoria de sus profesores, sino que reafirm\u00f3 su compromiso con la formaci\u00f3n de profesionales capaces de pensar, sentir y actuar con \u00e9tica y sensibilidad social, manteniendo viva la llama de la vocaci\u00f3n docente.<\/p>\n<div id='gallery-1' class='gallery galleryid-191375 gallery-columns-3 gallery-size-thumbnail'><figure class='gallery-item'>\n\t\t\t<div class='gallery-icon landscape'>\n\t\t\t\t<a href='https:\/\/upla.cl\/noticias\/wp-content\/uploads\/2025\/10\/Asistentes-2.jpeg'><img loading=\"lazy\" decoding=\"async\" width=\"150\" height=\"100\" src=\"https:\/\/upla.cl\/noticias\/wp-content\/uploads\/2025\/10\/Asistentes-2-150x100.jpeg\" class=\"attachment-thumbnail size-thumbnail\" alt=\"\" srcset=\"https:\/\/upla.cl\/noticias\/wp-content\/uploads\/2025\/10\/Asistentes-2-150x100.jpeg 150w, https:\/\/upla.cl\/noticias\/wp-content\/uploads\/2025\/10\/Asistentes-2-300x200.jpeg 300w, https:\/\/upla.cl\/noticias\/wp-content\/uploads\/2025\/10\/Asistentes-2-1024x683.jpeg 1024w, https:\/\/upla.cl\/noticias\/wp-content\/uploads\/2025\/10\/Asistentes-2-768x512.jpeg 768w, https:\/\/upla.cl\/noticias\/wp-content\/uploads\/2025\/10\/Asistentes-2-1536x1025.jpeg 1536w, https:\/\/upla.cl\/noticias\/wp-content\/uploads\/2025\/10\/Asistentes-2-310x205.jpeg 310w, https:\/\/upla.cl\/noticias\/wp-content\/uploads\/2025\/10\/Asistentes-2.jpeg 1920w\" sizes=\"auto, (max-width: 150px) 100vw, 150px\" \/><\/a>\n\t\t\t<\/div><\/figure><figure class='gallery-item'>\n\t\t\t<div class='gallery-icon landscape'>\n\t\t\t\t<a href='https:\/\/upla.cl\/noticias\/wp-content\/uploads\/2025\/10\/Asistentes_Reconocimientos.jpeg'><img loading=\"lazy\" decoding=\"async\" width=\"150\" height=\"100\" src=\"https:\/\/upla.cl\/noticias\/wp-content\/uploads\/2025\/10\/Asistentes_Reconocimientos-150x100.jpeg\" class=\"attachment-thumbnail size-thumbnail\" alt=\"\" srcset=\"https:\/\/upla.cl\/noticias\/wp-content\/uploads\/2025\/10\/Asistentes_Reconocimientos-150x100.jpeg 150w, https:\/\/upla.cl\/noticias\/wp-content\/uploads\/2025\/10\/Asistentes_Reconocimientos-300x200.jpeg 300w, https:\/\/upla.cl\/noticias\/wp-content\/uploads\/2025\/10\/Asistentes_Reconocimientos-1024x683.jpeg 1024w, https:\/\/upla.cl\/noticias\/wp-content\/uploads\/2025\/10\/Asistentes_Reconocimientos-768x512.jpeg 768w, https:\/\/upla.cl\/noticias\/wp-content\/uploads\/2025\/10\/Asistentes_Reconocimientos-1536x1025.jpeg 1536w, https:\/\/upla.cl\/noticias\/wp-content\/uploads\/2025\/10\/Asistentes_Reconocimientos-310x205.jpeg 310w, https:\/\/upla.cl\/noticias\/wp-content\/uploads\/2025\/10\/Asistentes_Reconocimientos.jpeg 1920w\" sizes=\"auto, (max-width: 150px) 100vw, 150px\" \/><\/a>\n\t\t\t<\/div><\/figure><figure class='gallery-item'>\n\t\t\t<div class='gallery-icon landscape'>\n\t\t\t\t<a href='https:\/\/upla.cl\/noticias\/wp-content\/uploads\/2025\/10\/Reconocimiento_Fac.-Educacio\u0301n-2.jpeg'><img loading=\"lazy\" decoding=\"async\" width=\"150\" height=\"100\" src=\"https:\/\/upla.cl\/noticias\/wp-content\/uploads\/2025\/10\/Reconocimiento_Fac.-Educacio\u0301n-2-150x100.jpeg\" class=\"attachment-thumbnail size-thumbnail\" alt=\"\" srcset=\"https:\/\/upla.cl\/noticias\/wp-content\/uploads\/2025\/10\/Reconocimiento_Fac.-Educacio\u0301n-2-150x100.jpeg 150w, https:\/\/upla.cl\/noticias\/wp-content\/uploads\/2025\/10\/Reconocimiento_Fac.-Educacio\u0301n-2-300x200.jpeg 300w, https:\/\/upla.cl\/noticias\/wp-content\/uploads\/2025\/10\/Reconocimiento_Fac.-Educacio\u0301n-2-1024x683.jpeg 1024w, https:\/\/upla.cl\/noticias\/wp-content\/uploads\/2025\/10\/Reconocimiento_Fac.-Educacio\u0301n-2-768x512.jpeg 768w, https:\/\/upla.cl\/noticias\/wp-content\/uploads\/2025\/10\/Reconocimiento_Fac.-Educacio\u0301n-2-1536x1025.jpeg 1536w, https:\/\/upla.cl\/noticias\/wp-content\/uploads\/2025\/10\/Reconocimiento_Fac.-Educacio\u0301n-2-310x205.jpeg 310w, https:\/\/upla.cl\/noticias\/wp-content\/uploads\/2025\/10\/Reconocimiento_Fac.-Educacio\u0301n-2.jpeg 1920w\" sizes=\"auto, (max-width: 150px) 100vw, 150px\" \/><\/a>\n\t\t\t<\/div><\/figure><figure class='gallery-item'>\n\t\t\t<div class='gallery-icon landscape'>\n\t\t\t\t<a href='https:\/\/upla.cl\/noticias\/wp-content\/uploads\/2025\/10\/Mauricio-Suazo-2.png'><img loading=\"lazy\" decoding=\"async\" width=\"150\" height=\"129\" src=\"https:\/\/upla.cl\/noticias\/wp-content\/uploads\/2025\/10\/Mauricio-Suazo-2-150x129.png\" class=\"attachment-thumbnail size-thumbnail\" alt=\"\" aria-describedby=\"gallery-1-191385\" srcset=\"https:\/\/upla.cl\/noticias\/wp-content\/uploads\/2025\/10\/Mauricio-Suazo-2-150x129.png 150w, https:\/\/upla.cl\/noticias\/wp-content\/uploads\/2025\/10\/Mauricio-Suazo-2-300x259.png 300w, https:\/\/upla.cl\/noticias\/wp-content\/uploads\/2025\/10\/Mauricio-Suazo-2-1024x882.png 1024w, https:\/\/upla.cl\/noticias\/wp-content\/uploads\/2025\/10\/Mauricio-Suazo-2-768x662.png 768w, https:\/\/upla.cl\/noticias\/wp-content\/uploads\/2025\/10\/Mauricio-Suazo-2-1536x1324.png 1536w, https:\/\/upla.cl\/noticias\/wp-content\/uploads\/2025\/10\/Mauricio-Suazo-2.png 1780w\" sizes=\"auto, (max-width: 150px) 100vw, 150px\" \/><\/a>\n\t\t\t<\/div>\n\t\t\t\t<figcaption class='wp-caption-text gallery-caption' id='gallery-1-191385'>\n\t\t\t\tMauricio Suazo \u00c1lvarez\n\t\t\t\t<\/figcaption><\/figure><figure class='gallery-item'>\n\t\t\t<div class='gallery-icon landscape'>\n\t\t\t\t<a href='https:\/\/upla.cl\/noticias\/wp-content\/uploads\/2025\/10\/Luis-Alberto-Di\u0301az-2.png'><img loading=\"lazy\" decoding=\"async\" width=\"150\" height=\"107\" src=\"https:\/\/upla.cl\/noticias\/wp-content\/uploads\/2025\/10\/Luis-Alberto-Di\u0301az-2-150x107.png\" class=\"attachment-thumbnail size-thumbnail\" alt=\"\" aria-describedby=\"gallery-1-191386\" srcset=\"https:\/\/upla.cl\/noticias\/wp-content\/uploads\/2025\/10\/Luis-Alberto-Di\u0301az-2-150x107.png 150w, https:\/\/upla.cl\/noticias\/wp-content\/uploads\/2025\/10\/Luis-Alberto-Di\u0301az-2-300x213.png 300w, https:\/\/upla.cl\/noticias\/wp-content\/uploads\/2025\/10\/Luis-Alberto-Di\u0301az-2-1024x728.png 1024w, https:\/\/upla.cl\/noticias\/wp-content\/uploads\/2025\/10\/Luis-Alberto-Di\u0301az-2-768x546.png 768w, https:\/\/upla.cl\/noticias\/wp-content\/uploads\/2025\/10\/Luis-Alberto-Di\u0301az-2-1536x1092.png 1536w, https:\/\/upla.cl\/noticias\/wp-content\/uploads\/2025\/10\/Luis-Alberto-Di\u0301az-2.png 1908w\" sizes=\"auto, (max-width: 150px) 100vw, 150px\" \/><\/a>\n\t\t\t<\/div>\n\t\t\t\t<figcaption class='wp-caption-text gallery-caption' id='gallery-1-191386'>\n\t\t\t\tLuis Alberto D\u00edaz\n\t\t\t\t<\/figcaption><\/figure><figure class='gallery-item'>\n\t\t\t<div class='gallery-icon landscape'>\n\t\t\t\t<a href='https:\/\/upla.cl\/noticias\/wp-content\/uploads\/2025\/10\/Javiera-Lipio-y-Daniel-Di\u0301az.jpeg'><img loading=\"lazy\" decoding=\"async\" width=\"150\" height=\"100\" src=\"https:\/\/upla.cl\/noticias\/wp-content\/uploads\/2025\/10\/Javiera-Lipio-y-Daniel-Di\u0301az-150x100.jpeg\" class=\"attachment-thumbnail size-thumbnail\" alt=\"\" srcset=\"https:\/\/upla.cl\/noticias\/wp-content\/uploads\/2025\/10\/Javiera-Lipio-y-Daniel-Di\u0301az-150x100.jpeg 150w, https:\/\/upla.cl\/noticias\/wp-content\/uploads\/2025\/10\/Javiera-Lipio-y-Daniel-Di\u0301az-300x200.jpeg 300w, https:\/\/upla.cl\/noticias\/wp-content\/uploads\/2025\/10\/Javiera-Lipio-y-Daniel-Di\u0301az-1024x683.jpeg 1024w, https:\/\/upla.cl\/noticias\/wp-content\/uploads\/2025\/10\/Javiera-Lipio-y-Daniel-Di\u0301az-768x512.jpeg 768w, https:\/\/upla.cl\/noticias\/wp-content\/uploads\/2025\/10\/Javiera-Lipio-y-Daniel-Di\u0301az-1536x1025.jpeg 1536w, https:\/\/upla.cl\/noticias\/wp-content\/uploads\/2025\/10\/Javiera-Lipio-y-Daniel-Di\u0301az-310x205.jpeg 310w, https:\/\/upla.cl\/noticias\/wp-content\/uploads\/2025\/10\/Javiera-Lipio-y-Daniel-Di\u0301az.jpeg 1920w\" sizes=\"auto, (max-width: 150px) 100vw, 150px\" \/><\/a>\n\t\t\t<\/div><\/figure><figure class='gallery-item'>\n\t\t\t<div class='gallery-icon landscape'>\n\t\t\t\t<a href='https:\/\/upla.cl\/noticias\/wp-content\/uploads\/2025\/10\/Reconocimiento_Fac.-Educacio\u0301n0030.jpeg'><img loading=\"lazy\" decoding=\"async\" width=\"150\" height=\"100\" src=\"https:\/\/upla.cl\/noticias\/wp-content\/uploads\/2025\/10\/Reconocimiento_Fac.-Educacio\u0301n0030-150x100.jpeg\" class=\"attachment-thumbnail size-thumbnail\" alt=\"\" srcset=\"https:\/\/upla.cl\/noticias\/wp-content\/uploads\/2025\/10\/Reconocimiento_Fac.-Educacio\u0301n0030-150x100.jpeg 150w, https:\/\/upla.cl\/noticias\/wp-content\/uploads\/2025\/10\/Reconocimiento_Fac.-Educacio\u0301n0030-300x200.jpeg 300w, https:\/\/upla.cl\/noticias\/wp-content\/uploads\/2025\/10\/Reconocimiento_Fac.-Educacio\u0301n0030-1024x683.jpeg 1024w, https:\/\/upla.cl\/noticias\/wp-content\/uploads\/2025\/10\/Reconocimiento_Fac.-Educacio\u0301n0030-768x512.jpeg 768w, https:\/\/upla.cl\/noticias\/wp-content\/uploads\/2025\/10\/Reconocimiento_Fac.-Educacio\u0301n0030-1536x1025.jpeg 1536w, https:\/\/upla.cl\/noticias\/wp-content\/uploads\/2025\/10\/Reconocimiento_Fac.-Educacio\u0301n0030-310x205.jpeg 310w, https:\/\/upla.cl\/noticias\/wp-content\/uploads\/2025\/10\/Reconocimiento_Fac.-Educacio\u0301n0030.jpeg 1920w\" sizes=\"auto, (max-width: 150px) 100vw, 150px\" \/><\/a>\n\t\t\t<\/div><\/figure><figure class='gallery-item'>\n\t\t\t<div class='gallery-icon landscape'>\n\t\t\t\t<a href='https:\/\/upla.cl\/noticias\/wp-content\/uploads\/2025\/10\/Mauricio-Suazo.jpeg'><img loading=\"lazy\" decoding=\"async\" width=\"150\" height=\"100\" src=\"https:\/\/upla.cl\/noticias\/wp-content\/uploads\/2025\/10\/Mauricio-Suazo-150x100.jpeg\" class=\"attachment-thumbnail size-thumbnail\" alt=\"\" srcset=\"https:\/\/upla.cl\/noticias\/wp-content\/uploads\/2025\/10\/Mauricio-Suazo-150x100.jpeg 150w, https:\/\/upla.cl\/noticias\/wp-content\/uploads\/2025\/10\/Mauricio-Suazo-300x200.jpeg 300w, https:\/\/upla.cl\/noticias\/wp-content\/uploads\/2025\/10\/Mauricio-Suazo-1024x683.jpeg 1024w, https:\/\/upla.cl\/noticias\/wp-content\/uploads\/2025\/10\/Mauricio-Suazo-768x512.jpeg 768w, https:\/\/upla.cl\/noticias\/wp-content\/uploads\/2025\/10\/Mauricio-Suazo-1536x1025.jpeg 1536w, https:\/\/upla.cl\/noticias\/wp-content\/uploads\/2025\/10\/Mauricio-Suazo-310x205.jpeg 310w, https:\/\/upla.cl\/noticias\/wp-content\/uploads\/2025\/10\/Mauricio-Suazo.jpeg 1920w\" sizes=\"auto, (max-width: 150px) 100vw, 150px\" \/><\/a>\n\t\t\t<\/div><\/figure>\n\t\t<\/div>\n\n","protected":false},"excerpt":{"rendered":"<p>Se reconoci\u00f3 la invaluable trayectoria y el legado de acad\u00e9micos que han dedicado 15, 20, 25, 35 y hasta 51 a\u00f1os a la formaci\u00f3n de educadores, sellando as\u00ed la misi\u00f3n transformadora de la casa de estudios.<\/p>\n","protected":false},"author":3,"featured_media":191389,"comment_status":"closed","ping_status":"open","sticky":false,"template":"","format":"standard","meta":{"footnotes":""},"categories":[51,96,40,101,73],"tags":[],"class_list":["post-191375","post","type-post","status-publish","format-standard","has-post-thumbnail","","category-academia","category-academicos","category-destacados","category-docencia","category-facultad-de-ciencias-de-la-educacion"],"_links":{"self":[{"href":"https:\/\/upla.cl\/noticias\/wp-json\/wp\/v2\/posts\/191375","targetHints":{"allow":["GET"]}}],"collection":[{"href":"https:\/\/upla.cl\/noticias\/wp-json\/wp\/v2\/posts"}],"about":[{"href":"https:\/\/upla.cl\/noticias\/wp-json\/wp\/v2\/types\/post"}],"author":[{"embeddable":true,"href":"https:\/\/upla.cl\/noticias\/wp-json\/wp\/v2\/users\/3"}],"replies":[{"embeddable":true,"href":"https:\/\/upla.cl\/noticias\/wp-json\/wp\/v2\/comments?post=191375"}],"version-history":[{"count":0,"href":"https:\/\/upla.cl\/noticias\/wp-json\/wp\/v2\/posts\/191375\/revisions"}],"wp:featuredmedia":[{"embeddable":true,"href":"https:\/\/upla.cl\/noticias\/wp-json\/wp\/v2\/media\/191389"}],"wp:attachment":[{"href":"https:\/\/upla.cl\/noticias\/wp-json\/wp\/v2\/media?parent=191375"}],"wp:term":[{"taxonomy":"category","embeddable":true,"href":"https:\/\/upla.cl\/noticias\/wp-json\/wp\/v2\/categories?post=191375"},{"taxonomy":"post_tag","embeddable":true,"href":"https:\/\/upla.cl\/noticias\/wp-json\/wp\/v2\/tags?post=191375"}],"curies":[{"name":"wp","href":"https:\/\/api.w.org\/{rel}","templated":true}]}}