{"id":191376,"date":"2025-10-24T11:12:23","date_gmt":"2025-10-24T14:12:23","guid":{"rendered":"https:\/\/www.upla.cl\/noticias\/?p=191376"},"modified":"2025-10-24T11:12:23","modified_gmt":"2025-10-24T14:12:23","slug":"rectoras-y-rectores-del-cuech-abogan-por-reponer-fondos-de-educacion-superior-para-desarrollo-regional-en-ley-de-presupuesto-2026","status":"publish","type":"post","link":"https:\/\/upla.cl\/noticias\/2025\/10\/24\/rectoras-y-rectores-del-cuech-abogan-por-reponer-fondos-de-educacion-superior-para-desarrollo-regional-en-ley-de-presupuesto-2026\/","title":{"rendered":"Rectoras y rectores del CUECH abogan por reponer fondos de Educaci\u00f3n Superior para desarrollo regional en Ley de Presupuesto 2026"},"content":{"rendered":"<p><a href=\"https:\/\/www.upla.cl\/noticias\/wp-content\/uploads\/2025\/10\/CUECH_Octubre2026.jpg\"><img loading=\"lazy\" decoding=\"async\" class=\"alignright size-medium wp-image-191377\" src=\"https:\/\/www.upla.cl\/noticias\/wp-content\/uploads\/2025\/10\/CUECH_Octubre2026-300x169.jpg\" alt=\"\" width=\"300\" height=\"169\" srcset=\"https:\/\/upla.cl\/noticias\/wp-content\/uploads\/2025\/10\/CUECH_Octubre2026-300x169.jpg 300w, https:\/\/upla.cl\/noticias\/wp-content\/uploads\/2025\/10\/CUECH_Octubre2026-1024x576.jpg 1024w, https:\/\/upla.cl\/noticias\/wp-content\/uploads\/2025\/10\/CUECH_Octubre2026-150x84.jpg 150w, https:\/\/upla.cl\/noticias\/wp-content\/uploads\/2025\/10\/CUECH_Octubre2026-768x432.jpg 768w, https:\/\/upla.cl\/noticias\/wp-content\/uploads\/2025\/10\/CUECH_Octubre2026.jpg 1200w\" sizes=\"auto, (max-width: 300px) 100vw, 300px\" \/><\/a>En el marco de la discusi\u00f3n legislativa sobre las partidas de gasto p\u00fablico para el pr\u00f3ximo a\u00f1o, las universidades estatales reunidas esta semana en Valpara\u00edso manifestaron su postura com\u00fan a favor de mantener l\u00edneas presupuestarias que hist\u00f3ricamente han tenido las regiones para fines de desarrollo productivo, innovaci\u00f3n o investigaci\u00f3n, que inciden directamente en la calidad de vida y proyecci\u00f3n de los territorios.<\/p>\n<p>Un foco de preocupaci\u00f3n es el instrumento de <strong>Educaci\u00f3n Superior Regional<\/strong> (ESR), que es reconocido por la relevancia y aporte que realizan las universidades p\u00fablicas para el desarrollo local, especialmente en zonas extremas. En la propuesta del Ejecutivo \u2014que fue rechazada en primera instancia en el Parlamento\u2014 se eliminan estos recursos regionales, lo que preocupa a las principales autoridades acad\u00e9micas del pa\u00eds.<\/p>\n<p>\u201cEn la propuesta de Ley de Presupuesto 2026 hay temas muy delicados, como por ejemplo la eliminaci\u00f3n del Fondo de Educaci\u00f3n Superior Regional, que nos afecta especialmente a las universidades que estamos en regiones y que esperamos se logre revertir\u201d, acota la <strong>rectora Luperfina Rojas<\/strong>, de la Universidad de La Serena.<\/p>\n<p>Sobre este punto, el presidente del Consorcio de Universidades del Estado (CUECH) y rector de la Universidad de Valpara\u00edso, <strong>Osvaldo Corrales<\/strong>, llam\u00f3 a los parlamentarios, particularmente de regiones, a apoyar la restituci\u00f3n de estos fondos estrat\u00e9gicos para sus comunidades.<\/p>\n<p>Corrales agreg\u00f3 que tambi\u00e9n es materia de inter\u00e9s de las universidades p\u00fablicas corregir trabas burocr\u00e1ticas en la regulaci\u00f3n de la Ley que conspiran contra una gesti\u00f3n eficiente de los recursos p\u00fablicos y el crecimiento responsable de las instituciones, por ejemplo en materia de endeudamiento.<\/p>\n<p>\u201cHay medidas de menor burocracia que no irrogan mayor gasto p\u00fablico y permiten a las universidades del Estado compensar detrimentos producidos en los \u00faltimos a\u00f1os y enfrentar el costo asociado a la aplicaci\u00f3n de nuevas leyes, como la reforma de pensiones o el incentivo al retiro en el sector p\u00fablico\u201d, indica el rector Corrales.<\/p>\n<p>Otro campo relevante para las universidades del Estado es la necesidad de ampliar el uso de los <strong>excedentes del FSCU<\/strong> a un 100% de los excedentes acumulados hasta 2025, y autorizar que se incorpore en su uso el gasto incremental de remuneraciones derivado de la ley 21.735 (reforma de pensiones).<\/p>\n<p><strong>Impulso a pedagog\u00edas en Arte y Educaci\u00f3n Patrimonial<\/strong><\/p>\n<p>En otro \u00e1mbito, la reuni\u00f3n mensual de rectores cont\u00f3 con la presencia de la subsecretaria del Patrimonio Cultural, <strong>Carolina P\u00e9rez<\/strong>, y directores de programas del Ministerio de las Culturas, Artes y Patrimonio, que mantienen alianzas estrat\u00e9gicas con la red en Artes y Cultura de las universidades del CUECH.<\/p>\n<p>Los representantes del gobierno valoraron el aporte del sistema p\u00fablico de Educaci\u00f3n Superior al dise\u00f1o y ejecuci\u00f3n de pol\u00edticas p\u00fablicas, especialmente en el campo del acceso a la cultura y la educaci\u00f3n patrimonial que se desarrollan en el 90% de las comunas de Chile.<\/p>\n<p>La Subsecretaria P\u00e9rez plante\u00f3 que existen desaf\u00edos en el campo de la creaci\u00f3n de pedagog\u00edas art\u00edsticas, en lo cual est\u00e1n trabajando junto a varias universidades estatales y \u201cplantearnos c\u00f3mo se involucra la investigaci\u00f3n sobre patrimonio cultural, porque conocer nuestro pasado nos ayudar\u00e1 a construir y promover un desarrollo sostenible del futuro\u201d, afirm\u00f3.<\/p>\n<p><strong>Fuente<\/strong>: <a href=\"https:\/\/www.uestatales.cl\/rectoras-y-rectores-del-cuech-abogan-por-reponer-fondos-de-educacion-superior-para-desarrollo-regional-en-ley-de-presupuesto-2026\/\" target=\"_blank\" rel=\"noopener\">Consorcio de Universidades del Estado de Chile<\/a>.<\/p>\n","protected":false},"excerpt":{"rendered":"<p>Universidades estatales alertaron sobre la eliminaci\u00f3n del Fondo de Educaci\u00f3n Superior Regional (ESR) en la propuesta presupuestaria del Ejecutivo.<\/p>\n","protected":false},"author":4,"featured_media":191377,"comment_status":"closed","ping_status":"open","sticky":false,"template":"","format":"standard","meta":{"footnotes":""},"categories":[98,178,113],"tags":[],"class_list":["post-191376","post","type-post","status-publish","format-standard","has-post-thumbnail","","category-gestion","category-rectoria","category-universidades-en-red"],"_links":{"self":[{"href":"https:\/\/upla.cl\/noticias\/wp-json\/wp\/v2\/posts\/191376","targetHints":{"allow":["GET"]}}],"collection":[{"href":"https:\/\/upla.cl\/noticias\/wp-json\/wp\/v2\/posts"}],"about":[{"href":"https:\/\/upla.cl\/noticias\/wp-json\/wp\/v2\/types\/post"}],"author":[{"embeddable":true,"href":"https:\/\/upla.cl\/noticias\/wp-json\/wp\/v2\/users\/4"}],"replies":[{"embeddable":true,"href":"https:\/\/upla.cl\/noticias\/wp-json\/wp\/v2\/comments?post=191376"}],"version-history":[{"count":0,"href":"https:\/\/upla.cl\/noticias\/wp-json\/wp\/v2\/posts\/191376\/revisions"}],"wp:featuredmedia":[{"embeddable":true,"href":"https:\/\/upla.cl\/noticias\/wp-json\/wp\/v2\/media\/191377"}],"wp:attachment":[{"href":"https:\/\/upla.cl\/noticias\/wp-json\/wp\/v2\/media?parent=191376"}],"wp:term":[{"taxonomy":"category","embeddable":true,"href":"https:\/\/upla.cl\/noticias\/wp-json\/wp\/v2\/categories?post=191376"},{"taxonomy":"post_tag","embeddable":true,"href":"https:\/\/upla.cl\/noticias\/wp-json\/wp\/v2\/tags?post=191376"}],"curies":[{"name":"wp","href":"https:\/\/api.w.org\/{rel}","templated":true}]}}