{"id":1915,"date":"2009-03-26T09:39:43","date_gmt":"2009-03-26T13:39:43","guid":{"rendered":"http:\/\/sitios.upla.cl\/contenidos\/?p=1915"},"modified":"2014-01-16T18:36:59","modified_gmt":"2014-01-16T22:36:59","slug":"san-felipe-nueva-etapa-de-desarrollo-universitario","status":"publish","type":"post","link":"https:\/\/upla.cl\/noticias\/2009\/03\/26\/san-felipe-nueva-etapa-de-desarrollo-universitario\/","title":{"rendered":"San Felipe: Nueva etapa de desarrollo universitario"},"content":{"rendered":"<p><a href=\"http:\/\/sitios.upla.cl\/contenidos\/wp-content\/uploads\/2009\/03\/corte-cinta.jpg\"><img loading=\"lazy\" decoding=\"async\" class=\"alignright size-medium wp-image-1918\" title=\"corte-cinta\" src=\"http:\/\/sitios.upla.cl\/contenidos\/wp-content\/uploads\/2009\/03\/corte-cinta-280x186.jpg\" alt=\"\" width=\"280\" height=\"186\" \/><\/a>Tras cumplir 20 a\u00f1os formando profesionales y aportando desde los m\u00e1s diversos \u00e1mbitos del desarrollo social y cultural del Valle de Aconcagua, la Universidad de Playa Ancha nuevamente marc\u00f3 un positivo hito en su historia institucional al inaugurar \u2013el pasado 24 de marzo- el proyecto del Fondo Nacional de Desarrollo Regional (FNDR) \u201c<strong>Ampliaci\u00f3n Campus San Felipe de la Universidad de Playa Ancha<\/strong>\u201d.<\/p>\n<p>La solemne ceremonia de apertura cont\u00f3 con la presencia de representantes de los centros de estudiantes, acad\u00e9micos y autoridades universitarias, regionales y nacionales; quienes manifestaron al un\u00edsono su alegr\u00eda y satisfacci\u00f3n por la concreci\u00f3n de un ambicioso proyecto que tiende \u2013principalmente y con una consistente mirada futura- a consolidar la alianza estrat\u00e9gica establecida hist\u00f3ricamente entre el Municipio, el Gobierno Regional y la Universidad, configurando una triangulaci\u00f3n de intereses que ha permitido las gestaci\u00f3n de polos de desarrollo importantes para la zona.<\/p>\n<p>Dicha satisfacci\u00f3n se vio reflejada en palabras de <strong>Jorge Jara Catal\u00e1n<\/strong>, Gobernador Provincial de San Felipe, quien se\u00f1al\u00f3 \u201c&#8230;estamos extremadamente contentos porque este esfuerzo se traduce hoy en la inauguraci\u00f3n de esta nueva dependencia que da cuenta del compromiso del Gobierno con la cultura, la educaci\u00f3n, la innovaci\u00f3n y el desarrollo&#8230; Celebramos, en consecuencia, esta ceremonia, como un punto emblem\u00e1tico de la presencia de la Universidad de Playa Ancha en la zona\u201d.<\/p>\n<p>A su vez, <strong>Jaime Amar Amar<\/strong>, Alcalde de la Municipalidad de San Felipe plante\u00f3 que las nuevas dependencias de la UPLA son un avance sustancial al potenciado concepto de ciudad universitaria. \u201cSon obras que representan una etapa del proceso de desarrollo de nuestra ciudad, que hoy compite con la quinta regi\u00f3n, y que espera en el mediano plazo ser un referente no solamente del desarrollo universitario, sino fundamentalmente en la innovaci\u00f3n; el desarrollo de las nuevas tecnolog\u00edas y de la incorporaci\u00f3n del conocimiento en los procesos productivos del Valle de Aconcagua\u201d.<\/p>\n<p>Posteriormente, <strong>Patricio Sanhueza Vivanco<\/strong>, Rector de la UPLA, manifest\u00f3 su compromiso por potenciar y consolidar la presencia de la Sede San Felipe en el desarrollo del Valle de Aconcagua, \u201c&#8230;porque somos una universidad que est\u00e1 apostando \u2013 efectivamente \u2013 por las l\u00edneas estrat\u00e9gicas de desarrollo que se requieren, y a trav\u00e9s de nuestras carreras queremos aportar a ello con una gran vocaci\u00f3n social\u201d.<\/p>\n<p>En sinton\u00eda con la necesidad de sumar \u2013bajo la mirada integral que la UPLA ha cultivado en el pa\u00eds- desde las aulas al desarrollo de la zona, el Rector anunci\u00f3 que el Instituto Tecnol\u00f3gico abrir\u00e1 este a\u00f1o cuatro carreras t\u00e9cnicas del \u00e1rea de la miner\u00eda, como son Geolog\u00eda, Prevenci\u00f3n de Riesgos, Miner\u00eda y Medio Ambiente, que significa hacer efectiva una nueva l\u00ednea de desarrollo estrat\u00e9gico que rendir\u00e1 dividendos a todo el pa\u00eds.<\/p>\n<p>Finalizando la ceremonia, Patricio Sanhueza Vivanco, Rector de la UPLA; Jorge Jara Catal\u00e1n, Gobernador Provincial de San Felipe y Jaime Amar Amar, Alcalde de la ciudad, suscribieron el acta de creaci\u00f3n del Centro de Estudios del Valle de Aconcagua, entidad que abordar\u00e1 integralmente el concepto de desarrollo en la zona.<\/p>\n<p><strong>Ampliaci\u00f3n Sede San Felipe<\/strong><\/p>\n<p><a href=\"http:\/\/sitios.upla.cl\/contenidos\/wp-content\/uploads\/2009\/03\/cestudiantes.jpg\"><img loading=\"lazy\" decoding=\"async\" class=\"alignright size-medium wp-image-1917\" title=\"cestudiantes\" src=\"http:\/\/sitios.upla.cl\/contenidos\/wp-content\/uploads\/2009\/03\/cestudiantes-186x280.jpg\" alt=\"\" width=\"186\" height=\"280\" \/><\/a>El Valle de Aconcagua representa hoy en d\u00eda la segunda poblaci\u00f3n universitaria m\u00e1s grande de la regi\u00f3n de Valpara\u00edso. En este contexto, la ampliaci\u00f3n de la Sede San Felipe permitir\u00e1 ampliar el servicio de docencia en educaci\u00f3n superior y cubrir la demanda de matr\u00edcula proyectada y los requerimientos de recursos humanos para el desarrollo socioecon\u00f3mico en la Quinta Regi\u00f3n Interior, espec\u00edficamente en las provincias de San Felipe, Los Andes, Quillota y Petorca.<\/p>\n<p>El proyecto contempla \u2013adem\u00e1s- la puesta en marcha del N\u00facleo de Investigaci\u00f3n del Valle de Aconcagua, la creaci\u00f3n de un Aula Magna, un Centro Patrimonial de Rescate Audiovisual de Aconcagua, un Centro de Diagn\u00f3stico Local Ambiental, un Laboratorio de Idiomas con la m\u00e1s alta tecnolog\u00eda, entre otros.<\/p>\n<p>El remozado campus universitario, cuya inversi\u00f3n super\u00f3 los 750 millones de pesos, comenz\u00f3 a brindar altos est\u00e1ndares de estudio a los mil trescientos estudiantes de pregrado que actualmente cursan alguna de las carreras que se imparten (con el mayor porcentaje de acreditadas a nivel regional).<\/p>\n","protected":false},"excerpt":{"rendered":"<p>Sede UPLA inaugur\u00f3 ampliaci\u00f3n de moderno campus universitario, que vendr\u00e1 a fortalecer prestigio de una instituci\u00f3n pionera en el Valle de Aconcagua. <\/p>\n","protected":false},"author":2,"featured_media":0,"comment_status":"closed","ping_status":"closed","sticky":false,"template":"","format":"standard","meta":{"footnotes":""},"categories":[51,60],"tags":[],"class_list":["post-1915","post","type-post","status-publish","format-standard","","category-academia","category-campus-san-felipe"],"_links":{"self":[{"href":"https:\/\/upla.cl\/noticias\/wp-json\/wp\/v2\/posts\/1915","targetHints":{"allow":["GET"]}}],"collection":[{"href":"https:\/\/upla.cl\/noticias\/wp-json\/wp\/v2\/posts"}],"about":[{"href":"https:\/\/upla.cl\/noticias\/wp-json\/wp\/v2\/types\/post"}],"author":[{"embeddable":true,"href":"https:\/\/upla.cl\/noticias\/wp-json\/wp\/v2\/users\/2"}],"replies":[{"embeddable":true,"href":"https:\/\/upla.cl\/noticias\/wp-json\/wp\/v2\/comments?post=1915"}],"version-history":[{"count":0,"href":"https:\/\/upla.cl\/noticias\/wp-json\/wp\/v2\/posts\/1915\/revisions"}],"wp:attachment":[{"href":"https:\/\/upla.cl\/noticias\/wp-json\/wp\/v2\/media?parent=1915"}],"wp:term":[{"taxonomy":"category","embeddable":true,"href":"https:\/\/upla.cl\/noticias\/wp-json\/wp\/v2\/categories?post=1915"},{"taxonomy":"post_tag","embeddable":true,"href":"https:\/\/upla.cl\/noticias\/wp-json\/wp\/v2\/tags?post=1915"}],"curies":[{"name":"wp","href":"https:\/\/api.w.org\/{rel}","templated":true}]}}