{"id":191842,"date":"2025-11-04T11:27:13","date_gmt":"2025-11-04T14:27:13","guid":{"rendered":"https:\/\/www.upla.cl\/noticias\/?p=191842"},"modified":"2025-11-04T11:27:13","modified_gmt":"2025-11-04T14:27:13","slug":"upla-y-uba-publican-obra-conjunta-sobre-dictadura-democracia-y-liberalismo","status":"publish","type":"post","link":"https:\/\/upla.cl\/noticias\/2025\/11\/04\/upla-y-uba-publican-obra-conjunta-sobre-dictadura-democracia-y-liberalismo\/","title":{"rendered":"UPLA y UBA publican obra conjunta sobre dictadura, democracia y liberalismo"},"content":{"rendered":"<p><span style=\"font-weight: 400;\"><a href=\"https:\/\/www.upla.cl\/noticias\/wp-content\/uploads\/2025\/11\/lanzamientolibro2-scaled.jpg\"><img loading=\"lazy\" decoding=\"async\" class=\"size-medium wp-image-191850 alignleft\" src=\"https:\/\/www.upla.cl\/noticias\/wp-content\/uploads\/2025\/11\/lanzamientolibro2-300x225.jpg\" alt=\"\" width=\"300\" height=\"225\" srcset=\"https:\/\/upla.cl\/noticias\/wp-content\/uploads\/2025\/11\/lanzamientolibro2-300x225.jpg 300w, https:\/\/upla.cl\/noticias\/wp-content\/uploads\/2025\/11\/lanzamientolibro2-1024x768.jpg 1024w, https:\/\/upla.cl\/noticias\/wp-content\/uploads\/2025\/11\/lanzamientolibro2-150x113.jpg 150w, https:\/\/upla.cl\/noticias\/wp-content\/uploads\/2025\/11\/lanzamientolibro2-768x576.jpg 768w, https:\/\/upla.cl\/noticias\/wp-content\/uploads\/2025\/11\/lanzamientolibro2-1536x1152.jpg 1536w, https:\/\/upla.cl\/noticias\/wp-content\/uploads\/2025\/11\/lanzamientolibro2-2048x1536.jpg 2048w\" sizes=\"auto, (max-width: 300px) 100vw, 300px\" \/><\/a>Con una amplia asistencia y participaci\u00f3n se efectu\u00f3 el lanzamiento del libro <strong>\u00ab<\/strong><\/span><b>Dictadura, Democracia y Liberalismo. Procesos pol\u00edticos contempor\u00e1neos en Chile y Argentina\u00bb<\/b><span style=\"font-weight: 400;\">, fruto de un trabajo conjunto entre el <\/span><b>Departamento de G\u00e9nero, Pol\u00edtica y Cultura<\/b><span style=\"font-weight: 400;\"> de la Facultad de Ciencias Sociales de la <strong>Universidad de Playa Ancha<\/strong> (UPLA), y el <\/span><b>Instituto de Investigaciones Gino Germani <\/b><span style=\"font-weight: 400;\">de la <strong>Universidad de Buenos Aires<\/strong> (UBA), bajo la edici\u00f3n de <\/span><b>Francisco B\u00e1ez y Julia Evangelina Velisone.<\/b><\/p>\n<p><span style=\"font-weight: 400;\">La publicaci\u00f3n, cuyo centro y esp\u00edritu es la radiograf\u00eda al liberalismo autoritario en el Cono Sur, <strong>re\u00fane diez cap\u00edtulos<\/strong> escritos por acad\u00e9micos y acad\u00e9micas de Chile y Argentina (soci\u00f3logos, abogados constitucionalistas y psic\u00f3logos sociales), que abordan distintos procesos pol\u00edticos contempor\u00e1neos en ambos pa\u00edses, considerando que la publicaci\u00f3n surge de contextos e hitos simb\u00f3licos, es decir: los 50 a\u00f1os del golpe de Estado en Chile y las cuatro d\u00e9cadas desde la recuperaci\u00f3n de la democracia en Argentina.<\/span><\/p>\n<p><span style=\"font-weight: 400;\">A partir de los cuestionamientos \u00bfqu\u00e9 hacer desde las ciencias sociales en un momento de deslegitimaci\u00f3n de las mismas? y si es suficiente desenmascarar los v\u00ednculos e intereses de la nueva dirigencia pol\u00edtica, las y los autores reflexionan sobre la crisis que atraviesan las propuestas filos\u00f3ficas y pol\u00edticas progresistas, la cual no solo responde a los cambios ideol\u00f3gicos globales marcados por el individualismo y la derechizaci\u00f3n, sino tambi\u00e9n a su creciente desconexi\u00f3n con el progreso material de los sectores m\u00e1s vulnerables.<\/span><\/p>\n<p><span style=\"font-weight: 400;\"><a href=\"https:\/\/www.upla.cl\/noticias\/wp-content\/uploads\/2025\/11\/lanzamientolibro5-scaled.jpg\"><img loading=\"lazy\" decoding=\"async\" class=\"size-medium wp-image-191853 alignright\" src=\"https:\/\/www.upla.cl\/noticias\/wp-content\/uploads\/2025\/11\/lanzamientolibro5-300x225.jpg\" alt=\"\" width=\"300\" height=\"225\" srcset=\"https:\/\/upla.cl\/noticias\/wp-content\/uploads\/2025\/11\/lanzamientolibro5-300x225.jpg 300w, https:\/\/upla.cl\/noticias\/wp-content\/uploads\/2025\/11\/lanzamientolibro5-1024x768.jpg 1024w, https:\/\/upla.cl\/noticias\/wp-content\/uploads\/2025\/11\/lanzamientolibro5-150x113.jpg 150w, https:\/\/upla.cl\/noticias\/wp-content\/uploads\/2025\/11\/lanzamientolibro5-768x576.jpg 768w, https:\/\/upla.cl\/noticias\/wp-content\/uploads\/2025\/11\/lanzamientolibro5-1536x1152.jpg 1536w, https:\/\/upla.cl\/noticias\/wp-content\/uploads\/2025\/11\/lanzamientolibro5-2048x1536.jpg 2048w\" sizes=\"auto, (max-width: 300px) 100vw, 300px\" \/><\/a>Cabe destacar que, m\u00e1s all\u00e1 del aporte anal\u00edtico, la obra tambi\u00e9n nace desde las motivaciones y experiencias personales que reflejan un renovado compromiso con el desarrollo de ciencias sociales cr\u00edticas y propositivas, capaces de ofrecer respuestas en tiempos de incertidumbre.<\/span><\/p>\n<p><span style=\"font-weight: 400;\">La iniciativa, que tuvo lugar en la Sala Luis Carre\u00f1o Silva de Biblioteca Central, form\u00f3 parte de las actividades que se llevaron a cabo durante la <strong>Semana de la Carrera de Sociolog\u00eda<\/strong> (que cumpli\u00f3 22 a\u00f1os de vida), las cuales estuvieron centradas en la promoci\u00f3n y reflexi\u00f3n sobre los Derechos Humanos, y cont\u00f3 con los comentarios de los acad\u00e9micos e investigadores: <\/span><b>Juan Pablo Luna, Nicole Darat, Francisco B\u00e1ez y Mat\u00edas Landau <\/b><span style=\"font-weight: 400;\">(este \u00faltimo de forma virtual).<\/span><\/p>\n<p><span style=\"font-weight: 400;\">En el libro participaron las y los siguientes autores: <\/span><b>Hugo T\u00f3rtora <\/b><span style=\"font-weight: 400;\">(\u201cLa Constituci\u00f3n de 1980 en el plan de la dictadura c\u00edvico militar chilena (1973-1989)\u201d<\/span>; <b>Felipe Venegas <\/b><span style=\"font-weight: 400;\">(\u201cEl Fen\u00f3meno de la partidocracia en la relaci\u00f3n Allende-Partido Socialista durante la Unidad Popular\u201d)<\/span>;<b> Eduardo Alvarado <\/b><span style=\"font-weight: 400;\">(\u201cChile 2019-2022: una transici\u00f3n que fluct\u00faa entre la ruptura y la restauraci\u00f3n del viejo orden pol\u00edtico olig\u00e1rquico\u201d)<\/span>;<b> Jessica Alfaro <\/b><span style=\"font-weight: 400;\">(\u201cContra corriente. Pesca Artesanal, g\u00e9nero, movimientos sociales y neoliberalismo en Chile\u201d); y <\/span><b>Francisco B\u00e1ez <\/b><span style=\"font-weight: 400;\">(\u00abEl golpe de Estado en Chile y sus efectos: dise\u00f1o institucional liberal autoritario y precariado\u00bb).<\/span><\/p>\n<p>Tambi\u00e9n<b> Gabriela Gomes, Mat\u00edas Grinchpun y Mart\u00edn<\/b> <strong>Vicente<\/strong>, con <span style=\"font-weight: 400;\">\u00abLas derechas pol\u00edticas en Argentina y Chile: tensiones, convergencias y s\u00edntesis de los centenarios al final de las dictaduras\u00bb<\/span>; <b>Ana Slimovich <\/b><span style=\"font-weight: 400;\">(\u00abLa historia pol\u00edtica narrada desde X\/Twitter. El discurso digital del expresidente argentino Alberto Fern\u00e1ndez\u00bb)<\/span>; <b>Iv\u00e1n Basewicz <\/b><span style=\"font-weight: 400;\">(\u00abLos expertos y la dimensi\u00f3n vincular de la selecci\u00f3n pol\u00edtica. Foro Agenda Argentina y la cartera de seguridad 2019\u00bb)<\/span>;<b> Javier Franz\u00e9 <\/b><span style=\"font-weight: 400;\">(\u00abEl arquero que no sab\u00eda desempatar: Milei y la deslegitimaci\u00f3n del adversario\u00bb)<\/span>; y<b> Julia Evangelina <\/b><span style=\"font-weight: 400;\">(\u00abLa pol\u00edtica y los medios: un an\u00e1lisis de las trayectorias, representaciones y redes de sociabilidad de los periodistas y expertos del diario La Naci\u00f3n\u00bb).\u00a0<\/span><\/p>\n<p><img loading=\"lazy\" decoding=\"async\" class=\"size-medium wp-image-191857 alignleft\" src=\"https:\/\/www.upla.cl\/noticias\/wp-content\/uploads\/2025\/11\/lanzamientolibro9-300x225.jpg\" alt=\"\" width=\"300\" height=\"225\" srcset=\"https:\/\/upla.cl\/noticias\/wp-content\/uploads\/2025\/11\/lanzamientolibro9-300x225.jpg 300w, https:\/\/upla.cl\/noticias\/wp-content\/uploads\/2025\/11\/lanzamientolibro9-1024x768.jpg 1024w, https:\/\/upla.cl\/noticias\/wp-content\/uploads\/2025\/11\/lanzamientolibro9-150x113.jpg 150w, https:\/\/upla.cl\/noticias\/wp-content\/uploads\/2025\/11\/lanzamientolibro9-768x576.jpg 768w, https:\/\/upla.cl\/noticias\/wp-content\/uploads\/2025\/11\/lanzamientolibro9-1536x1152.jpg 1536w, https:\/\/upla.cl\/noticias\/wp-content\/uploads\/2025\/11\/lanzamientolibro9-2048x1536.jpg 2048w\" sizes=\"auto, (max-width: 300px) 100vw, 300px\" \/><\/p>\n<p><span style=\"font-weight: 400;\">Al respecto, el acad\u00e9mico UPLA <b>Francisco B\u00e1ez<\/b>, quien fue uno de los compiladores y editores del libro,<\/span><span style=\"font-weight: 400;\">\u00a0detall\u00f3 que<\/span> <span style=\"font-weight: 400;\">la publicaci\u00f3n surgi\u00f3 \u00abcomo un proyecto colectivo del departamento, que ten\u00eda que ver con <\/span><span style=\"font-weight: 400;\">mostrar los trabajos de investigaci\u00f3n que estamos realizando, entonces, esta iniciativa se traslad\u00f3 a Argentina. Julia hab\u00eda estado ac\u00e1 en una estancia de investigaci\u00f3n y se nos ocurri\u00f3 efectuar un libro compartido, colectivo entre la Universidad de Playa Ancha y el Instituto Gino Germani de la Universidad de Buenos Aires&#8230; y feliz de que haya resultado. Aprovecho de agradecer a la decanatura, al director del departamento por todo el apoyo, a la directora de la carrera de Sociolog\u00eda, a los autores, colegas, al Comit\u00e9 Editorial de la Facultad de Ciencias Sociales, al director Andr\u00e9s Tello, al Sello Editorial y tambi\u00e9n al director de la imprenta\u201d.<\/span><\/p>\n<p>Por su parte,<b> Juan Pablo Luna<\/b>, docente de la Escuela de Gobierno de la Pontificia Universidad Cat\u00f3lica de Chile<span style=\"font-weight: 400;\">, coment\u00f3 que el libro \u00abmira en paralelo a los \u00faltimos 40 o 50 a\u00f1os de la historia pol\u00edtica chilena y argentina y trata de esa comparaci\u00f3n; tiene cinco cap\u00edtulos, sobre Argentina, cinco cap\u00edtulos sobre Chile. Y en funci\u00f3n de esa comparaci\u00f3n, trata de entender el momento actual de la pol\u00edtica en ambos pa\u00edses, en cuanto a la trayectoria, historia, los legados de las dictaduras, sobre todo, y a las reformas econ\u00f3micas que impulsan dictaduras y c\u00f3mo eso condiciona la pol\u00edtica actual en ambos pa\u00edses. Por un lado, el giro conservador en el caso chileno postestallido y, por otro, lado el ascenso de Milei en Argentina\u201d.\u00a0<\/span><\/p>\n<p>Mientras que <b>Nicole Dara<\/b><strong>t<\/strong>, docente asociada a la Facultad de Artes Liberales de la Universidad Adolfo Ib\u00e1\u00f1ez<span style=\"font-weight: 400;\">,<\/span> <span style=\"font-weight: 400;\">asever\u00f3 que<\/span> la complilaci\u00f3n <span style=\"font-weight: 400;\">\u00abtiene art\u00edculos escritos desde Argentina y otros de Chile, que abordan las complejidades del fen\u00f3meno democr\u00e1tico desde distintos puntos de vista, que tienen que ver, sobre todo en el caso chileno, con la reconstrucci\u00f3n de lo que ha sido el retorno a la democracia y el ciclo de conflictos, que se inicia con la revuelta y que termina con el fracaso constitucional. En el caso de Argentina est\u00e1 muy presente el fen\u00f3meno Milei y la reconfiguraci\u00f3n de las derechas en torno a eso. Son cap\u00edtulos que nos permiten conectar dos pa\u00edses que tienen similitudes y diferencias, y proyectar cu\u00e1les son los desaf\u00edos de las democracias en el Cono Sur en la actualidad\u201d, concluy\u00f3.<\/span><\/p>\n<div id='gallery-1' class='gallery galleryid-191842 gallery-columns-3 gallery-size-thumbnail'><figure class='gallery-item'>\n\t\t\t<div class='gallery-icon landscape'>\n\t\t\t\t<a href='https:\/\/upla.cl\/noticias\/wp-content\/uploads\/2025\/11\/lanzamientolibro10-scaled.jpg'><img loading=\"lazy\" decoding=\"async\" width=\"150\" height=\"113\" src=\"https:\/\/upla.cl\/noticias\/wp-content\/uploads\/2025\/11\/lanzamientolibro10-150x113.jpg\" class=\"attachment-thumbnail size-thumbnail\" alt=\"\" srcset=\"https:\/\/upla.cl\/noticias\/wp-content\/uploads\/2025\/11\/lanzamientolibro10-150x113.jpg 150w, https:\/\/upla.cl\/noticias\/wp-content\/uploads\/2025\/11\/lanzamientolibro10-300x225.jpg 300w, https:\/\/upla.cl\/noticias\/wp-content\/uploads\/2025\/11\/lanzamientolibro10-1024x768.jpg 1024w, https:\/\/upla.cl\/noticias\/wp-content\/uploads\/2025\/11\/lanzamientolibro10-768x576.jpg 768w, https:\/\/upla.cl\/noticias\/wp-content\/uploads\/2025\/11\/lanzamientolibro10-1536x1152.jpg 1536w, https:\/\/upla.cl\/noticias\/wp-content\/uploads\/2025\/11\/lanzamientolibro10-2048x1536.jpg 2048w\" sizes=\"auto, (max-width: 150px) 100vw, 150px\" \/><\/a>\n\t\t\t<\/div><\/figure><figure class='gallery-item'>\n\t\t\t<div class='gallery-icon landscape'>\n\t\t\t\t<a href='https:\/\/upla.cl\/noticias\/wp-content\/uploads\/2025\/11\/lanzamientolibro4-scaled.jpg'><img loading=\"lazy\" decoding=\"async\" width=\"150\" height=\"113\" src=\"https:\/\/upla.cl\/noticias\/wp-content\/uploads\/2025\/11\/lanzamientolibro4-150x113.jpg\" class=\"attachment-thumbnail size-thumbnail\" alt=\"\" srcset=\"https:\/\/upla.cl\/noticias\/wp-content\/uploads\/2025\/11\/lanzamientolibro4-150x113.jpg 150w, https:\/\/upla.cl\/noticias\/wp-content\/uploads\/2025\/11\/lanzamientolibro4-300x225.jpg 300w, https:\/\/upla.cl\/noticias\/wp-content\/uploads\/2025\/11\/lanzamientolibro4-1024x768.jpg 1024w, https:\/\/upla.cl\/noticias\/wp-content\/uploads\/2025\/11\/lanzamientolibro4-768x576.jpg 768w, https:\/\/upla.cl\/noticias\/wp-content\/uploads\/2025\/11\/lanzamientolibro4-1536x1152.jpg 1536w, https:\/\/upla.cl\/noticias\/wp-content\/uploads\/2025\/11\/lanzamientolibro4-2048x1536.jpg 2048w\" sizes=\"auto, (max-width: 150px) 100vw, 150px\" \/><\/a>\n\t\t\t<\/div><\/figure><figure class='gallery-item'>\n\t\t\t<div class='gallery-icon landscape'>\n\t\t\t\t<a href='https:\/\/upla.cl\/noticias\/wp-content\/uploads\/2025\/11\/lanzamientolibro3-scaled.jpg'><img loading=\"lazy\" decoding=\"async\" width=\"150\" height=\"113\" src=\"https:\/\/upla.cl\/noticias\/wp-content\/uploads\/2025\/11\/lanzamientolibro3-150x113.jpg\" class=\"attachment-thumbnail size-thumbnail\" alt=\"\" srcset=\"https:\/\/upla.cl\/noticias\/wp-content\/uploads\/2025\/11\/lanzamientolibro3-150x113.jpg 150w, https:\/\/upla.cl\/noticias\/wp-content\/uploads\/2025\/11\/lanzamientolibro3-300x225.jpg 300w, https:\/\/upla.cl\/noticias\/wp-content\/uploads\/2025\/11\/lanzamientolibro3-1024x768.jpg 1024w, https:\/\/upla.cl\/noticias\/wp-content\/uploads\/2025\/11\/lanzamientolibro3-768x576.jpg 768w, https:\/\/upla.cl\/noticias\/wp-content\/uploads\/2025\/11\/lanzamientolibro3-1536x1152.jpg 1536w, https:\/\/upla.cl\/noticias\/wp-content\/uploads\/2025\/11\/lanzamientolibro3-2048x1536.jpg 2048w\" sizes=\"auto, (max-width: 150px) 100vw, 150px\" \/><\/a>\n\t\t\t<\/div><\/figure><figure class='gallery-item'>\n\t\t\t<div class='gallery-icon landscape'>\n\t\t\t\t<a href='https:\/\/upla.cl\/noticias\/wp-content\/uploads\/2025\/11\/lanzamientolibro6-scaled.jpg'><img loading=\"lazy\" decoding=\"async\" width=\"150\" height=\"113\" src=\"https:\/\/upla.cl\/noticias\/wp-content\/uploads\/2025\/11\/lanzamientolibro6-150x113.jpg\" class=\"attachment-thumbnail size-thumbnail\" alt=\"\" srcset=\"https:\/\/upla.cl\/noticias\/wp-content\/uploads\/2025\/11\/lanzamientolibro6-150x113.jpg 150w, https:\/\/upla.cl\/noticias\/wp-content\/uploads\/2025\/11\/lanzamientolibro6-300x225.jpg 300w, https:\/\/upla.cl\/noticias\/wp-content\/uploads\/2025\/11\/lanzamientolibro6-1024x768.jpg 1024w, https:\/\/upla.cl\/noticias\/wp-content\/uploads\/2025\/11\/lanzamientolibro6-768x576.jpg 768w, https:\/\/upla.cl\/noticias\/wp-content\/uploads\/2025\/11\/lanzamientolibro6-1536x1152.jpg 1536w, https:\/\/upla.cl\/noticias\/wp-content\/uploads\/2025\/11\/lanzamientolibro6-2048x1536.jpg 2048w\" sizes=\"auto, (max-width: 150px) 100vw, 150px\" \/><\/a>\n\t\t\t<\/div><\/figure><figure class='gallery-item'>\n\t\t\t<div class='gallery-icon portrait'>\n\t\t\t\t<a href='https:\/\/upla.cl\/noticias\/wp-content\/uploads\/2025\/11\/lanzamientolibro7-scaled.jpg'><img loading=\"lazy\" decoding=\"async\" width=\"113\" height=\"150\" src=\"https:\/\/upla.cl\/noticias\/wp-content\/uploads\/2025\/11\/lanzamientolibro7-113x150.jpg\" class=\"attachment-thumbnail size-thumbnail\" alt=\"\" srcset=\"https:\/\/upla.cl\/noticias\/wp-content\/uploads\/2025\/11\/lanzamientolibro7-113x150.jpg 113w, https:\/\/upla.cl\/noticias\/wp-content\/uploads\/2025\/11\/lanzamientolibro7-225x300.jpg 225w, https:\/\/upla.cl\/noticias\/wp-content\/uploads\/2025\/11\/lanzamientolibro7-768x1024.jpg 768w, https:\/\/upla.cl\/noticias\/wp-content\/uploads\/2025\/11\/lanzamientolibro7-1152x1536.jpg 1152w, https:\/\/upla.cl\/noticias\/wp-content\/uploads\/2025\/11\/lanzamientolibro7-1536x2048.jpg 1536w, https:\/\/upla.cl\/noticias\/wp-content\/uploads\/2025\/11\/lanzamientolibro7-scaled.jpg 1920w\" sizes=\"auto, (max-width: 113px) 100vw, 113px\" \/><\/a>\n\t\t\t<\/div><\/figure>\n\t\t<\/div>\n\n","protected":false},"excerpt":{"rendered":"<p>El libro, cuyo centro y esp\u00edritu es la radiograf\u00eda al liberalismo autoritario en el Cono Sur, re\u00fane diez cap\u00edtulos escritos por acad\u00e9micos y acad\u00e9micas de Chile y Argentina (soci\u00f3logos, abogados constitucionalistas y psic\u00f3logos sociales), que abordan distintos procesos pol\u00edticos contempor\u00e1neos en ambos pa\u00edses.<\/p>\n","protected":false},"author":18,"featured_media":191849,"comment_status":"closed","ping_status":"open","sticky":false,"template":"","format":"standard","meta":{"footnotes":""},"categories":[51,96,40,76,1],"tags":[],"class_list":["post-191842","post","type-post","status-publish","format-standard","has-post-thumbnail","","category-academia","category-academicos","category-destacados","category-facultad-de-ciencias-sociales","category-sin-categoria"],"_links":{"self":[{"href":"https:\/\/upla.cl\/noticias\/wp-json\/wp\/v2\/posts\/191842","targetHints":{"allow":["GET"]}}],"collection":[{"href":"https:\/\/upla.cl\/noticias\/wp-json\/wp\/v2\/posts"}],"about":[{"href":"https:\/\/upla.cl\/noticias\/wp-json\/wp\/v2\/types\/post"}],"author":[{"embeddable":true,"href":"https:\/\/upla.cl\/noticias\/wp-json\/wp\/v2\/users\/18"}],"replies":[{"embeddable":true,"href":"https:\/\/upla.cl\/noticias\/wp-json\/wp\/v2\/comments?post=191842"}],"version-history":[{"count":0,"href":"https:\/\/upla.cl\/noticias\/wp-json\/wp\/v2\/posts\/191842\/revisions"}],"wp:featuredmedia":[{"embeddable":true,"href":"https:\/\/upla.cl\/noticias\/wp-json\/wp\/v2\/media\/191849"}],"wp:attachment":[{"href":"https:\/\/upla.cl\/noticias\/wp-json\/wp\/v2\/media?parent=191842"}],"wp:term":[{"taxonomy":"category","embeddable":true,"href":"https:\/\/upla.cl\/noticias\/wp-json\/wp\/v2\/categories?post=191842"},{"taxonomy":"post_tag","embeddable":true,"href":"https:\/\/upla.cl\/noticias\/wp-json\/wp\/v2\/tags?post=191842"}],"curies":[{"name":"wp","href":"https:\/\/api.w.org\/{rel}","templated":true}]}}