{"id":193090,"date":"2025-11-27T11:38:03","date_gmt":"2025-11-27T14:38:03","guid":{"rendered":"https:\/\/www.upla.cl\/noticias\/?p=193090"},"modified":"2025-11-27T11:38:03","modified_gmt":"2025-11-27T14:38:03","slug":"upla-participa-en-jornada-del-buen-trato-organizada-por-la-municipalidad-de-zapallar","status":"publish","type":"post","link":"https:\/\/upla.cl\/noticias\/2025\/11\/27\/upla-participa-en-jornada-del-buen-trato-organizada-por-la-municipalidad-de-zapallar\/","title":{"rendered":"UPLA participa en Jornada del Buen Trato organizada por la Municipalidad de Zapallar"},"content":{"rendered":"<p><a href=\"https:\/\/www.upla.cl\/noticias\/wp-content\/uploads\/2025\/11\/zapallar_1.jpg\"><img loading=\"lazy\" decoding=\"async\" class=\"aligncenter size-full wp-image-193141\" src=\"https:\/\/www.upla.cl\/noticias\/wp-content\/uploads\/2025\/11\/zapallar_1.jpg\" alt=\"\" width=\"800\" height=\"600\" srcset=\"https:\/\/upla.cl\/noticias\/wp-content\/uploads\/2025\/11\/zapallar_1.jpg 800w, https:\/\/upla.cl\/noticias\/wp-content\/uploads\/2025\/11\/zapallar_1-300x225.jpg 300w, https:\/\/upla.cl\/noticias\/wp-content\/uploads\/2025\/11\/zapallar_1-150x113.jpg 150w, https:\/\/upla.cl\/noticias\/wp-content\/uploads\/2025\/11\/zapallar_1-768x576.jpg 768w\" sizes=\"auto, (max-width: 800px) 100vw, 800px\" \/><\/a>La actividad convoc\u00f3 a jardines infantiles, establecimientos t\u00e9cnico-profesionales y cient\u00edfico-humanistas, apoderadas y apoderados, adem\u00e1s de estudiantes de cuarto a\u00f1o designados como embajadores del Buen Trato.<\/p>\n<p>La participaci\u00f3n de la UPLA se centr\u00f3 en una charla dictada por la acad\u00e9mica <strong>Pamela Barr\u00eda Herrera, del Departamento de Mediaci\u00f3n y Subjetividades de la <a href=\"https:\/\/www.upla.cl\/admision\/carreras-profesionales\/facultad-de-ciencias-sociales\/psicologia\/\">carrera de Psicolog\u00eda<\/a> de la Facultad de Ciencias Sociales<\/strong> de la universidad, y estuvo orientada a fortalecer los ambientes educativos y promover relaciones respetuosas en las comunidades escolares. A esta instancia tambi\u00e9n se sumaron las estudiantes de cuarto a\u00f1o de esta carrera: <strong>Tania Santander Ram\u00edrez y Valeria Palavecino Zamora.<\/strong><\/p>\n<p><a href=\"https:\/\/www.upla.cl\/noticias\/wp-content\/uploads\/2025\/11\/zapallar_4.jpg\"><img loading=\"lazy\" decoding=\"async\" class=\"alignleft size-medium wp-image-193138\" src=\"https:\/\/www.upla.cl\/noticias\/wp-content\/uploads\/2025\/11\/zapallar_4-300x225.jpg\" alt=\"\" width=\"300\" height=\"225\" srcset=\"https:\/\/upla.cl\/noticias\/wp-content\/uploads\/2025\/11\/zapallar_4-300x225.jpg 300w, https:\/\/upla.cl\/noticias\/wp-content\/uploads\/2025\/11\/zapallar_4-150x113.jpg 150w, https:\/\/upla.cl\/noticias\/wp-content\/uploads\/2025\/11\/zapallar_4-768x576.jpg 768w, https:\/\/upla.cl\/noticias\/wp-content\/uploads\/2025\/11\/zapallar_4.jpg 800w\" sizes=\"auto, (max-width: 300px) 100vw, 300px\" \/><\/a>Adem\u00e1s, la casa de estudios instal\u00f3 un stand informativo con su oferta acad\u00e9mica, espacio que fue valorado por las familias y la organizaci\u00f3n comunal como una oportunidad para conocer la propuesta formativa de la instituci\u00f3n. La jornada, que tambi\u00e9n cont\u00f3 con representantes de la Direcci\u00f3n General de Vinculaci\u00f3n con el Medio y de la Unidad de Acompa\u00f1amiento Estudiantil, culmin\u00f3 con una presentaci\u00f3n del Ballet de la Universidad de Playa Ancha.<\/p>\n<h4><strong>Valoraci\u00f3n de la Municipalidad de Zapallar<\/strong><\/h4>\n<p>La <strong>directora del departamento de Educaci\u00f3n de la Municipalidad de Zapallar, Adela Silva Olivares,<\/strong> destac\u00f3 el trabajo conjunto: \u201cEstuvimos en una actividad preciosa en colaboraci\u00f3n y apoyo de la Universidad de Playa Ancha, que tiene que ver con esta capacitaci\u00f3n que estamos haciendo a los embajadores del Buen Trato que se enmarca en nuestra campa\u00f1a \u2018Trat\u00e9monos bien, de eso se trata\u2019, una iniciativa que ya lleva cinco a\u00f1os,\u00a0 donde han participado todos los establecimientos educacionales de nuestra comuna, incluyendo a los jardines infantiles; y ahora se extiende hacia otras direcciones de la Municipalidad, algo que nos tiene muy contentos\u201d.<\/p>\n<p><a href=\"https:\/\/www.upla.cl\/noticias\/wp-content\/uploads\/2025\/11\/zapallar_3.jpg\"><img loading=\"lazy\" decoding=\"async\" class=\"alignright size-medium wp-image-193140\" src=\"https:\/\/www.upla.cl\/noticias\/wp-content\/uploads\/2025\/11\/zapallar_3-300x225.jpg\" alt=\"\" width=\"300\" height=\"225\" srcset=\"https:\/\/upla.cl\/noticias\/wp-content\/uploads\/2025\/11\/zapallar_3-300x225.jpg 300w, https:\/\/upla.cl\/noticias\/wp-content\/uploads\/2025\/11\/zapallar_3-150x113.jpg 150w, https:\/\/upla.cl\/noticias\/wp-content\/uploads\/2025\/11\/zapallar_3-768x576.jpg 768w, https:\/\/upla.cl\/noticias\/wp-content\/uploads\/2025\/11\/zapallar_3.jpg 800w\" sizes=\"auto, (max-width: 300px) 100vw, 300px\" \/><\/a>Asimismo, valor\u00f3 la alianza con la universidad: \u00abLa articulaci\u00f3n que hemos tenido con la Universidad de Playa Ancha, con quienes ya estamos en la etapa previa a la firma de un convenio donde, entre otras cosas, hemos gestionado alianzas en torno al \u00e1mbito educativo de la comuna\u201d.<\/p>\n<p>En esta l\u00ednea, la <strong>coordinadora de la Unidad de Relaciones Institucionales y Extensi\u00f3n Universitaria, Paulina Salvador Pinilla,<\/strong> explic\u00f3 que esta colaboraci\u00f3n se encuentra en proceso de formalizaci\u00f3n mediante un convenio de colaboraci\u00f3n interinstitucional.<\/p>\n<p>\u201cEstar presentes hoy es parte del compromiso asumido en la colaboraci\u00f3n interinstitucional entre la Universidad y la Ilustre Municipalidad de Zapallar, v\u00ednculo que actualmente se encuentra en proceso de formalizaci\u00f3n mediante un valioso convenio de colaboraci\u00f3n\u201d, sostuvo Paulina Salvador.<\/p>\n<h4><strong>Mirada formativa desde la UPLA<\/strong><\/h4>\n<p>La acad\u00e9mica Pamela Barr\u00eda, agreg\u00f3 que la invitaci\u00f3n fue \u00aba conversar sobre las habilidades de las y los estudiantes embajadores de Convivencia Escolar porque desde los creadores de la iniciativa surgi\u00f3 la necesidad de formar l\u00edderes que, desde mi perspectiva, no solamente tengan relaci\u00f3n con la sala de clases, sino que tambi\u00e9n adquieran habilidades para la vida cotidiana\u201d y a\u00f1adi\u00f3 que dentro de lo que se trabaj\u00f3 en compa\u00f1\u00eda de las dos estudiantes de cuarto a\u00f1o, se abord\u00f3\u00a0 el concepto del conflicto y se revisaron las habilidades sociales para la resoluci\u00f3n de estos mismos.<\/p>\n<p><a href=\"https:\/\/www.upla.cl\/noticias\/wp-content\/uploads\/2025\/11\/zapallar_2.jpg\"><img loading=\"lazy\" decoding=\"async\" class=\"alignright size-medium wp-image-193139\" src=\"https:\/\/www.upla.cl\/noticias\/wp-content\/uploads\/2025\/11\/zapallar_2-300x225.jpg\" alt=\"\" width=\"300\" height=\"225\" srcset=\"https:\/\/upla.cl\/noticias\/wp-content\/uploads\/2025\/11\/zapallar_2-300x225.jpg 300w, https:\/\/upla.cl\/noticias\/wp-content\/uploads\/2025\/11\/zapallar_2-150x113.jpg 150w, https:\/\/upla.cl\/noticias\/wp-content\/uploads\/2025\/11\/zapallar_2-768x576.jpg 768w, https:\/\/upla.cl\/noticias\/wp-content\/uploads\/2025\/11\/zapallar_2.jpg 800w\" sizes=\"auto, (max-width: 300px) 100vw, 300px\" \/><\/a>Al respecto, Paulina Salvador coment\u00f3 adem\u00e1s\u00a0 que la convivencia escolar \u201ces un eje prioritario para la UPLA y ha sido abordado en diversos espacios institucionales. Este trabajo ha sido liderado por destacadas y destacados acad\u00e9micos de nuestra Universidad, mediante iniciativas y proyectos centrados en el abordaje socioemocional en las comunidades educativas. Un posicionamiento que nos ha permitido trabajar con otras instituciones p\u00fablicas como JUNAEB y su red de colaboradores, y hoy representa un avance significativo continuar fortaleciendo este posicionamiento a trav\u00e9s de la colaboraci\u00f3n con la campa\u00f1a del Buen Trato impulsada por la Municipalidad\u201d, concluy\u00f3 la coordinadora.<\/p>\n<p>(Carolina Cabrera P\u00e9rez, periodista, Unidad de Acompa\u00f1amiento Estudiantil &#8211; Programa PACE UPLA)<\/p>\n","protected":false},"excerpt":{"rendered":"<p>La universidad se sum\u00f3 a la Jornada del Buen Trato de Zapallar con una charla de capacitaci\u00f3n dictada por la carrera de Psicolog\u00eda, un stand informativo y la presentaci\u00f3n de su ballet. El encuentro, que reuni\u00f3 a toda la comunidad educativa de la comuna, es parte de la colaboraci\u00f3n interinstitucional que ambas entidades buscan formalizar mediante un convenio.<\/p>\n","protected":false},"author":11,"featured_media":193141,"comment_status":"closed","ping_status":"open","sticky":false,"template":"","format":"standard","meta":{"footnotes":""},"categories":[96,40,97,76,91],"tags":[],"class_list":["post-193090","post","type-post","status-publish","format-standard","has-post-thumbnail","","category-academicos","category-destacados","category-estudiantes","category-facultad-de-ciencias-sociales","category-vinculacion-con-el-medio"],"_links":{"self":[{"href":"https:\/\/upla.cl\/noticias\/wp-json\/wp\/v2\/posts\/193090","targetHints":{"allow":["GET"]}}],"collection":[{"href":"https:\/\/upla.cl\/noticias\/wp-json\/wp\/v2\/posts"}],"about":[{"href":"https:\/\/upla.cl\/noticias\/wp-json\/wp\/v2\/types\/post"}],"author":[{"embeddable":true,"href":"https:\/\/upla.cl\/noticias\/wp-json\/wp\/v2\/users\/11"}],"replies":[{"embeddable":true,"href":"https:\/\/upla.cl\/noticias\/wp-json\/wp\/v2\/comments?post=193090"}],"version-history":[{"count":0,"href":"https:\/\/upla.cl\/noticias\/wp-json\/wp\/v2\/posts\/193090\/revisions"}],"wp:featuredmedia":[{"embeddable":true,"href":"https:\/\/upla.cl\/noticias\/wp-json\/wp\/v2\/media\/193141"}],"wp:attachment":[{"href":"https:\/\/upla.cl\/noticias\/wp-json\/wp\/v2\/media?parent=193090"}],"wp:term":[{"taxonomy":"category","embeddable":true,"href":"https:\/\/upla.cl\/noticias\/wp-json\/wp\/v2\/categories?post=193090"},{"taxonomy":"post_tag","embeddable":true,"href":"https:\/\/upla.cl\/noticias\/wp-json\/wp\/v2\/tags?post=193090"}],"curies":[{"name":"wp","href":"https:\/\/api.w.org\/{rel}","templated":true}]}}