{"id":193404,"date":"2025-12-01T12:02:06","date_gmt":"2025-12-01T15:02:06","guid":{"rendered":"https:\/\/www.upla.cl\/noticias\/?p=193404"},"modified":"2025-12-01T12:02:06","modified_gmt":"2025-12-01T15:02:06","slug":"campus-san-felipe-educacion-diferencial-potencia-formacion-de-sus-estudiantes-en-encuentro-con-empleadores","status":"publish","type":"post","link":"https:\/\/upla.cl\/noticias\/2025\/12\/01\/campus-san-felipe-educacion-diferencial-potencia-formacion-de-sus-estudiantes-en-encuentro-con-empleadores\/","title":{"rendered":"Campus San Felipe: Educaci\u00f3n Diferencial potencia formaci\u00f3n de sus estudiantes en encuentro con empleadores"},"content":{"rendered":"<p><strong><a href=\"https:\/\/www.upla.cl\/noticias\/wp-content\/uploads\/2025\/12\/1-1.jpg\"><img loading=\"lazy\" decoding=\"async\" class=\"aligncenter size-full wp-image-193405\" src=\"https:\/\/www.upla.cl\/noticias\/wp-content\/uploads\/2025\/12\/1-1.jpg\" alt=\"\" width=\"1984\" height=\"1404\" srcset=\"https:\/\/upla.cl\/noticias\/wp-content\/uploads\/2025\/12\/1-1.jpg 1984w, https:\/\/upla.cl\/noticias\/wp-content\/uploads\/2025\/12\/1-1-300x212.jpg 300w, https:\/\/upla.cl\/noticias\/wp-content\/uploads\/2025\/12\/1-1-1024x725.jpg 1024w, https:\/\/upla.cl\/noticias\/wp-content\/uploads\/2025\/12\/1-1-150x106.jpg 150w, https:\/\/upla.cl\/noticias\/wp-content\/uploads\/2025\/12\/1-1-768x543.jpg 768w, https:\/\/upla.cl\/noticias\/wp-content\/uploads\/2025\/12\/1-1-1536x1087.jpg 1536w\" sizes=\"auto, (max-width: 1984px) 100vw, 1984px\" \/><\/a>La carrera de <a href=\"https:\/\/www.upla.cl\/facultad\/cienciaseducacion\/carreras\/pedagogia-en-educacion-diferencial\/\">Pedagog\u00eda en Educaci\u00f3n Diferencial (EDI) del campus San Felipe<\/a><\/strong> realiz\u00f3 una jornada de encuentro con empleadores y representantes de los equipos directivos de los centros de pr\u00e1ctica, con el prop\u00f3sito de analizar el perfil de egreso de los estudiantes UPLA y generar un espacio de di\u00e1logo y reflexi\u00f3n compartida sobre la formaci\u00f3n docente frente a los desaf\u00edos actuales del sistema educativo, esto en el marco de su proceso de autoevaluaci\u00f3n y redise\u00f1o curricular.<\/p>\n<p>La actividad estuvo encabezada por la directora de <strong>Pedagog\u00eda en Educaci\u00f3n Diferencial de la UPLA, Ivette Doll Castillo; la coordinadora de la carrera en el campus San Felipe, Sandra Gonz\u00e1lez Toro; y la encargada de pr\u00e1cticas, Agueda Elgueta Vega, participando del encuentro la Oficina de la Discapacidad de la Municipalidad de San Felipe, el Colegio Piramide de San Felipe, Colegio Metodista Ed\u00e9n Del Ni\u00f1o de Los Andes, Escuela John Kennedy de Los Andes, Liceo Particular Mixto de San Felipe, Escuela Jos\u00e9 Manso De Velasco de San Felipe y la Corporaci\u00f3n Educacional Monte Aconcagua.<\/strong><\/p>\n<p>A partir de la experiencia de quienes reciben y acompa\u00f1an en los diversos establecimiento educacionales a las y los docentes en formaci\u00f3n, desde sus pr\u00e1cticas tempranas hasta las profesionales, se lograron identificar fortalezas, necesidades formativas y prioridades de desarrollo profesional, con el prop\u00f3sito de seguir fortaleciendo la formaci\u00f3n inicial.<\/p>\n<p><a href=\"https:\/\/www.upla.cl\/noticias\/wp-content\/uploads\/2025\/12\/6-1.jpg\"><img loading=\"lazy\" decoding=\"async\" class=\"alignleft size-medium wp-image-193407\" src=\"https:\/\/www.upla.cl\/noticias\/wp-content\/uploads\/2025\/12\/6-1-300x198.jpg\" alt=\"\" width=\"300\" height=\"198\" srcset=\"https:\/\/upla.cl\/noticias\/wp-content\/uploads\/2025\/12\/6-1-300x198.jpg 300w, https:\/\/upla.cl\/noticias\/wp-content\/uploads\/2025\/12\/6-1-1024x677.jpg 1024w, https:\/\/upla.cl\/noticias\/wp-content\/uploads\/2025\/12\/6-1-150x99.jpg 150w, https:\/\/upla.cl\/noticias\/wp-content\/uploads\/2025\/12\/6-1-768x508.jpg 768w, https:\/\/upla.cl\/noticias\/wp-content\/uploads\/2025\/12\/6-1-1536x1016.jpg 1536w, https:\/\/upla.cl\/noticias\/wp-content\/uploads\/2025\/12\/6-1-2048x1355.jpg 2048w, https:\/\/upla.cl\/noticias\/wp-content\/uploads\/2025\/12\/6-1-310x205.jpg 310w\" sizes=\"auto, (max-width: 300px) 100vw, 300px\" \/><\/a>Sandra Gonz\u00e1lez Toro, coordinadora de Pedagog\u00eda en Educaci\u00f3n Diferencial del campus San Felipe, destac\u00f3 que \u201cesta jornada nos invita a mirar el camino recorrido como carrera y a proyectar c\u00f3mo queremos seguir formando a los futuros profesores y profesoras de Educaci\u00f3n Diferencial. Creemos profundamente en el valor de estos v\u00ednculos bidireccionales, porque permiten la formaci\u00f3n de docentes con una mirada cr\u00edtica, situada y en di\u00e1logo permanente con las realidades y desaf\u00edos de distintos contextos. De esta manera, aseguramos el desarrollo de competencias en escenarios aut\u00e9nticos, contribuyendo a las transformaciones necesarias para una mayor justicia social y el ejercicio pleno del derecho a la educaci\u00f3n de todos y todas\u00bb.<\/p>\n<p><a href=\"https:\/\/www.upla.cl\/noticias\/wp-content\/uploads\/2025\/12\/3-1.jpg\"><img loading=\"lazy\" decoding=\"async\" class=\"alignleft size-medium wp-image-193406\" src=\"https:\/\/www.upla.cl\/noticias\/wp-content\/uploads\/2025\/12\/3-1-300x200.jpg\" alt=\"\" width=\"300\" height=\"200\" srcset=\"https:\/\/upla.cl\/noticias\/wp-content\/uploads\/2025\/12\/3-1-300x200.jpg 300w, https:\/\/upla.cl\/noticias\/wp-content\/uploads\/2025\/12\/3-1-1024x683.jpg 1024w, https:\/\/upla.cl\/noticias\/wp-content\/uploads\/2025\/12\/3-1-150x100.jpg 150w, https:\/\/upla.cl\/noticias\/wp-content\/uploads\/2025\/12\/3-1-768x512.jpg 768w, https:\/\/upla.cl\/noticias\/wp-content\/uploads\/2025\/12\/3-1-1536x1024.jpg 1536w, https:\/\/upla.cl\/noticias\/wp-content\/uploads\/2025\/12\/3-1-2048x1365.jpg 2048w\" sizes=\"auto, (max-width: 300px) 100vw, 300px\" \/><\/a>Por su parte, <strong>Gwendolyn Tapia Tapia, directora acad\u00e9mica de la Corporaci\u00f3n Monte Aconcagua<\/strong>, enfatiz\u00f3 que \u201cnosotros, como los principales empleadores en esta zona -en el sentido de que recibimos a alrededor de 71 educadoras diferenciales- nos sentimos muy agradecidos de que nos hayan recibido para poder compartir un poco sobre nuestras preocupaciones, nuestras necesidades, y tambi\u00e9n el contexto en el que se van a desempe\u00f1ar las futuras egresadas de la carrera. Sentimos que hay un inter\u00e9s muy genuino de querer aportar de manera significativa en la formaci\u00f3n de las futuras profesionales. Esta es una instancia clave para poder generar una especialidad de alto impacto en la zona y a nivel pa\u00eds en el \u00e1mbito de la educaci\u00f3n\u201d.<\/p>\n<p>(Daniel Labb\u00e9 Y., periodista Direcci\u00f3n General de Vinculaci\u00f3n con el Medio \/ Campus San Felipe)<\/p>\n<p>&nbsp;<\/p>\n","protected":false},"excerpt":{"rendered":"<p>Siete entidades del Valle de Aconcagua participaron de la fruct\u00edfera jornada.<\/p>\n","protected":false},"author":11,"featured_media":193405,"comment_status":"closed","ping_status":"open","sticky":false,"template":"","format":"standard","meta":{"footnotes":""},"categories":[96,60,97,73,91],"tags":[],"class_list":["post-193404","post","type-post","status-publish","format-standard","has-post-thumbnail","","category-academicos","category-campus-san-felipe","category-estudiantes","category-facultad-de-ciencias-de-la-educacion","category-vinculacion-con-el-medio"],"_links":{"self":[{"href":"https:\/\/upla.cl\/noticias\/wp-json\/wp\/v2\/posts\/193404","targetHints":{"allow":["GET"]}}],"collection":[{"href":"https:\/\/upla.cl\/noticias\/wp-json\/wp\/v2\/posts"}],"about":[{"href":"https:\/\/upla.cl\/noticias\/wp-json\/wp\/v2\/types\/post"}],"author":[{"embeddable":true,"href":"https:\/\/upla.cl\/noticias\/wp-json\/wp\/v2\/users\/11"}],"replies":[{"embeddable":true,"href":"https:\/\/upla.cl\/noticias\/wp-json\/wp\/v2\/comments?post=193404"}],"version-history":[{"count":0,"href":"https:\/\/upla.cl\/noticias\/wp-json\/wp\/v2\/posts\/193404\/revisions"}],"wp:featuredmedia":[{"embeddable":true,"href":"https:\/\/upla.cl\/noticias\/wp-json\/wp\/v2\/media\/193405"}],"wp:attachment":[{"href":"https:\/\/upla.cl\/noticias\/wp-json\/wp\/v2\/media?parent=193404"}],"wp:term":[{"taxonomy":"category","embeddable":true,"href":"https:\/\/upla.cl\/noticias\/wp-json\/wp\/v2\/categories?post=193404"},{"taxonomy":"post_tag","embeddable":true,"href":"https:\/\/upla.cl\/noticias\/wp-json\/wp\/v2\/tags?post=193404"}],"curies":[{"name":"wp","href":"https:\/\/api.w.org\/{rel}","templated":true}]}}