{"id":193463,"date":"2025-12-02T10:13:27","date_gmt":"2025-12-02T13:13:27","guid":{"rendered":"https:\/\/www.upla.cl\/noticias\/?p=193463"},"modified":"2025-12-02T10:13:27","modified_gmt":"2025-12-02T13:13:27","slug":"estudiantes-de-pedagogia-en-castellano-upla-relanzan-revista-nueva-fenix","status":"publish","type":"post","link":"https:\/\/upla.cl\/noticias\/2025\/12\/02\/estudiantes-de-pedagogia-en-castellano-upla-relanzan-revista-nueva-fenix\/","title":{"rendered":"Estudiantes de Pedagog\u00eda en Castellano UPLA relanzan Revista Nueva F\u00e9nix"},"content":{"rendered":"<p><a href=\"https:\/\/www.upla.cl\/noticias\/wp-content\/uploads\/2025\/12\/2025_revistanuevafenix_pedcastellanoupla.jpg\"><img loading=\"lazy\" decoding=\"async\" class=\"alignright  wp-image-193466\" src=\"https:\/\/www.upla.cl\/noticias\/wp-content\/uploads\/2025\/12\/2025_revistanuevafenix_pedcastellanoupla-1024x576.jpg\" alt=\"\" width=\"350\" height=\"197\" srcset=\"https:\/\/upla.cl\/noticias\/wp-content\/uploads\/2025\/12\/2025_revistanuevafenix_pedcastellanoupla-1024x576.jpg 1024w, https:\/\/upla.cl\/noticias\/wp-content\/uploads\/2025\/12\/2025_revistanuevafenix_pedcastellanoupla-300x169.jpg 300w, https:\/\/upla.cl\/noticias\/wp-content\/uploads\/2025\/12\/2025_revistanuevafenix_pedcastellanoupla-150x84.jpg 150w, https:\/\/upla.cl\/noticias\/wp-content\/uploads\/2025\/12\/2025_revistanuevafenix_pedcastellanoupla-768x432.jpg 768w, https:\/\/upla.cl\/noticias\/wp-content\/uploads\/2025\/12\/2025_revistanuevafenix_pedcastellanoupla.jpg 1280w\" sizes=\"auto, (max-width: 350px) 100vw, 350px\" \/><\/a>Recuperar el trabajo editorial realizado en 2016 por estudiantes de San Felipe y Valpara\u00edso de <a href=\"https:\/\/www.upla.cl\/admision\/carreras-profesionales\/facultad-de-humanidades\/pedagogia-en-castellano-san-felipe\/\" target=\"_blank\" rel=\"noopener\">Pedagog\u00eda en Castellano<\/a>, fue el objetivo del <strong>volumen N\u00ba 4 de la Revista Nueva F\u00e9nix de la Universidad de Playa Ancha<\/strong>.<\/p>\n<p>En el marco de la Semana de la Carrera, se present\u00f3 la publicaci\u00f3n en la que trabaj\u00f3 un equipo conformado por <strong>Alexander Zamora Castro, Pamela Astudillo Barrera, Fernanda Toro Pino <\/strong>del campus San Felipe; <strong>Catalina Villar Ovalle, Gabriela Osorio Montiel, Isidora Suazo Amigo y Britany Sarria Salas<\/strong> del campus Valpara\u00edso; junto al acad\u00e9mico del Departamento de Literatura y Ling\u00fc\u00edstica de la <a href=\"http:\/\/www.upla.cl\/facultad\/humanidades\/\" target=\"_blank\" rel=\"noopener\">Facultad de Humanidades<\/a>, <strong>Marcos Aravena Cuevas<\/strong>, con la idea de -no solo- reconocer el esfuerzo y la dedicaci\u00f3n del equipo precedente, sino que tambi\u00e9n continuar con el legado de las generaciones pasadas de Pedagog\u00eda en Castellano.<\/p>\n<p><a href=\"https:\/\/www.upla.cl\/noticias\/wp-content\/uploads\/2025\/12\/2025_revistanuevafenix_pedcastellanoupla3.jpg\"><img loading=\"lazy\" decoding=\"async\" class=\"alignright  wp-image-193469\" src=\"https:\/\/www.upla.cl\/noticias\/wp-content\/uploads\/2025\/12\/2025_revistanuevafenix_pedcastellanoupla3-668x1024.jpg\" alt=\"\" width=\"300\" height=\"460\" srcset=\"https:\/\/upla.cl\/noticias\/wp-content\/uploads\/2025\/12\/2025_revistanuevafenix_pedcastellanoupla3-668x1024.jpg 668w, https:\/\/upla.cl\/noticias\/wp-content\/uploads\/2025\/12\/2025_revistanuevafenix_pedcastellanoupla3-196x300.jpg 196w, https:\/\/upla.cl\/noticias\/wp-content\/uploads\/2025\/12\/2025_revistanuevafenix_pedcastellanoupla3-98x150.jpg 98w, https:\/\/upla.cl\/noticias\/wp-content\/uploads\/2025\/12\/2025_revistanuevafenix_pedcastellanoupla3.jpg 720w\" sizes=\"auto, (max-width: 300px) 100vw, 300px\" \/><\/a>La <strong>Revista Nueva F\u00e9nix<\/strong> es una publicaci\u00f3n hist\u00f3rica del alumnado de Pedagog\u00eda en Castellano, que tiene como prop\u00f3sito incentivar y visibilizar sus actividades de investigaci\u00f3n acad\u00e9mica, de creatividad art\u00edstica y de vinculaci\u00f3n con el medio. En este sentido, el <strong>profesor Marcos Aravena Cuevas<\/strong> enfatiz\u00f3 que desde el origen de la publicaci\u00f3n \u201cha sido una instancia gestionada por el alumnado con miras a fortalecer su formaci\u00f3n profesional y dar a conocer sus quehaceres e inquietudes a la comunidad interna y externa\u201d.<\/p>\n<p><strong>Catalina Villar Ovalle, estudiante de cuarto a\u00f1o y secretaria de la publicaci\u00f3n<\/strong>, subray\u00f3 la importancia de que la Revista Nueva F\u00e9nix tenga, precisamente, una mirada estudiantil.<\/p>\n<p>\u201cEl haber podido presentar la Revista en una ocasi\u00f3n formal como \u00e9sta significa un gran avance para nosotros como equipo. Mostrar que somos estudiantes quienes lideramos este proyecto, pues la esencia de nuestra publicaci\u00f3n es justamente esa: ser una revista por y para los y las estudiantes. El f\u00e9nix ha renacido y se mantendr\u00e1 m\u00e1s vivo que nunca de aqu\u00ed en adelante\u201d, asegur\u00f3 la joven.<\/p>\n<p>A prop\u00f3sito de la presentaci\u00f3n oficial de la Revista Nueva F\u00e9nix, que tuvo lugar en la sala Altazor de la Facultad de Humanidades, la <strong>editora y estudiante Gabriela Osorio Montiel<\/strong> recalc\u00f3 el significado que tuvo el evento para la publicaci\u00f3n.<\/p>\n<p><a href=\"https:\/\/www.upla.cl\/noticias\/wp-content\/uploads\/2025\/12\/2025_revistanuevafenix_pedcastellanoupla1.jpg\"><img loading=\"lazy\" decoding=\"async\" class=\"alignright  wp-image-193467\" src=\"https:\/\/www.upla.cl\/noticias\/wp-content\/uploads\/2025\/12\/2025_revistanuevafenix_pedcastellanoupla1-1024x768.jpg\" alt=\"\" width=\"350\" height=\"263\" srcset=\"https:\/\/upla.cl\/noticias\/wp-content\/uploads\/2025\/12\/2025_revistanuevafenix_pedcastellanoupla1-1024x768.jpg 1024w, https:\/\/upla.cl\/noticias\/wp-content\/uploads\/2025\/12\/2025_revistanuevafenix_pedcastellanoupla1-300x225.jpg 300w, https:\/\/upla.cl\/noticias\/wp-content\/uploads\/2025\/12\/2025_revistanuevafenix_pedcastellanoupla1-150x113.jpg 150w, https:\/\/upla.cl\/noticias\/wp-content\/uploads\/2025\/12\/2025_revistanuevafenix_pedcastellanoupla1-768x576.jpg 768w, https:\/\/upla.cl\/noticias\/wp-content\/uploads\/2025\/12\/2025_revistanuevafenix_pedcastellanoupla1-1536x1152.jpg 1536w, https:\/\/upla.cl\/noticias\/wp-content\/uploads\/2025\/12\/2025_revistanuevafenix_pedcastellanoupla1.jpg 1600w\" sizes=\"auto, (max-width: 350px) 100vw, 350px\" \/><\/a>\u201cMe gust\u00f3 mucho la instancia de poder conversar y dar a conocer qui\u00e9nes somos, cu\u00e1l es nuestro prop\u00f3sito y c\u00f3mo surgi\u00f3 esta revista. Fue una oportunidad enriquecedora, y me encant\u00f3 que a los compa\u00f1eros les haya interesado la propuesta, ya que fueron varias preguntas las que se realizaron, tambi\u00e9n fue incre\u00edble escuchar las palabras de las profesoras y saber que nuestra revista bien podr\u00eda convertirse en parte de la identidad de Castellano\u201d, detall\u00f3.<\/p>\n<p>Desde el campus San Felipe, el <strong>director de la publicaci\u00f3n Alexander Zamora Castro<\/strong>, en conjunto con la <strong>dise\u00f1adora Pamela Astudillo Barrera y la editora Fernanda Toro Pino<\/strong>, destacaron que esta nueva etapa de la Revista Nueva F\u00e9nix busca fortalecer la ense\u00f1anza del lenguaje y la comunicaci\u00f3n desde una perspectiva cr\u00edtica y creativa.<\/p>\n<p>\u201cDesde San Felipe queremos que la Revista Nueva F\u00e9nix se consolide como un espacio donde el lenguaje y la comunicaci\u00f3n sean herramientas para reflexionar, crear y transformar. Nuestro prop\u00f3sito es abrir instancias en que las y los estudiantes de Pedagog\u00eda en Castellano puedan compartir sus ideas, propuestas y conocimientos, fomentando el pensamiento cr\u00edtico y la difusi\u00f3n de ensayos, opiniones y materiales que enriquezcan la formaci\u00f3n docente y el trabajo acad\u00e9mico y creativo de nuestra comunidad\u201d, expresaron.<\/p>\n<p><a href=\"https:\/\/www.upla.cl\/noticias\/wp-content\/uploads\/2025\/12\/2025_revistanuevafenix_pedcastellanoupla2.jpg\"><img loading=\"lazy\" decoding=\"async\" class=\"alignright  wp-image-193468\" src=\"https:\/\/www.upla.cl\/noticias\/wp-content\/uploads\/2025\/12\/2025_revistanuevafenix_pedcastellanoupla2-768x1024.jpg\" alt=\"\" width=\"351\" height=\"468\" srcset=\"https:\/\/upla.cl\/noticias\/wp-content\/uploads\/2025\/12\/2025_revistanuevafenix_pedcastellanoupla2-768x1024.jpg 768w, https:\/\/upla.cl\/noticias\/wp-content\/uploads\/2025\/12\/2025_revistanuevafenix_pedcastellanoupla2-225x300.jpg 225w, https:\/\/upla.cl\/noticias\/wp-content\/uploads\/2025\/12\/2025_revistanuevafenix_pedcastellanoupla2-113x150.jpg 113w, https:\/\/upla.cl\/noticias\/wp-content\/uploads\/2025\/12\/2025_revistanuevafenix_pedcastellanoupla2-1152x1536.jpg 1152w, https:\/\/upla.cl\/noticias\/wp-content\/uploads\/2025\/12\/2025_revistanuevafenix_pedcastellanoupla2.jpg 1200w\" sizes=\"auto, (max-width: 351px) 100vw, 351px\" \/><\/a>El equipo resalt\u00f3 que contin\u00faa con la planificaci\u00f3n de este proyecto, el cual sigue tomando rumbo y fortaleci\u00e9ndose gracias al compromiso y la participaci\u00f3n activa de quienes lo integran. En este contexto, el equipo estudiantil de San Felipe plante\u00f3 que lo m\u00e1s relevante es publicar el n\u00famero 5 de la Revista, el cual contar\u00e1 con la colaboraci\u00f3n de estudiantes secundarios de distintos establecimientos educacionales, lo que permitir\u00e1 abrir nuevas perspectivas sobre el pensamiento actual presente en los colegios y, al mismo tiempo, fortalecer el v\u00ednculo entre la formaci\u00f3n docente y las juventudes.<\/p>\n<p>\u201cCreemos que este intercambio ser\u00e1 una oportunidad para comprender c\u00f3mo piensan las y los j\u00f3venes, reflexionar junto a ellos y reconocer que el conocimiento es un proceso c\u00edclico: as\u00ed como nos preparamos para ense\u00f1ar, tambi\u00e9n aprendemos de quienes ser\u00e1n nuestros futuros estudiantes\u201d. El equipo agreg\u00f3 que este es solo el comienzo de un proyecto que seguir\u00e1 creciendo, expandiendo su alcance y proyectando nuevas formas de pensar, crear y compartir el conocimiento desde la comunidad estudiantil.<\/p>\n<p>La<strong> Revista Nueva F\u00e9nix<\/strong> espera as\u00ed consolidarse en el tiempo como un espacio de desarrollo clave para las y los <strong>estudiantes de Pedagog\u00eda en Castellano de la Universidad de Playa Ancha<\/strong>, favoreciendo la proyecci\u00f3n de sus intereses creativos y acad\u00e9micos hacia la comunidad y fomentando el desarrollo de habilidades y competencias que ser\u00e1n fundamentales para su labor docente en el d\u00eda de ma\u00f1ana.<\/p>\n","protected":false},"excerpt":{"rendered":"<p>En el marco de la Semana de la Carrera, se present\u00f3 a la comunidad el cuarto n\u00famero que recupera el trabajo editorial realizado en 2016 por estudiantes de San Felipe y Valpara\u00edso. <\/p>\n","protected":false},"author":2,"featured_media":193467,"comment_status":"closed","ping_status":"open","sticky":false,"template":"","format":"standard","meta":{"footnotes":""},"categories":[40,51,96,60,101,69,97,77,634],"tags":[299],"class_list":["post-193463","post","type-post","status-publish","format-standard","has-post-thumbnail","","category-destacados","category-academia","category-academicos","category-campus-san-felipe","category-docencia","category-egresados","category-estudiantes","category-facultad-de-humanidades","category-pedagogia-en-castellano","tag-pedagogia-en-castellano"],"_links":{"self":[{"href":"https:\/\/upla.cl\/noticias\/wp-json\/wp\/v2\/posts\/193463","targetHints":{"allow":["GET"]}}],"collection":[{"href":"https:\/\/upla.cl\/noticias\/wp-json\/wp\/v2\/posts"}],"about":[{"href":"https:\/\/upla.cl\/noticias\/wp-json\/wp\/v2\/types\/post"}],"author":[{"embeddable":true,"href":"https:\/\/upla.cl\/noticias\/wp-json\/wp\/v2\/users\/2"}],"replies":[{"embeddable":true,"href":"https:\/\/upla.cl\/noticias\/wp-json\/wp\/v2\/comments?post=193463"}],"version-history":[{"count":0,"href":"https:\/\/upla.cl\/noticias\/wp-json\/wp\/v2\/posts\/193463\/revisions"}],"wp:featuredmedia":[{"embeddable":true,"href":"https:\/\/upla.cl\/noticias\/wp-json\/wp\/v2\/media\/193467"}],"wp:attachment":[{"href":"https:\/\/upla.cl\/noticias\/wp-json\/wp\/v2\/media?parent=193463"}],"wp:term":[{"taxonomy":"category","embeddable":true,"href":"https:\/\/upla.cl\/noticias\/wp-json\/wp\/v2\/categories?post=193463"},{"taxonomy":"post_tag","embeddable":true,"href":"https:\/\/upla.cl\/noticias\/wp-json\/wp\/v2\/tags?post=193463"}],"curies":[{"name":"wp","href":"https:\/\/api.w.org\/{rel}","templated":true}]}}