{"id":193471,"date":"2025-12-02T11:34:29","date_gmt":"2025-12-02T14:34:29","guid":{"rendered":"https:\/\/www.upla.cl\/noticias\/?p=193471"},"modified":"2025-12-02T11:34:29","modified_gmt":"2025-12-02T14:34:29","slug":"upla-cierra-jornadas-de-conmemoracion-del-25n-con-taller-de-collage-y-operativo-juridico","status":"publish","type":"post","link":"https:\/\/upla.cl\/noticias\/2025\/12\/02\/upla-cierra-jornadas-de-conmemoracion-del-25n-con-taller-de-collage-y-operativo-juridico\/","title":{"rendered":"UPLA cierra jornadas de conmemoraci\u00f3n del 25N con taller de collage y Operativo Jur\u00eddico"},"content":{"rendered":"<p><a href=\"https:\/\/www.upla.cl\/noticias\/wp-content\/uploads\/2025\/12\/25N_deigupla_collage_operativo.jpg\"><img loading=\"lazy\" decoding=\"async\" class=\"alignright  wp-image-193474\" src=\"https:\/\/www.upla.cl\/noticias\/wp-content\/uploads\/2025\/12\/25N_deigupla_collage_operativo-768x1024.jpg\" alt=\"\" width=\"349\" height=\"465\" srcset=\"https:\/\/upla.cl\/noticias\/wp-content\/uploads\/2025\/12\/25N_deigupla_collage_operativo-768x1024.jpg 768w, https:\/\/upla.cl\/noticias\/wp-content\/uploads\/2025\/12\/25N_deigupla_collage_operativo-225x300.jpg 225w, https:\/\/upla.cl\/noticias\/wp-content\/uploads\/2025\/12\/25N_deigupla_collage_operativo-113x150.jpg 113w, https:\/\/upla.cl\/noticias\/wp-content\/uploads\/2025\/12\/25N_deigupla_collage_operativo-1152x1536.jpg 1152w, https:\/\/upla.cl\/noticias\/wp-content\/uploads\/2025\/12\/25N_deigupla_collage_operativo.jpg 1200w\" sizes=\"auto, (max-width: 349px) 100vw, 349px\" \/><\/a>Con un <strong>taller de collage<\/strong> y un <strong>operativo jur\u00eddico con perspectiva de g\u00e9nero<\/strong> culminaron las actividades en conmemoraci\u00f3n del <strong>D\u00eda Internacional por la eliminaci\u00f3n de las violencias hacia las mujeres<\/strong>, organizadas por la <a href=\"https:\/\/upla.cl\/generoydiversidad\/\" target=\"_blank\" rel=\"noopener\">Direcci\u00f3n de Equidad e Igualdad de G\u00e9nero (DEIG)<\/a> y otras unidades de la Universidad de Playa Ancha.<\/p>\n<p>Para la <strong>Dra. Ana Timm Hidalgo, directora de la DEIG<\/strong>, las jornadas -que se realizaron en el marco del 25 de noviembre, fecha que recuerda el crimen de las hermanas Mirabal ejecutadas en 1960 por agentes de la dictadura de Rafael Le\u00f3nidas Trujillo en Rep\u00fablica Dominicana- fueron planificadas como \u201cun esfuerzo por encontrar formas l\u00fadicas y creativas de conectar con la reflexi\u00f3n en torno a la violencia, ya que estos espacios son valiosos porque nos permiten arribar a objetivos de encuentro y aprendizaje desde un lugar que resulta m\u00e1s atractivo y apropiado para conectar con un discurso m\u00e1s profundo, que es lo que permite el arte\u201d.<\/p>\n<p>El <strong>taller de collage \u201cCortamos, con la violencia\u201d<\/strong> se realiz\u00f3 el mi\u00e9rcoles 26 en el patio de la <a href=\"http:\/\/www.upla.cl\/facultad\/arte\/\">Facultad de Arte<\/a> y fue guiado por <strong>Mari\u00f3n Silva Manr\u00edquez<\/strong>, trabajadora social de la Direcci\u00f3n de Equidad e Igualdad de G\u00e9nero quien tiene adem\u00e1s una amplia experiencia en esta t\u00e9cnica art\u00edstica. La profesional explic\u00f3 que el prop\u00f3sito del taller fue visibilizar la problem\u00e1tica de la violencia en el espacio universitario y \u201cdarle una voz a lo que como comunidad universitaria y triestamental tenemos que decir respecto de las violencias. Nos convocamos para que podamos como instituci\u00f3n evidenciar la preocupaci\u00f3n y el compromiso que tenemos en el sentido amplio y tambi\u00e9n en el caso a caso que nos toca abordar o intervenir\u201d, expres\u00f3.<\/p>\n<p><a href=\"https:\/\/www.upla.cl\/noticias\/wp-content\/uploads\/2025\/12\/25N_deigupla_collage_operativo1.jpg\"><img loading=\"lazy\" decoding=\"async\" class=\"alignright  wp-image-193475\" src=\"https:\/\/www.upla.cl\/noticias\/wp-content\/uploads\/2025\/12\/25N_deigupla_collage_operativo1-1024x771.jpg\" alt=\"\" width=\"351\" height=\"264\" srcset=\"https:\/\/upla.cl\/noticias\/wp-content\/uploads\/2025\/12\/25N_deigupla_collage_operativo1-1024x771.jpg 1024w, https:\/\/upla.cl\/noticias\/wp-content\/uploads\/2025\/12\/25N_deigupla_collage_operativo1-300x226.jpg 300w, https:\/\/upla.cl\/noticias\/wp-content\/uploads\/2025\/12\/25N_deigupla_collage_operativo1-150x113.jpg 150w, https:\/\/upla.cl\/noticias\/wp-content\/uploads\/2025\/12\/25N_deigupla_collage_operativo1-768x578.jpg 768w, https:\/\/upla.cl\/noticias\/wp-content\/uploads\/2025\/12\/25N_deigupla_collage_operativo1-1536x1156.jpg 1536w, https:\/\/upla.cl\/noticias\/wp-content\/uploads\/2025\/12\/25N_deigupla_collage_operativo1.jpg 1600w\" sizes=\"auto, (max-width: 351px) 100vw, 351px\" \/><\/a>Respecto de la elecci\u00f3n del collage como t\u00e9cnica para trabajar la tem\u00e1tica, plante\u00f3 que se trata de \u201cuna pr\u00e1ctica art\u00edstica que no requiere conocimiento previo, es libre, es abierta y permite que cualquier persona pueda participar expresando lo que siente o lo que piensa sobre las violencias que estamos habitando o que observamos en el espacio educativo, y tambi\u00e9n las estrategias que elaboramos para sostenernos frente a estos escenarios que nos violentan\u201d concluy\u00f3.<\/p>\n<p>Divididas en dos grupos, las participantes -acad\u00e9micas, funcionarias y estudiantes- dise\u00f1aron collages en torno a las preguntas \u00bfC\u00f3mo nos sostenemos ante las distintas violencias? y \u00bfQu\u00e9 violencias observamos\/habitamos en los espacios universitarios? y, disponiendo de distintos materiales, fueron dando forma a sus ideas y facilitando un espacio de di\u00e1logos y reflexiones en torno a las preguntas y al proceso creativo.<\/p>\n<p><strong>Claudia Hern\u00e1ndez, estudiante de <a href=\"https:\/\/www.upla.cl\/admision\/carreras-profesionales\/facultad-de-arte\/pedagogia-en-artes-visuales\/\" target=\"_blank\" rel=\"noopener\">Pedagog\u00eda en Artes Visuales menci\u00f3n Patrimonio<\/a><\/strong>, se manifest\u00f3 muy interesada en la actividad, relatando que \u201cest\u00e1bamos en clases, salimos y como estamos relacionados con el arte, nos pareci\u00f3 interesante participar ya que no se dan tantas instancias en la UPLA, y que sea en el patio donde puede llegar gente, es s\u00faper importante, y tambi\u00e9n desde la imagen comunicar y accionar hacia otros\u201d.<\/p>\n<p><strong>Noe<\/strong>, estudiante de la misma carrera, coment\u00f3 que le llam\u00f3 la atenci\u00f3n participar porque siente que la violencia es un tema fuerte en la sociedad, por ejemplo -dijo- \u201cse sale con miedo a la calle, y es importante que la Universidad tenga un espacio para expresarlo y reflexionarlo con otras personas, hablar con otros, mostrar la violencia desde distintas formas, y ver las manifestaciones art\u00edsticas que hicieron los compa\u00f1eros, y si eso puede llegar a informar e inspirar a otros, tambi\u00e9n son otras formas de resistir\u201d.<\/p>\n<h4><strong>Operativo jur\u00eddico<\/strong><\/h4>\n<p><a href=\"https:\/\/www.upla.cl\/noticias\/wp-content\/uploads\/2025\/12\/25N_deigupla_collage_operativo3.jpg\"><img loading=\"lazy\" decoding=\"async\" class=\"alignright  wp-image-193478\" src=\"https:\/\/www.upla.cl\/noticias\/wp-content\/uploads\/2025\/12\/25N_deigupla_collage_operativo3-749x1024.jpg\" alt=\"\" width=\"351\" height=\"480\" srcset=\"https:\/\/upla.cl\/noticias\/wp-content\/uploads\/2025\/12\/25N_deigupla_collage_operativo3-749x1024.jpg 749w, https:\/\/upla.cl\/noticias\/wp-content\/uploads\/2025\/12\/25N_deigupla_collage_operativo3-219x300.jpg 219w, https:\/\/upla.cl\/noticias\/wp-content\/uploads\/2025\/12\/25N_deigupla_collage_operativo3-110x150.jpg 110w, https:\/\/upla.cl\/noticias\/wp-content\/uploads\/2025\/12\/25N_deigupla_collage_operativo3-768x1050.jpg 768w, https:\/\/upla.cl\/noticias\/wp-content\/uploads\/2025\/12\/25N_deigupla_collage_operativo3-1123x1536.jpg 1123w, https:\/\/upla.cl\/noticias\/wp-content\/uploads\/2025\/12\/25N_deigupla_collage_operativo3.jpg 1170w\" sizes=\"auto, (max-width: 351px) 100vw, 351px\" \/><\/a>En tanto, el viernes 28 a un costado de la Biblioteca Central (campus 2), se realiz\u00f3 el <strong>\u201cOperativo Jur\u00eddico: Empoderamiento Legal con Perspectiva de G\u00e9nero\u201d<\/strong>, donde se prest\u00f3 atenci\u00f3n y orientaci\u00f3n a distintas consultas en materias como violencia de g\u00e9nero, medidas de protecci\u00f3n, derecho de familia, alimentos, relaci\u00f3n directa y regular, y otros.<\/p>\n<p>El operativo estuvo a cargo de la <strong><a href=\"https:\/\/www.youtube.com\/watch?v=DTCmS0eFqLA\" target=\"_blank\" rel=\"noopener\">Cl\u00ednica Jur\u00eddica<\/a> de la carrera de <a href=\"https:\/\/www.upla.cl\/admision\/carreras-profesionales\/facultad-de-ciencias-sociales\/derecho\/\" target=\"_blank\" rel=\"noopener\">Derecho<\/a><\/strong> y articul\u00f3 a las direcciones de Equidad e Igualdad de G\u00e9nero, <a href=\"https:\/\/www.upla.cl\/desarrolloestudiantil\/\" target=\"_blank\" rel=\"noopener\">Desarrollo Estudiantil<\/a>, Administraci\u00f3n de Recursos Humanos, <a href=\"https:\/\/www.upla.cl\/bienestar\/\">Servicio de Bienestar del Personal<\/a>, adem\u00e1s de la colaboraci\u00f3n del Departamento de Matem\u00e1tica, F\u00edsica y Computaci\u00f3n de la <a href=\"https:\/\/upla.cl\/facultad\/cienciasnaturalesyexactas\/\" target=\"_blank\" rel=\"noopener\">Facultad de Ciencias Naturales y Exactas<\/a>.<\/p>\n<p>La jornada de atenci\u00f3n estuvo dirigida a toda la comunidad universitaria (estudiantes y comunidad acad\u00e9mica y funcionaria), y su objetivo, como lo expres\u00f3 la <strong>acad\u00e9mica y directora de la Cl\u00ednica Jur\u00eddica, Consuelo Requena B\u00e1ez<\/strong>, fue \u201cque cualquier persona de la comunidad UPLA que necesite orientaci\u00f3n \u2014independiente de su identidad o g\u00e9nero\u2014 pueda acceder a un espacio seguro, claro y cercano\u201d.<\/p>\n<p>Respecto del operativo, la acad\u00e9mica resalt\u00f3 que \u201clo llamamos \u201cempoderamiento jur\u00eddico con perspectiva de g\u00e9nero\u201d porque buscamos entregar herramientas claras para comprender derechos, reconocer situaciones de vulneraci\u00f3n y saber c\u00f3mo actuar dentro de las rutas institucionales y legales, siempre considerando las desigualdades estructurales que afectan en especial a mujeres y diversidades\u201d.<\/p>\n<p>Las y los estudiantes de Derecho estuvieron resolviendo distintas consultas de personas que se acercaron en busca de orientaci\u00f3n general frente a casos espec\u00edficos o resolviendo las dudas jur\u00eddicas m\u00e1s frecuentes.<\/p>\n<p>\u201cParticipar en este operativo signific\u00f3 aprender a ejercer el Derecho desde la escucha, el respeto y la responsabilidad social. Y para la UPLA, reafirma el compromiso de construir espacios donde la comunidad pueda informarse, orientarse y ejercer sus derechos en un ambiente seguro y accesible\u201d, explic\u00f3 la <strong>directora de la Cl\u00ednica Jur\u00eddica<\/strong>, relevando adem\u00e1s que acercar el Derecho a las personas es una forma concreta de prevenci\u00f3n, educaci\u00f3n y empoderamiento.<\/p>\n<p>Esta acci\u00f3n, explic\u00f3 la docente, implica fortalecer la formaci\u00f3n profesional mediante el aprendizaje experiencial y aportar al acceso a la justicia de comunidades que enfrentan barreras para recibir atenci\u00f3n jur\u00eddica, facilitando adem\u00e1s que las y los estudiantes pongan en pr\u00e1ctica sus conocimientos, trabajen con casos reales, y acompa\u00f1en a personas y organizaciones del territorio con \u00e9nfasis en Derechos Humanos y G\u00e9nero.<\/p>\n<p>Por \u00faltimo, resalt\u00f3 que \u201crealizar este operativo en el marco del <strong>D\u00eda Internacional por la Eliminaci\u00f3n de la Violencia hacia las Mujeres<\/strong> busca reforzar que la prevenci\u00f3n y erradicaci\u00f3n de la violencia es una tarea colectiva y aunque la fecha pone \u00e9nfasis en las mujeres, las acciones de sensibilizaci\u00f3n y acceso a la justicia deben involucrar a toda la comunidad, porque la violencia de g\u00e9nero no es un problema individual sino social\u201d.<\/p>\n<h6>Fuente: Natacha G\u00f3mez Barahona, periodista de la Direcci\u00f3n de Equidad e Igualdad de G\u00e9nero y del proyecto InES G\u00e9nero UPLA.<\/h6>\n","protected":false},"excerpt":{"rendered":"<p>La Direcci\u00f3n de Equidad e Igualdad de G\u00e9nero (DEIG) organiz\u00f3 el taller \u00abCortamos, con la violencia\u00bb para generar reflexi\u00f3n l\u00fadica y creativa, junto al operativo que brind\u00f3 orientaci\u00f3n legal gratuita a toda la comunidad universitaria.<\/p>\n","protected":false},"author":2,"featured_media":193475,"comment_status":"closed","ping_status":"open","sticky":false,"template":"","format":"standard","meta":{"footnotes":""},"categories":[40,51,96,201,101,97,75,76,99,150,103],"tags":[762],"class_list":["post-193471","post","type-post","status-publish","format-standard","has-post-thumbnail","","category-destacados","category-academia","category-academicos","category-desarrollo-estudiantil","category-docencia","category-estudiantes","category-facultad-de-ciencias-naturales-y-exactas","category-facultad-de-ciencias-sociales","category-funcionarios","category-genero","category-bienestar-del-personal","tag-derecho"],"_links":{"self":[{"href":"https:\/\/upla.cl\/noticias\/wp-json\/wp\/v2\/posts\/193471","targetHints":{"allow":["GET"]}}],"collection":[{"href":"https:\/\/upla.cl\/noticias\/wp-json\/wp\/v2\/posts"}],"about":[{"href":"https:\/\/upla.cl\/noticias\/wp-json\/wp\/v2\/types\/post"}],"author":[{"embeddable":true,"href":"https:\/\/upla.cl\/noticias\/wp-json\/wp\/v2\/users\/2"}],"replies":[{"embeddable":true,"href":"https:\/\/upla.cl\/noticias\/wp-json\/wp\/v2\/comments?post=193471"}],"version-history":[{"count":0,"href":"https:\/\/upla.cl\/noticias\/wp-json\/wp\/v2\/posts\/193471\/revisions"}],"wp:featuredmedia":[{"embeddable":true,"href":"https:\/\/upla.cl\/noticias\/wp-json\/wp\/v2\/media\/193475"}],"wp:attachment":[{"href":"https:\/\/upla.cl\/noticias\/wp-json\/wp\/v2\/media?parent=193471"}],"wp:term":[{"taxonomy":"category","embeddable":true,"href":"https:\/\/upla.cl\/noticias\/wp-json\/wp\/v2\/categories?post=193471"},{"taxonomy":"post_tag","embeddable":true,"href":"https:\/\/upla.cl\/noticias\/wp-json\/wp\/v2\/tags?post=193471"}],"curies":[{"name":"wp","href":"https:\/\/api.w.org\/{rel}","templated":true}]}}