{"id":193510,"date":"2025-12-03T08:55:36","date_gmt":"2025-12-03T11:55:36","guid":{"rendered":"https:\/\/www.upla.cl\/noticias\/?p=193510"},"modified":"2025-12-04T16:37:59","modified_gmt":"2025-12-04T19:37:59","slug":"musico-y-director-patricio-wang-presento-charla-musical-junto-a-cantante-winanda-van-vliet","status":"publish","type":"post","link":"https:\/\/upla.cl\/noticias\/2025\/12\/03\/musico-y-director-patricio-wang-presento-charla-musical-junto-a-cantante-winanda-van-vliet\/","title":{"rendered":"M\u00fasico y director Patricio Wang present\u00f3 charla musical junto a cantante Winanda van Vliet"},"content":{"rendered":"<p><a href=\"https:\/\/www.upla.cl\/noticias\/wp-content\/uploads\/2025\/12\/PatricioWang1.jpg\"><img loading=\"lazy\" decoding=\"async\" class=\"alignright wp-image-193513\" src=\"https:\/\/www.upla.cl\/noticias\/wp-content\/uploads\/2025\/12\/PatricioWang1-1024x681.jpg\" alt=\"\" width=\"351\" height=\"233\" srcset=\"https:\/\/upla.cl\/noticias\/wp-content\/uploads\/2025\/12\/PatricioWang1-1024x681.jpg 1024w, https:\/\/upla.cl\/noticias\/wp-content\/uploads\/2025\/12\/PatricioWang1-300x200.jpg 300w, https:\/\/upla.cl\/noticias\/wp-content\/uploads\/2025\/12\/PatricioWang1-150x100.jpg 150w, https:\/\/upla.cl\/noticias\/wp-content\/uploads\/2025\/12\/PatricioWang1-768x511.jpg 768w, https:\/\/upla.cl\/noticias\/wp-content\/uploads\/2025\/12\/PatricioWang1-1536x1022.jpg 1536w, https:\/\/upla.cl\/noticias\/wp-content\/uploads\/2025\/12\/PatricioWang1-310x205.jpg 310w, https:\/\/upla.cl\/noticias\/wp-content\/uploads\/2025\/12\/PatricioWang1.jpg 1920w\" sizes=\"auto, (max-width: 351px) 100vw, 351px\" \/><\/a>Un recorrido por su extensa historia musical y su destacada trayectoria art\u00edstica realiz\u00f3 el <strong>m\u00fasico y compositor nacional Patricio Wang<\/strong> en la UPLA, quien, <strong>junto a Winanda van Vliet, ofreci\u00f3 en la Facultad de Arte la charla musical \u201cMi m\u00fasica en el exilio\u201d,<\/strong> actividad que se centr\u00f3 en los principales aspectos de su creaci\u00f3n art\u00edstica de larga data desarrollada mayoritariamente en el extranjero.<\/p>\n<p><strong>El compositor conocido, sobre todo en Chile, como renovador de la m\u00fasica de Quilapay\u00fan abord\u00f3 en su exposici\u00f3n las distintas aristas de su proceso creativo, los aspectos interpretativos de sus composiciones y experiencias de vida en la formaci\u00f3n de agrupaciones musicales;<\/strong> <strong>adem\u00e1s de generar un relato abierto y franco con estudiantes respecto de su historia en el exilio<\/strong> que fue complementando con interpretaciones de obras musicales (en guitarra) en compa\u00f1\u00eda de Winanda van Vliet.<\/p>\n<p><a href=\"https:\/\/www.upla.cl\/noticias\/wp-content\/uploads\/2025\/12\/PatricioWang2.jpg\"><img loading=\"lazy\" decoding=\"async\" class=\"alignright size-medium wp-image-193514\" src=\"https:\/\/www.upla.cl\/noticias\/wp-content\/uploads\/2025\/12\/PatricioWang2-300x200.jpg\" alt=\"\" width=\"300\" height=\"200\" srcset=\"https:\/\/upla.cl\/noticias\/wp-content\/uploads\/2025\/12\/PatricioWang2-300x200.jpg 300w, https:\/\/upla.cl\/noticias\/wp-content\/uploads\/2025\/12\/PatricioWang2-1024x681.jpg 1024w, https:\/\/upla.cl\/noticias\/wp-content\/uploads\/2025\/12\/PatricioWang2-150x100.jpg 150w, https:\/\/upla.cl\/noticias\/wp-content\/uploads\/2025\/12\/PatricioWang2-768x511.jpg 768w, https:\/\/upla.cl\/noticias\/wp-content\/uploads\/2025\/12\/PatricioWang2-1536x1022.jpg 1536w, https:\/\/upla.cl\/noticias\/wp-content\/uploads\/2025\/12\/PatricioWang2.jpg 1920w\" sizes=\"auto, (max-width: 300px) 100vw, 300px\" \/><\/a>De su ponencia, Patricio Wang dijo: \u201cHoy <strong>hice un resumen de algo que siempre vengo haciendo que es el di\u00e1logo con los j\u00f3venes estudiantes para contar un poco de mi historia, la de un estudiante que sali\u00f3 al exilio, que ha creado su m\u00fasica en el extranjero y que pretende ser parte de esta cultura<\/strong> y de lo que se ha construido durante todos estos a\u00f1os. Reflexionamos tambi\u00e9n de c\u00f3mo abordamos la m\u00fasica del futuro y la gran amenaza de la cultura que estamos viviendo como problema pol\u00edtico. Entonces esta relaci\u00f3n entre la pol\u00edtica y la m\u00fasica es muy importante: son dos aspectos diferentes en nuestras vidas, pero son absolutamente complementarias e indispensables de pensarlas al mismo tiempo\u201d.<\/p>\n<p>\u201cDigamos que todo tipo de discusi\u00f3n es importante, especialmente con las nuevas generaciones. <strong>Para m\u00ed es una conversaci\u00f3n muy constructiva porque me permite conocer y entender sus inquietudes, entonces estas discusiones intergeneracionales son muy relevantes para construir una cosa que hacemos y que nos compete a todos.<\/strong> Los j\u00f3venes tienen un mundo e intereses propios, pero al mismo tiempo observo un dialogo posible de tem\u00e1ticas que les afecta que no es aparte del mundo de los adultos, y eso es muy interesante\u201d, agreg\u00f3.<\/p>\n<p><a href=\"https:\/\/www.upla.cl\/noticias\/wp-content\/uploads\/2025\/12\/PatricioWang4.jpg\"><img loading=\"lazy\" decoding=\"async\" class=\"alignright size-medium wp-image-193515\" src=\"https:\/\/www.upla.cl\/noticias\/wp-content\/uploads\/2025\/12\/PatricioWang4-300x200.jpg\" alt=\"\" width=\"300\" height=\"200\" srcset=\"https:\/\/upla.cl\/noticias\/wp-content\/uploads\/2025\/12\/PatricioWang4-300x200.jpg 300w, https:\/\/upla.cl\/noticias\/wp-content\/uploads\/2025\/12\/PatricioWang4-1024x681.jpg 1024w, https:\/\/upla.cl\/noticias\/wp-content\/uploads\/2025\/12\/PatricioWang4-150x100.jpg 150w, https:\/\/upla.cl\/noticias\/wp-content\/uploads\/2025\/12\/PatricioWang4-768x511.jpg 768w, https:\/\/upla.cl\/noticias\/wp-content\/uploads\/2025\/12\/PatricioWang4-1536x1022.jpg 1536w, https:\/\/upla.cl\/noticias\/wp-content\/uploads\/2025\/12\/PatricioWang4.jpg 1920w\" sizes=\"auto, (max-width: 300px) 100vw, 300px\" \/><\/a>Respecto a la participaci\u00f3n de <strong>Winanda van Vliet, el m\u00fasico y compositor nacional, dijo que ella es parte integral de lo que ha sido su construcci\u00f3n musical en el exilio.<\/strong> \u201cComo cantante ha sido inspiraci\u00f3n y forma parte de una historia que hemos construido juntos con varios otros compa\u00f1eros. Mi m\u00fasica se ha construido con ella desde que formamos un grupo en Holanda en 1976 y ha aportado una visi\u00f3n muy personal y activa en lo que ha sido mi creaci\u00f3n. <strong>Es indispensable, por eso quer\u00eda hacer esta charla con su presencia, porque es una persona que tiene mucho que decir y mucho que darnos musicalmente hablando\u201d,<\/strong> finaliz\u00f3.<\/p>\n<p>Cabe mencionar que<strong> la charla de Patricio Wang junto a Winanda van Vliet fue organizada por la carrerea de Pedagog\u00eda en Educaci\u00f3n Musical de la Facultad de Arte de la UPLA, y coordinada por el acad\u00e9mico Nicol\u00e1s Galaz Garc\u00eda.<\/strong><\/p>\n","protected":false},"excerpt":{"rendered":"<p>Compositor de Quilapay\u00fan present\u00f3 en la Facultad de Arte \u201cMi m\u00fasica en el exilio\u201d, ponencia complementada con la interpretaci\u00f3n de diversas piezas musicales mayoritariamente de su proceso creativo desarrollado en el extranjero.<\/p>\n","protected":false},"author":21,"featured_media":193513,"comment_status":"closed","ping_status":"open","sticky":false,"template":"","format":"standard","meta":{"footnotes":""},"categories":[51,96,52,201,40,69,97,71,411,91],"tags":[215,289,763,764,216,222],"class_list":["post-193510","post","type-post","status-publish","format-standard","has-post-thumbnail","","category-academia","category-academicos","category-cultura","category-desarrollo-estudiantil","category-destacados","category-egresados","category-estudiantes","category-facultad-de-arte","category-educacion-musical","category-vinculacion-con-el-medio","tag-facultad-de-arte","tag-musica","tag-patricio-wang","tag-quilapayun","tag-upla","tag-valpo"],"_links":{"self":[{"href":"https:\/\/upla.cl\/noticias\/wp-json\/wp\/v2\/posts\/193510","targetHints":{"allow":["GET"]}}],"collection":[{"href":"https:\/\/upla.cl\/noticias\/wp-json\/wp\/v2\/posts"}],"about":[{"href":"https:\/\/upla.cl\/noticias\/wp-json\/wp\/v2\/types\/post"}],"author":[{"embeddable":true,"href":"https:\/\/upla.cl\/noticias\/wp-json\/wp\/v2\/users\/21"}],"replies":[{"embeddable":true,"href":"https:\/\/upla.cl\/noticias\/wp-json\/wp\/v2\/comments?post=193510"}],"version-history":[{"count":2,"href":"https:\/\/upla.cl\/noticias\/wp-json\/wp\/v2\/posts\/193510\/revisions"}],"predecessor-version":[{"id":193678,"href":"https:\/\/upla.cl\/noticias\/wp-json\/wp\/v2\/posts\/193510\/revisions\/193678"}],"wp:featuredmedia":[{"embeddable":true,"href":"https:\/\/upla.cl\/noticias\/wp-json\/wp\/v2\/media\/193513"}],"wp:attachment":[{"href":"https:\/\/upla.cl\/noticias\/wp-json\/wp\/v2\/media?parent=193510"}],"wp:term":[{"taxonomy":"category","embeddable":true,"href":"https:\/\/upla.cl\/noticias\/wp-json\/wp\/v2\/categories?post=193510"},{"taxonomy":"post_tag","embeddable":true,"href":"https:\/\/upla.cl\/noticias\/wp-json\/wp\/v2\/tags?post=193510"}],"curies":[{"name":"wp","href":"https:\/\/api.w.org\/{rel}","templated":true}]}}