{"id":193643,"date":"2025-12-04T15:57:18","date_gmt":"2025-12-04T18:57:18","guid":{"rendered":"https:\/\/www.upla.cl\/noticias\/?p=193643"},"modified":"2025-12-04T16:07:47","modified_gmt":"2025-12-04T19:07:47","slug":"investigadora-upla-marla-freire-participo-en-congreso-latinoamericano-de-estudios-feministas-realizado-en-uruguay","status":"publish","type":"post","link":"https:\/\/upla.cl\/noticias\/2025\/12\/04\/investigadora-upla-marla-freire-participo-en-congreso-latinoamericano-de-estudios-feministas-realizado-en-uruguay\/","title":{"rendered":"Investigadora UPLA Marla Freire particip\u00f3 en Congreso Latinoamericano de Estudios Feministas realizado en Uruguay"},"content":{"rendered":"<p><strong><a href=\"https:\/\/www.upla.cl\/noticias\/wp-content\/uploads\/2025\/12\/MarlaFreireportada.jpg\"><img loading=\"lazy\" decoding=\"async\" class=\"alignright  wp-image-193665\" src=\"https:\/\/www.upla.cl\/noticias\/wp-content\/uploads\/2025\/12\/MarlaFreireportada-1024x693.jpg\" alt=\"\" width=\"350\" height=\"237\" srcset=\"https:\/\/upla.cl\/noticias\/wp-content\/uploads\/2025\/12\/MarlaFreireportada-1024x693.jpg 1024w, https:\/\/upla.cl\/noticias\/wp-content\/uploads\/2025\/12\/MarlaFreireportada-300x203.jpg 300w, https:\/\/upla.cl\/noticias\/wp-content\/uploads\/2025\/12\/MarlaFreireportada-150x101.jpg 150w, https:\/\/upla.cl\/noticias\/wp-content\/uploads\/2025\/12\/MarlaFreireportada-768x520.jpg 768w, https:\/\/upla.cl\/noticias\/wp-content\/uploads\/2025\/12\/MarlaFreireportada-1536x1039.jpg 1536w, https:\/\/upla.cl\/noticias\/wp-content\/uploads\/2025\/12\/MarlaFreireportada-110x75.jpg 110w, https:\/\/upla.cl\/noticias\/wp-content\/uploads\/2025\/12\/MarlaFreireportada.jpg 1920w\" sizes=\"auto, (max-width: 350px) 100vw, 350px\" \/><\/a>La investigadora de la Facultad de Arte<\/strong> de la Universidad de Playa Ancha, <strong>Dra. Marla Freire Smith, particip\u00f3 como ponente en el Congreso Latinoamericano de Estudios Feministas del Sur, In[ter]disciplinad\u00e6s<\/strong>, realizado de forma presencial entre el 18 y 21 de noviembre de 2025 en <strong>Montevideo, Uruguay.<\/strong><\/p>\n<p>Organizado por el <strong>Centro de Estudios Interdisciplinarios Feministas (CEIFem) de la Universidad de la Rep\u00fablica,<\/strong> el congreso se constituy\u00f3 como un espacio de encuentro, reflexi\u00f3n y di\u00e1logo interdisciplinario en torno a los estudios feministas y de g\u00e9nero en clave latinoamericana, con el objetivo de visibilizar y fortalecer las perspectivas feministas del Sur Global y su producci\u00f3n de conocimientos cr\u00edticos y transformadores.<\/p>\n<p>En este marco, <strong>la Dra. Freire present\u00f3 la ponencia titulada \u201cArtivismo feminista en Chile: una fuerza transformadora desde las pr\u00e1cticas art\u00edsticas\u201d, donde dio a conocer algunos hallazgos del proyecto Fondecyt de Iniciaci\u00f3n \u201cArtivismo feminista en Chile y sus aportes a las artes contempor\u00e1neas\u201d<\/strong> (11240583). Su presentaci\u00f3n se inscribi\u00f3 en los ejes tem\u00e1ticos del congreso vinculados a la mesa de trabajo, donde tambi\u00e9n era una de las coordinadoras, titulada: \u201cTransgresiones del canon: arte, memoria, creaci\u00f3n y pol\u00edtica en Am\u00e9rica Latina\u201d, que reun\u00eda trabajos sobre pr\u00e1cticas art\u00edsticas, militancias y producci\u00f3n de conocimiento feminista en la regi\u00f3n.<\/p>\n<p><a href=\"https:\/\/www.upla.cl\/noticias\/wp-content\/uploads\/2025\/12\/Ponencia1.jpg\"><img loading=\"lazy\" decoding=\"async\" class=\"alignright wp-image-193649\" src=\"https:\/\/www.upla.cl\/noticias\/wp-content\/uploads\/2025\/12\/Ponencia1-300x176.jpg\" alt=\"\" width=\"350\" height=\"205\" srcset=\"https:\/\/upla.cl\/noticias\/wp-content\/uploads\/2025\/12\/Ponencia1-300x176.jpg 300w, https:\/\/upla.cl\/noticias\/wp-content\/uploads\/2025\/12\/Ponencia1-150x88.jpg 150w, https:\/\/upla.cl\/noticias\/wp-content\/uploads\/2025\/12\/Ponencia1.jpg 675w\" sizes=\"auto, (max-width: 350px) 100vw, 350px\" \/><\/a>Durante la ponencia, <strong>la investigadora expuso parte del recorrido de estos dos a\u00f1os de trabajo con diferentes colectivas de artivismo feminista de distintas regiones de Chile<\/strong>, que articulan performance, bordado, gr\u00e1fica, muralismo, acciones callejeras y pedagog\u00edas comunitarias como lenguajes para denunciar violencias, construir memoria y transformar los territorios.<\/p>\n<p>Desde una perspectiva feminista interseccional y decolonial, <strong>la Dra. Freire comparti\u00f3 acerca de c\u00f3mo estas pr\u00e1cticas producen saberes situados desde los m\u00e1rgenes -territoriales, afectivos, corporales y disciplinares- y c\u00f3mo disputan jerarqu\u00edas entre arte \u201cleg\u00edtimo\u201d e iniciativas comunitarias,<\/strong> as\u00ed como entre el saber experto y el conocimiento encarnado que circula en barrios, asambleas, ollas comunes y colectivas feministas.<\/p>\n<p><a href=\"https:\/\/www.upla.cl\/noticias\/wp-content\/uploads\/2025\/12\/Ponencia2.jpg\"><img loading=\"lazy\" decoding=\"async\" class=\"alignright wp-image-193655\" src=\"https:\/\/www.upla.cl\/noticias\/wp-content\/uploads\/2025\/12\/Ponencia2-300x169.jpg\" alt=\"\" width=\"350\" height=\"197\" srcset=\"https:\/\/upla.cl\/noticias\/wp-content\/uploads\/2025\/12\/Ponencia2-300x169.jpg 300w, https:\/\/upla.cl\/noticias\/wp-content\/uploads\/2025\/12\/Ponencia2-150x84.jpg 150w, https:\/\/upla.cl\/noticias\/wp-content\/uploads\/2025\/12\/Ponencia2.jpg 733w\" sizes=\"auto, (max-width: 350px) 100vw, 350px\" \/><\/a>La ponencia: \u201cArtivismo feminista en Chile: una fuerza transformadora desde las pr\u00e1cticas art\u00edsticas\u201d <strong>puso el foco en la capacidad del artivismo feminista para desbordar los l\u00edmites de las instituciones culturales y acad\u00e9micas, al instalar el cuerpo y la experiencia vivida como lugares de teor\u00eda.<\/strong> La ponencia present\u00f3 cartograf\u00edas de acciones y procesos de trabajo con colectivas que abordan, entre otros temas, violencia patriarcal, memorias de dictadura, aborto y disidencias sexuales, evidenciando c\u00f3mo el artivismo deviene archivo vivo, metodolog\u00eda de investigaci\u00f3n y pr\u00e1ctica pol\u00edtica al mismo tiempo.<\/p>\n<p><strong>La participaci\u00f3n de la Dra. Freire en In[ter]disciplinad\u00e6s 2025 permiti\u00f3 posicionar internacionalmente el trabajo desarrollado desde la Universidad de Playa Ancha y desde el proyecto Fondecyt, a la vez que abri\u00f3 un espacio de di\u00e1logo con investigadoras\/es, artivistas y estudiantes de <\/strong><a href=\"https:\/\/www.upla.cl\/noticias\/wp-content\/uploads\/2025\/12\/Congreso.jpg\"><img loading=\"lazy\" decoding=\"async\" class=\"alignright wp-image-193660\" src=\"https:\/\/www.upla.cl\/noticias\/wp-content\/uploads\/2025\/12\/Congreso-300x191.jpg\" alt=\"\" width=\"350\" height=\"223\" srcset=\"https:\/\/upla.cl\/noticias\/wp-content\/uploads\/2025\/12\/Congreso-300x191.jpg 300w, https:\/\/upla.cl\/noticias\/wp-content\/uploads\/2025\/12\/Congreso-150x96.jpg 150w, https:\/\/upla.cl\/noticias\/wp-content\/uploads\/2025\/12\/Congreso.jpg 642w\" sizes=\"auto, (max-width: 350px) 100vw, 350px\" \/><\/a><strong>diversos pa\u00edses latinoamericanos.<\/strong> En las discusiones posteriores a la ponencia se generaron intercambios en torno a metodolog\u00edas participativas, justicia epist\u00e9mica, co-investigaci\u00f3n con colectivas y estrategias para enfrentar las ofensivas antig\u00e9nero y las desigualdades que atraviesan las universidades y los campos art\u00edsticos de la regi\u00f3n.<\/p>\n<p>Esta presentaci\u00f3n se asumi\u00f3 adem\u00e1s como parte de una apuesta m\u00e1s amplia: producir conocimiento feminista desde el sur y con el sur, reconociendo que lo que ocurre en los bordes del arte, en las calles y en los tejidos comunitarios tambi\u00e9n es teor\u00eda, m\u00e9todo y horizonte pol\u00edtico. La ponencia de la Dra. Freire en Montevideo dej\u00f3 instalada la relevancia del artivismo feminista chileno como aporte decisivo para pensar las artes contempor\u00e1neas y las luchas por justicia social en Am\u00e9rica Latina.<\/p>\n","protected":false},"excerpt":{"rendered":"<p>La acad\u00e9mica de Pedagog\u00eda en Artes Visuales de la Facultad de Arte present\u00f3 en la Universidad de la Rep\u00fablica (Montevideo) la ponencia titulada \u201cArtivismo feminista en Chile: una fuerza transformadora desde las pr\u00e1cticas art\u00edsticas\u201d.<\/p>\n","protected":false},"author":21,"featured_media":193665,"comment_status":"closed","ping_status":"open","sticky":false,"template":"","format":"standard","meta":{"footnotes":""},"categories":[51,96,52,201,40,97,71,43,91],"tags":[256,413,215,636,767,249,768],"class_list":["post-193643","post","type-post","status-publish","format-standard","has-post-thumbnail","","category-academia","category-academicos","category-cultura","category-desarrollo-estudiantil","category-destacados","category-estudiantes","category-facultad-de-arte","category-investigacion","category-vinculacion-con-el-medio","tag-artes-visuales","tag-artivismo","tag-facultad-de-arte","tag-feminismo","tag-la-republica","tag-marla-freire","tag-montevideo"],"_links":{"self":[{"href":"https:\/\/upla.cl\/noticias\/wp-json\/wp\/v2\/posts\/193643","targetHints":{"allow":["GET"]}}],"collection":[{"href":"https:\/\/upla.cl\/noticias\/wp-json\/wp\/v2\/posts"}],"about":[{"href":"https:\/\/upla.cl\/noticias\/wp-json\/wp\/v2\/types\/post"}],"author":[{"embeddable":true,"href":"https:\/\/upla.cl\/noticias\/wp-json\/wp\/v2\/users\/21"}],"replies":[{"embeddable":true,"href":"https:\/\/upla.cl\/noticias\/wp-json\/wp\/v2\/comments?post=193643"}],"version-history":[{"count":2,"href":"https:\/\/upla.cl\/noticias\/wp-json\/wp\/v2\/posts\/193643\/revisions"}],"predecessor-version":[{"id":193666,"href":"https:\/\/upla.cl\/noticias\/wp-json\/wp\/v2\/posts\/193643\/revisions\/193666"}],"wp:featuredmedia":[{"embeddable":true,"href":"https:\/\/upla.cl\/noticias\/wp-json\/wp\/v2\/media\/193665"}],"wp:attachment":[{"href":"https:\/\/upla.cl\/noticias\/wp-json\/wp\/v2\/media?parent=193643"}],"wp:term":[{"taxonomy":"category","embeddable":true,"href":"https:\/\/upla.cl\/noticias\/wp-json\/wp\/v2\/categories?post=193643"},{"taxonomy":"post_tag","embeddable":true,"href":"https:\/\/upla.cl\/noticias\/wp-json\/wp\/v2\/tags?post=193643"}],"curies":[{"name":"wp","href":"https:\/\/api.w.org\/{rel}","templated":true}]}}