{"id":193670,"date":"2025-12-04T16:30:55","date_gmt":"2025-12-04T19:30:55","guid":{"rendered":"https:\/\/www.upla.cl\/noticias\/?p=193670"},"modified":"2025-12-04T16:30:55","modified_gmt":"2025-12-04T19:30:55","slug":"con-miras-al-futuro-terapia-ocupacional-celebra-aniversario-29-con-encuentro-de-egresados-y-egresadas","status":"publish","type":"post","link":"https:\/\/upla.cl\/noticias\/2025\/12\/04\/con-miras-al-futuro-terapia-ocupacional-celebra-aniversario-29-con-encuentro-de-egresados-y-egresadas\/","title":{"rendered":"Con miras al futuro: Terapia Ocupacional celebra aniversario 29\u00b0 con encuentro de egresados y egresadas"},"content":{"rendered":"<p><a href=\"https:\/\/www.upla.cl\/noticias\/wp-content\/uploads\/2025\/12\/Egresados-TO.jpg\"><img loading=\"lazy\" decoding=\"async\" class=\"alignright wp-image-193671 size-medium\" src=\"https:\/\/www.upla.cl\/noticias\/wp-content\/uploads\/2025\/12\/Egresados-TO-300x200.jpg\" alt=\"Con miras al futuro: Terapia Ocupacional celebra aniversario 29\u00b0 con encuentro de egresados y egresadas\" width=\"300\" height=\"200\" srcset=\"https:\/\/upla.cl\/noticias\/wp-content\/uploads\/2025\/12\/Egresados-TO-300x200.jpg 300w, https:\/\/upla.cl\/noticias\/wp-content\/uploads\/2025\/12\/Egresados-TO-1024x683.jpg 1024w, https:\/\/upla.cl\/noticias\/wp-content\/uploads\/2025\/12\/Egresados-TO-150x100.jpg 150w, https:\/\/upla.cl\/noticias\/wp-content\/uploads\/2025\/12\/Egresados-TO-768x512.jpg 768w, https:\/\/upla.cl\/noticias\/wp-content\/uploads\/2025\/12\/Egresados-TO-1536x1024.jpg 1536w, https:\/\/upla.cl\/noticias\/wp-content\/uploads\/2025\/12\/Egresados-TO.jpg 1920w\" sizes=\"auto, (max-width: 300px) 100vw, 300px\" \/><\/a>En miras a sus 30 a\u00f1os de vida, la carrera de <strong><a href=\"https:\/\/www.upla.cl\/admision\/carreras-profesionales\/facultad-de-ciencias-de-la-salud\/terapia-ocupacional\/\">Terapia Ocupacional (T.O)<\/a> de la Universidad de Playa Ancha (UPLA)<\/strong> celebr\u00f3 un nuevo aniversario con la realizaci\u00f3n de su segundo encuentro de egresados y egresadas, una jornada que cont\u00f3 con exposiciones internacionales, nacionales y mesas de trabajo para repensar el quehacer de los terapeutas ocupacionales en la actualidad.<\/p>\n<p>La jornada cont\u00f3 con las palabras de bienvenida del rector de la Universidad, <strong>Carlos Gonz\u00e1lez Morales<\/strong>; de la <strong>decana de la <a href=\"https:\/\/upla.cl\/facultad\/cienciassalud\/\">Facultad de Ciencias de la Salud<\/a>,<\/strong> <strong>Dra. Luzmarina Silva Concha<\/strong>, y de la <strong>directora de la carrera de Terapia Ocupacional,<\/strong> <strong>Alejandra Espinoza Valderrama<\/strong>, quienes destacaron la importancia de contar con este espacio de encuentro.<\/p>\n<p>Sobre la jornada, la directora de TO explic\u00f3 que <em>\u201ces una antesala de poder reunirnos con nuestros egresados y titulados, que puedan retribuirnos tambi\u00e9n la experiencia que ellos han tenido y c\u00f3mo -como casa de estudio- hemos contribuido a su proceso, tanto de formaci\u00f3n como de posterior desarrollo de la disciplina\u201d<\/em>.<\/p>\n<p><em><a href=\"https:\/\/www.upla.cl\/noticias\/wp-content\/uploads\/2025\/12\/Cristal_1_expo1.jpg\"><img loading=\"lazy\" decoding=\"async\" class=\"alignright size-medium wp-image-193672\" src=\"https:\/\/www.upla.cl\/noticias\/wp-content\/uploads\/2025\/12\/Cristal_1_expo1-300x200.jpg\" alt=\"\" width=\"300\" height=\"200\" srcset=\"https:\/\/upla.cl\/noticias\/wp-content\/uploads\/2025\/12\/Cristal_1_expo1-300x200.jpg 300w, https:\/\/upla.cl\/noticias\/wp-content\/uploads\/2025\/12\/Cristal_1_expo1-150x100.jpg 150w, https:\/\/upla.cl\/noticias\/wp-content\/uploads\/2025\/12\/Cristal_1_expo1-768x512.jpg 768w, https:\/\/upla.cl\/noticias\/wp-content\/uploads\/2025\/12\/Cristal_1_expo1.jpg 800w\" sizes=\"auto, (max-width: 300px) 100vw, 300px\" \/><\/a>\u201c(&#8230;) La idea es que podamos conversar y dialogar respecto de \u00e1mbitos como la salud p\u00fablica, la investigaci\u00f3n, derechos humanos y todo aquello que nos pueda nutrir para saber y conocer qu\u00e9 es lo que estamos haciendo todos los terapeutas y c\u00f3mo nosotros tambi\u00e9n podemos, desde el proceso formativo, acoger esos saberes para poder plasmarlos en nuestros planes de estudios\u201d<\/em>, precis\u00f3 Alejandra Espinoza.<\/p>\n<p>La cita tambi\u00e9n cont\u00f3 con la presentaci\u00f3n art\u00edstica del <strong>Ballet Gimn\u00e1stico UPLA<\/strong>, dirigido por la acad\u00e9mica de la<strong><a href=\"https:\/\/www.upla.cl\/facultad\/cienciasactividadfisicaydeporte\/\"> Facultad de Ciencias de la Actividad F\u00edsica y del Deporte,<\/a> Mariella Peralta Ferroni,<\/strong> que present\u00f3 dos piezas coreogr\u00e1ficas de las canciones \u201c<em>Luchin\u201d<\/em> y \u201c<em>Te Recuerdo Amanda\u201d<\/em> del cantautor nacional V\u00edctor Jara.<\/p>\n<p><strong>Exposici\u00f3n de egresados\/as y mesas de trabajo<\/strong><\/p>\n<p>La jornada inici\u00f3 con la exposici\u00f3n internacional de la mag\u00edster <strong>Cristal Campillay Alarc\u00f3n<\/strong> <em>\u201cTerapia Ocupacional y Cuidados Colectivos con perspectiva de g\u00e9nero y antirracista\u201d<\/em>, donde abord\u00f3 la experiencia de la fundaci\u00f3n Calala Fondo Mujeres y su \u00e1rea de cuidados colectivos, que busca apoyar los cuidados dentro de la organizaci\u00f3n desde la gesti\u00f3n de personas, la adaptabilidad a personas en situaci\u00f3n de discapacidad, la formaci\u00f3n y el acompa\u00f1amiento en situaciones de violencia o conflicto interno, con una perspectiva decolonial y antiracista.<\/p>\n<p>La segunda exposici\u00f3n estuvo a cargo del <strong>Dr. Juan Pino Mor\u00e1n<\/strong> con \u201cSentipensar las ocupaciones disidentes del sur\u201d, quien profundiz\u00f3 en sus investigaciones sobre la discriminaci\u00f3n en pacientes de las comunidades LGBTIQ+.<\/p>\n<p>Posteriormente, tuvo lugar la presentaci\u00f3n de la mag\u00edster <strong>Pamela Caro Vines<\/strong> <em>\u201cTrayectorias de la terapia ocupacional chilena: reflexiones desde la historicidad, conocimientos situados y perspectivas locales\u201d<\/em>, proponiendo un recorrido hist\u00f3rico por la evoluci\u00f3n de la terapia ocupacional en Chile hacia la educaci\u00f3n y el relacionamiento comunitario.<\/p>\n<p>Por \u00faltimo, tuvo se realiz\u00f3 la presentaci\u00f3n <em>\u201cExperiencias interprofesionales en terapia ocupacional social y educativa<\/em>\u201d, por la <strong>doctora \u00a9 Mar\u00eda Paz Sep\u00falveda Barrientos<\/strong>, que expuso sus experiencias en dispositivos de salud comunitaria y su trabajo acad\u00e9mico en la Regi\u00f3n de \u00d1uble.<\/p>\n<p>Durante la tarde, la jornada se traslad\u00f3 a cuatro mesas de trabajo que abordaron temas como la salud p\u00fablica, la rehabilitaci\u00f3n cl\u00ednica, la producci\u00f3n cient\u00edfica y los derechos humanos en la Terapia Ocupacional.<\/p>\n<p><strong>La carrera en miras a sus 30 a\u00f1os<\/strong><\/p>\n<p>Sobre el encuentro, <strong>Cristal Campillay, tambi\u00e9n egresada UPLA<\/strong>, coment\u00f3 que uno de los sellos de la Universidad<em> \u201ces justamente lo que acaban de expresar los compa\u00f1eros y que tiene que ver con un \u00e9nfasis muy importante en lo social\u201d<\/em>.<\/p>\n<p>\u201c<em>Y eso social, entonces, nos permite tambi\u00e9n tener una visi\u00f3n pol\u00edtica y nos permite tambi\u00e9n hacer un primer ejercicio, as\u00ed como hablamos de la decolonialidad, que es tener conciencia de clase. (&#8230;) Y esa riqueza la tiene la Universidad de Playa Ancha\u201d<\/em>, sostuvo la egresada.<\/p>\n<p><strong>Dalila Goudeau Radical<\/strong>, <strong>terapeuta ocupacional jubilada y acad\u00e9mica fundadora de T.O UPLA,<\/strong> declar\u00f3 que uno de los desaf\u00edos de la disciplina es su acercamiento con la tecnolog\u00eda, destacando el car\u00e1cter vanguardista que tuvo la carrera al incluir en su primera malla el ramo de computaci\u00f3n como herramienta terap\u00e9utica. <em>\u201cCreo que ese es un desaf\u00edo que es s\u00faper importante porque es lo que viene, es en lo que vamos a tener que estar s\u00ed o s\u00ed todos inmersos, en esta ola tecnol\u00f3gica\u201d,<\/em> sostuvo.<\/p>\n<p><em><a href=\"https:\/\/www.upla.cl\/noticias\/wp-content\/uploads\/2025\/12\/Alejandra-Espinoza.jpg\"><img loading=\"lazy\" decoding=\"async\" class=\"alignright size-medium wp-image-193673\" src=\"https:\/\/www.upla.cl\/noticias\/wp-content\/uploads\/2025\/12\/Alejandra-Espinoza-300x200.jpg\" alt=\"\" width=\"300\" height=\"200\" srcset=\"https:\/\/upla.cl\/noticias\/wp-content\/uploads\/2025\/12\/Alejandra-Espinoza-300x200.jpg 300w, https:\/\/upla.cl\/noticias\/wp-content\/uploads\/2025\/12\/Alejandra-Espinoza-150x100.jpg 150w, https:\/\/upla.cl\/noticias\/wp-content\/uploads\/2025\/12\/Alejandra-Espinoza-768x512.jpg 768w, https:\/\/upla.cl\/noticias\/wp-content\/uploads\/2025\/12\/Alejandra-Espinoza.jpg 800w\" sizes=\"auto, (max-width: 300px) 100vw, 300px\" \/><\/a>\u201cY por otro lado, como han dicho varios de los colegas (&#8230;) tambi\u00e9n el desempe\u00f1o de un rol en la sociedad, un rol que tiene que ver con la participaci\u00f3n plena de todas las personas, y eso incluye la parte pol\u00edtica<\/em>\u201d, concluy\u00f3 la terapeuta ocupacional.<\/p>\n<p>Por su parte, la directora de TO a\u00f1adi\u00f3 que <em>\u201cla terapia ocupacional tiene que incorporar todos estos nuevos \u00e1mbitos que hoy se desarrollan en la formaci\u00f3n, sobre todo \u00e1mbitos \u00e9ticos, de derechos humanos, de enfoques de g\u00e9nero, de personas con la mirada de inclusi\u00f3n, con la tecnolog\u00eda, que lleg\u00f3 para quedarse y es parte de nuestro proceso\u201d.<\/em><\/p>\n<p>Con esta segunda jornada de egresados, la carrera de Terapia Ocupacional de la UPLA reafirma su compromiso con la formaci\u00f3n de profesionales comprometidos con lo social y se prepara para celebrar sus tres d\u00e9cadas de trayectoria en 2026, consolid\u00e1ndose como un espacio de reflexi\u00f3n cr\u00edtica y transformaci\u00f3n en el \u00e1mbito de la salud y los derechos humanos.<\/p>\n","protected":false},"excerpt":{"rendered":"<p>La jornada cont\u00f3 con una serie de exposiciones y mesas de trabajo para reflexionar sobre el quehacer de los y las terapeutas ocupacionales.<\/p>\n","protected":false},"author":3,"featured_media":193671,"comment_status":"closed","ping_status":"open","sticky":false,"template":"","format":"standard","meta":{"footnotes":""},"categories":[51,96,40,101,97,74],"tags":[],"class_list":["post-193670","post","type-post","status-publish","format-standard","has-post-thumbnail","","category-academia","category-academicos","category-destacados","category-docencia","category-estudiantes","category-facultad-de-ciencias-de-la-salud"],"_links":{"self":[{"href":"https:\/\/upla.cl\/noticias\/wp-json\/wp\/v2\/posts\/193670","targetHints":{"allow":["GET"]}}],"collection":[{"href":"https:\/\/upla.cl\/noticias\/wp-json\/wp\/v2\/posts"}],"about":[{"href":"https:\/\/upla.cl\/noticias\/wp-json\/wp\/v2\/types\/post"}],"author":[{"embeddable":true,"href":"https:\/\/upla.cl\/noticias\/wp-json\/wp\/v2\/users\/3"}],"replies":[{"embeddable":true,"href":"https:\/\/upla.cl\/noticias\/wp-json\/wp\/v2\/comments?post=193670"}],"version-history":[{"count":1,"href":"https:\/\/upla.cl\/noticias\/wp-json\/wp\/v2\/posts\/193670\/revisions"}],"predecessor-version":[{"id":193674,"href":"https:\/\/upla.cl\/noticias\/wp-json\/wp\/v2\/posts\/193670\/revisions\/193674"}],"wp:featuredmedia":[{"embeddable":true,"href":"https:\/\/upla.cl\/noticias\/wp-json\/wp\/v2\/media\/193671"}],"wp:attachment":[{"href":"https:\/\/upla.cl\/noticias\/wp-json\/wp\/v2\/media?parent=193670"}],"wp:term":[{"taxonomy":"category","embeddable":true,"href":"https:\/\/upla.cl\/noticias\/wp-json\/wp\/v2\/categories?post=193670"},{"taxonomy":"post_tag","embeddable":true,"href":"https:\/\/upla.cl\/noticias\/wp-json\/wp\/v2\/tags?post=193670"}],"curies":[{"name":"wp","href":"https:\/\/api.w.org\/{rel}","templated":true}]}}