{"id":194023,"date":"2025-12-11T18:09:09","date_gmt":"2025-12-11T21:09:09","guid":{"rendered":"https:\/\/www.upla.cl\/noticias\/?p=194023"},"modified":"2025-12-11T18:26:40","modified_gmt":"2025-12-11T21:26:40","slug":"sello-upla-vinculacion-con-el-medio-reconocio-trayectorias-de-egresados-y-egresadas-marcadas-por-compromiso-social","status":"publish","type":"post","link":"https:\/\/upla.cl\/noticias\/2025\/12\/11\/sello-upla-vinculacion-con-el-medio-reconocio-trayectorias-de-egresados-y-egresadas-marcadas-por-compromiso-social\/","title":{"rendered":"Sello UPLA: Vinculaci\u00f3n con el Medio reconoci\u00f3 trayectorias de egresados y egresadas marcadas por compromiso social"},"content":{"rendered":"<figure id=\"attachment_194031\" aria-describedby=\"caption-attachment-194031\" style=\"width: 618px\" class=\"wp-caption aligncenter\"><a href=\"https:\/\/www.upla.cl\/noticias\/wp-content\/uploads\/2025\/12\/Egresada-Sello-UPLA-Cristina-Zapata-y-Daniela-Casanueva-DGVM.jpg\"><img loading=\"lazy\" decoding=\"async\" class=\"wp-image-194031 size-large\" src=\"https:\/\/www.upla.cl\/noticias\/wp-content\/uploads\/2025\/12\/Egresada-Sello-UPLA-Cristina-Zapata-y-Daniela-Casanueva-DGVM-1024x732.jpg\" alt=\"\" width=\"618\" height=\"442\" srcset=\"https:\/\/upla.cl\/noticias\/wp-content\/uploads\/2025\/12\/Egresada-Sello-UPLA-Cristina-Zapata-y-Daniela-Casanueva-DGVM-1024x732.jpg 1024w, https:\/\/upla.cl\/noticias\/wp-content\/uploads\/2025\/12\/Egresada-Sello-UPLA-Cristina-Zapata-y-Daniela-Casanueva-DGVM-300x215.jpg 300w, https:\/\/upla.cl\/noticias\/wp-content\/uploads\/2025\/12\/Egresada-Sello-UPLA-Cristina-Zapata-y-Daniela-Casanueva-DGVM-150x107.jpg 150w, https:\/\/upla.cl\/noticias\/wp-content\/uploads\/2025\/12\/Egresada-Sello-UPLA-Cristina-Zapata-y-Daniela-Casanueva-DGVM-768x549.jpg 768w, https:\/\/upla.cl\/noticias\/wp-content\/uploads\/2025\/12\/Egresada-Sello-UPLA-Cristina-Zapata-y-Daniela-Casanueva-DGVM-1536x1098.jpg 1536w, https:\/\/upla.cl\/noticias\/wp-content\/uploads\/2025\/12\/Egresada-Sello-UPLA-Cristina-Zapata-y-Daniela-Casanueva-DGVM.jpg 1920w\" sizes=\"auto, (max-width: 618px) 100vw, 618px\" \/><\/a><figcaption id=\"caption-attachment-194031\" class=\"wp-caption-text\">Egresada Sello UPLA 2025, Cristina Zapata Zamorano.<\/figcaption><\/figure>\n&nbsp;<br \/>\nUna jornada cargada de emoci\u00f3n se vivi\u00f3 en la Universidad de Playa Ancha, en el marco de la ceremonia de Reconocimiento al Egresado\/a Sello UPLA, realizada en el Aula Dr. F\u00e9lix Morales Pettorino por la Direcci\u00f3n General de Vinculaci\u00f3n con el Medio (DGVM).<\/p>\n<p>Dentro de 46 postulantes, se reconoci\u00f3 a un egresado o egresada destacada por cada una de las ocho facultades de la Universidad, de su Instituto Tecnol\u00f3gico (ITEC), del campus San Felipe y, finalmente, a un egresado o egresada \u201cSello UPLA\u201d a nivel institucional.<\/p>\n<p>La<strong> coordinadora de la Unidad de V\u00ednculos con la Comunidad Egresada y Empleadores de la DGVM, Daniela Casanueva Vald\u00e9s<\/strong>, destaca que \u201cesta distinci\u00f3n pone en valor trayectorias profesionales marcadas por el compromiso social, demostrando c\u00f3mo la formaci\u00f3n impartida en una Universidad estatal trasciende las aulas y se proyecta en aportes concretos al desarrollo del territorio y sus comunidades. Reconocer a nuestros egresados y egresadas es, en esencia, reconocer el impacto que la educaci\u00f3n p\u00fablica tiene en la transformaci\u00f3n social y en la construcci\u00f3n de un pa\u00eds m\u00e1s justo y equitativo\u201d.<\/p>\n<p><a href=\"https:\/\/www.upla.cl\/noticias\/wp-content\/uploads\/2025\/12\/Aula.jpg\"><img loading=\"lazy\" decoding=\"async\" class=\"alignright size-medium wp-image-194027\" src=\"https:\/\/www.upla.cl\/noticias\/wp-content\/uploads\/2025\/12\/Aula-300x197.jpg\" alt=\"\" width=\"300\" height=\"197\" srcset=\"https:\/\/upla.cl\/noticias\/wp-content\/uploads\/2025\/12\/Aula-300x197.jpg 300w, https:\/\/upla.cl\/noticias\/wp-content\/uploads\/2025\/12\/Aula-1024x671.jpg 1024w, https:\/\/upla.cl\/noticias\/wp-content\/uploads\/2025\/12\/Aula-150x98.jpg 150w, https:\/\/upla.cl\/noticias\/wp-content\/uploads\/2025\/12\/Aula-768x504.jpg 768w, https:\/\/upla.cl\/noticias\/wp-content\/uploads\/2025\/12\/Aula-1536x1007.jpg 1536w, https:\/\/upla.cl\/noticias\/wp-content\/uploads\/2025\/12\/Aula-310x205.jpg 310w, https:\/\/upla.cl\/noticias\/wp-content\/uploads\/2025\/12\/Aula.jpg 1920w\" sizes=\"auto, (max-width: 300px) 100vw, 300px\" \/><\/a>En tanto, la <strong>directora general de Vinculaci\u00f3n con el Medio, Fabiola Vilugr\u00f3n Aravena<\/strong>, enfatiza que \u201cesta ceremonia representa un hito significativo, porque refleja lo planteado en nuestra Pol\u00edtica Institucional de VcM, permitiendo mostrar que el v\u00ednculo con quienes egresan contin\u00faa y se expresa en los aportes que realizan en sus espacios laborales, comunidades y territorios. Este reconocimiento no solo distingue trayectorias, sino que reafirma una relaci\u00f3n permanente y bidireccional entre la Universidad y su comunidad egresada\u201d.<\/p>\n<h4><strong>Recuperando territorios para la comunidad<\/strong><\/h4>\n<p><a href=\"https:\/\/www.upla.cl\/noticias\/wp-content\/uploads\/2025\/12\/Egresados-y-egresadas-destacadas.jpg\"><img loading=\"lazy\" decoding=\"async\" class=\"alignright size-medium wp-image-194030\" src=\"https:\/\/www.upla.cl\/noticias\/wp-content\/uploads\/2025\/12\/Egresados-y-egresadas-destacadas-300x200.jpg\" alt=\"\" width=\"300\" height=\"200\" srcset=\"https:\/\/upla.cl\/noticias\/wp-content\/uploads\/2025\/12\/Egresados-y-egresadas-destacadas-300x200.jpg 300w, https:\/\/upla.cl\/noticias\/wp-content\/uploads\/2025\/12\/Egresados-y-egresadas-destacadas-1024x683.jpg 1024w, https:\/\/upla.cl\/noticias\/wp-content\/uploads\/2025\/12\/Egresados-y-egresadas-destacadas-150x100.jpg 150w, https:\/\/upla.cl\/noticias\/wp-content\/uploads\/2025\/12\/Egresados-y-egresadas-destacadas-768x512.jpg 768w, https:\/\/upla.cl\/noticias\/wp-content\/uploads\/2025\/12\/Egresados-y-egresadas-destacadas-1536x1024.jpg 1536w, https:\/\/upla.cl\/noticias\/wp-content\/uploads\/2025\/12\/Egresados-y-egresadas-destacadas.jpg 1920w\" sizes=\"auto, (max-width: 300px) 100vw, 300px\" \/><\/a>Una mezcla de alegr\u00eda y genuino orgullo fue lo que se pudo observar al producirse el primer anuncio sobre qui\u00e9nes ser\u00edan reconocidos como egresados destacados, recayendo los galardones en: la <strong>profesora de<\/strong> <a href=\"https:\/\/upla.cl\/facultad\/cienciasnaturalesyexactas\/carreras\/pedagogia-en-biologia-y-ciencias\/\"><strong>Biolog\u00eda y Ciencias<\/strong><\/a> <strong>Roc\u00edo Aravena Z\u00e1rate<\/strong> <a href=\"https:\/\/upla.cl\/facultad\/cienciasnaturalesyexactas\/\">(<strong>Facultad de Ciencias Naturales y Exactas<\/strong><\/a>), el <strong>profesor de <a href=\"https:\/\/upla.cl\/facultad\/humanidades\/pedagogia-en-castellano\/\">Castellano<\/a> Rodrigo Valenzuela Zura<\/strong> (<a href=\"https:\/\/upla.cl\/facultad\/humanidades\/#\"><strong>Facultad de Humanidades<\/strong><\/a>), la <strong><a href=\"https:\/\/www.upla.cl\/facultad\/ingenieria\/carreras-y-programas\/ingenieria-informatica-san-felipe\/\">ingeniera en inform\u00e1tica<\/a> Karla Inostroza Urbina<\/strong> (<a href=\"https:\/\/www.upla.cl\/facultad\/ingenieria\/\"><strong>Facultad de Ingenier\u00eda<\/strong><\/a>), el <strong><a href=\"https:\/\/upla.cl\/facultad\/cienciassociales\/periodismo\/\">periodista<\/a> Gabriel Canelo Cancino<\/strong> (<a href=\"https:\/\/upla.cl\/facultad\/cienciassociales\/\"><strong>Facultad de Ciencias Sociales<\/strong><\/a>), la<strong><a href=\"https:\/\/upla.cl\/facultad\/arte\/pedagogia-en-artes-visuales-mencion-patrimonio\/\"> artista esc\u00e9nica y educadora<\/a> Paola V\u00e1squez Richard<\/strong> (<a href=\"https:\/\/upla.cl\/facultad\/arte\/\"><strong>Facultad de Arte<\/strong><\/a>), la <strong><a href=\"https:\/\/upla.cl\/facultad\/cienciassalud\/terapia-ocupacional\/\">terapeuta ocupacional<\/a> Luisa Espinoza Rojas<\/strong> (<a href=\"https:\/\/upla.cl\/facultad\/cienciassalud\/\"><strong>Facultad de Ciencias de la Salud<\/strong><\/a>), la <strong>profesora de <a href=\"https:\/\/www.upla.cl\/facultad\/cienciasactividadfisicaydeporte\/pedagogia-en-educacion-fisica\/\">Educaci\u00f3n F\u00edsica<\/a> Catherine Espinoza Espinoza<\/strong> (<a href=\"https:\/\/www.upla.cl\/facultad\/cienciasactividadfisicaydeporte\/\"><strong>Facultad de Ciencias de la Actividad F\u00edsica y del Deporte<\/strong><\/a>), el <strong>t\u00e9cnico de nivel superior del <a href=\"https:\/\/www.upla.cl\/institutotecnologico\/\">ITEC<\/a> Franco Ruz Segura,<\/strong> graduado en el <strong>Complejo Penitenciario de Valpara\u00edso<\/strong>; el <strong><a href=\"https:\/\/upla.cl\/facultad\/humanidades\/pedagogia-en-ingles\/\">profesor de Ingl\u00e9s<\/a> Boris Bruna Rosinelli<\/strong> (<a href=\"https:\/\/www.upla.cl\/sanfelipe\/\"><strong>campus San Felipe<\/strong><\/a>), y la <strong><a href=\"https:\/\/www.upla.cl\/facultad\/cienciaseducacion\/carreras\/educacion-parvularia\/\">educadora de p\u00e1rvulos<\/a> Cristina Zapata Zamorano<\/strong> (<a href=\"https:\/\/www.upla.cl\/facultad\/cienciaseducacion\/\"><strong>Facultad de Ciencias de la Educaci\u00f3n<\/strong><\/a>).<\/p>\n<p><a href=\"https:\/\/www.upla.cl\/noticias\/wp-content\/uploads\/2025\/12\/Carrera-de-Derecho.jpg\"><img loading=\"lazy\" decoding=\"async\" class=\"alignright size-medium wp-image-194029\" src=\"https:\/\/www.upla.cl\/noticias\/wp-content\/uploads\/2025\/12\/Carrera-de-Derecho-300x205.jpg\" alt=\"\" width=\"300\" height=\"205\" srcset=\"https:\/\/upla.cl\/noticias\/wp-content\/uploads\/2025\/12\/Carrera-de-Derecho-300x205.jpg 300w, https:\/\/upla.cl\/noticias\/wp-content\/uploads\/2025\/12\/Carrera-de-Derecho-1024x698.jpg 1024w, https:\/\/upla.cl\/noticias\/wp-content\/uploads\/2025\/12\/Carrera-de-Derecho-150x102.jpg 150w, https:\/\/upla.cl\/noticias\/wp-content\/uploads\/2025\/12\/Carrera-de-Derecho-768x524.jpg 768w, https:\/\/upla.cl\/noticias\/wp-content\/uploads\/2025\/12\/Carrera-de-Derecho-1536x1047.jpg 1536w, https:\/\/upla.cl\/noticias\/wp-content\/uploads\/2025\/12\/Carrera-de-Derecho-110x75.jpg 110w, https:\/\/upla.cl\/noticias\/wp-content\/uploads\/2025\/12\/Carrera-de-Derecho.jpg 1920w\" sizes=\"auto, (max-width: 300px) 100vw, 300px\" \/><\/a>La jornada consider\u00f3 tambi\u00e9n un especial reconocimiento a la carrera de <a href=\"https:\/\/upla.cl\/facultad\/cienciassociales\/derecho\/\"><strong>Derecho<\/strong><\/a>, la que por ahora no cuenta con egresados o egresadas, por lo que se destac\u00f3 a dos estudiantes que est\u00e1n pr\u00f3ximos a terminar su proceso formativo: <strong>Scarlett Astudillo P\u00e9rez y Mois\u00e9s Garay Astorga<\/strong>.<\/p>\n<p>Tras ello, lleg\u00f3 el momento m\u00e1s importante: el descubrimiento de qui\u00e9n ser\u00eda investido o investida con el principal reconocimiento, el Egresado Sello UPLA 2025, elecci\u00f3n a cargo de un comit\u00e9 evaluador compuesto por la directora general de Pregrado, Giselle Escarpentier Feli\u00fa; el director del Instituto Tecnol\u00f3gico (ITEC) de la UPLA, Mauricio Hern\u00e1ndez Flores; la directora del campus San Felipe, Claudia Concha Erices; la directora general de Postgrado, Magdalena Dardel Coronado; la jefa de T\u00edtulos y Grados, M\u00f3nica Acu\u00f1a N\u00fa\u00f1ez; y la directora general de Vinculaci\u00f3n con el Medio, Fabiola Vilugr\u00f3n Aravena.<\/p>\n<p><a href=\"https:\/\/www.upla.cl\/noticias\/wp-content\/uploads\/2025\/12\/cristina_zapata.jpg\"><img loading=\"lazy\" decoding=\"async\" class=\"alignright size-medium wp-image-194044\" src=\"https:\/\/www.upla.cl\/noticias\/wp-content\/uploads\/2025\/12\/cristina_zapata-300x200.jpg\" alt=\"\" width=\"300\" height=\"200\" srcset=\"https:\/\/upla.cl\/noticias\/wp-content\/uploads\/2025\/12\/cristina_zapata-300x200.jpg 300w, https:\/\/upla.cl\/noticias\/wp-content\/uploads\/2025\/12\/cristina_zapata-1024x683.jpg 1024w, https:\/\/upla.cl\/noticias\/wp-content\/uploads\/2025\/12\/cristina_zapata-150x100.jpg 150w, https:\/\/upla.cl\/noticias\/wp-content\/uploads\/2025\/12\/cristina_zapata-768x512.jpg 768w, https:\/\/upla.cl\/noticias\/wp-content\/uploads\/2025\/12\/cristina_zapata-1536x1024.jpg 1536w, https:\/\/upla.cl\/noticias\/wp-content\/uploads\/2025\/12\/cristina_zapata.jpg 1920w\" sizes=\"auto, (max-width: 300px) 100vw, 300px\" \/><\/a>\u201cEl egresado o <strong>egresada Sello de la Universidad de Playa Ancha 2025<\/strong> es\u2026 \u00a1<strong>Cristina Zapata Zamorano<\/strong>!\u201d, se oy\u00f3 antes de que una verdadera ovaci\u00f3n se tomara el Aula F\u00e9lix Morales. Cristina es actualmente <strong>coordinadora de Participaci\u00f3n y Vinculaci\u00f3n Territorial del Servicio Local de Educaci\u00f3n P\u00fablica (SLEP) de Valpara\u00edso<\/strong>, particularmente en los sectores de Playa Ancha alto, Monted\u00f3nico, Puertas Negras y Joaqu\u00edn Edwards Bello.<\/p>\n<p>Ha enfocado su trayectoria en el fortalecimiento de los v\u00ednculos entre las escuelas y su entorno comunitario, impulsando diversas actividades territoriales y colaborativas que han promovido condiciones seguras para la ciudadan\u00eda, especialmente para ni\u00f1as, ni\u00f1os y adolescentes.<\/p>\n<p><a href=\"https:\/\/www.upla.cl\/noticias\/wp-content\/uploads\/2025\/12\/publico_ceremonia_-egresado_sello.jpg\"><img loading=\"lazy\" decoding=\"async\" class=\"alignright size-medium wp-image-194043\" src=\"https:\/\/www.upla.cl\/noticias\/wp-content\/uploads\/2025\/12\/publico_ceremonia_-egresado_sello-300x200.jpg\" alt=\"\" width=\"300\" height=\"200\" srcset=\"https:\/\/upla.cl\/noticias\/wp-content\/uploads\/2025\/12\/publico_ceremonia_-egresado_sello-300x200.jpg 300w, https:\/\/upla.cl\/noticias\/wp-content\/uploads\/2025\/12\/publico_ceremonia_-egresado_sello-1024x683.jpg 1024w, https:\/\/upla.cl\/noticias\/wp-content\/uploads\/2025\/12\/publico_ceremonia_-egresado_sello-150x100.jpg 150w, https:\/\/upla.cl\/noticias\/wp-content\/uploads\/2025\/12\/publico_ceremonia_-egresado_sello-768x512.jpg 768w, https:\/\/upla.cl\/noticias\/wp-content\/uploads\/2025\/12\/publico_ceremonia_-egresado_sello-1536x1024.jpg 1536w, https:\/\/upla.cl\/noticias\/wp-content\/uploads\/2025\/12\/publico_ceremonia_-egresado_sello.jpg 1920w\" sizes=\"auto, (max-width: 300px) 100vw, 300px\" \/><\/a>En ese marco, por ejemplo, ha trabajado fuertemente en la conducci\u00f3n de la Mesa Intersectorial \u00abEspacios Seguros y Protegidos\u00bb, y participado en consejos de Seguridad Comunal, procesos que han contribuido a la recuperaci\u00f3n progresiva de espacios comunitarios, a la mejora de las condiciones de seguridad y al fortalecimiento de redes institucionales.<\/p>\n<p>\u201cEste reconocimiento representa un orgullo y mucha gratitud hacia mi querida Universidad de Playa Ancha, que reforz\u00f3 en m\u00ed la determinaci\u00f3n, la convicci\u00f3n y la conciencia social, y sobre todo una mirada muy humana en el liderazgo\u201d, destaca Cristina Zapata. Y a\u00f1ade: \u201cLa instalaci\u00f3n de procesos e innovaciones en Valpara\u00edso, en situaciones de alto riesgo, principalmente en temas de seguridad, me moviliz\u00f3 y me hizo ir m\u00e1s all\u00e1 de mi profesi\u00f3n. Innovar, tomar conciencia y, sobre todo, perseverar en la lucha por el bien com\u00fan, me hizo iniciar un aprendizaje continuo. No fue f\u00e1cil, fue muy desafiante, pero la convicci\u00f3n y el respaldo de la red intersectorial, de los vecinos, me permitieron avanzar y lograr la recuperaci\u00f3n de territorios para que los ni\u00f1os y ni\u00f1as puedan estudiar como corresponde\u201d.<\/p>\n<div id='gallery-1' class='gallery galleryid-194023 gallery-columns-3 gallery-size-medium'><figure class='gallery-item'>\n\t\t\t<div class='gallery-icon landscape'>\n\t\t\t\t<a href='https:\/\/upla.cl\/noticias\/wp-content\/uploads\/2025\/12\/Fac.-Ciencias-Educacion.jpg'><img loading=\"lazy\" decoding=\"async\" width=\"300\" height=\"213\" src=\"https:\/\/upla.cl\/noticias\/wp-content\/uploads\/2025\/12\/Fac.-Ciencias-Educacion-300x213.jpg\" class=\"attachment-medium size-medium\" alt=\"\" srcset=\"https:\/\/upla.cl\/noticias\/wp-content\/uploads\/2025\/12\/Fac.-Ciencias-Educacion-300x213.jpg 300w, https:\/\/upla.cl\/noticias\/wp-content\/uploads\/2025\/12\/Fac.-Ciencias-Educacion-1024x725.jpg 1024w, https:\/\/upla.cl\/noticias\/wp-content\/uploads\/2025\/12\/Fac.-Ciencias-Educacion-150x106.jpg 150w, https:\/\/upla.cl\/noticias\/wp-content\/uploads\/2025\/12\/Fac.-Ciencias-Educacion-768x544.jpg 768w, https:\/\/upla.cl\/noticias\/wp-content\/uploads\/2025\/12\/Fac.-Ciencias-Educacion-1536x1088.jpg 1536w, https:\/\/upla.cl\/noticias\/wp-content\/uploads\/2025\/12\/Fac.-Ciencias-Educacion.jpg 1920w\" sizes=\"auto, (max-width: 300px) 100vw, 300px\" \/><\/a>\n\t\t\t<\/div><\/figure><figure class='gallery-item'>\n\t\t\t<div class='gallery-icon landscape'>\n\t\t\t\t<a href='https:\/\/upla.cl\/noticias\/wp-content\/uploads\/2025\/12\/Fac.-Humanidades.jpg'><img loading=\"lazy\" decoding=\"async\" width=\"300\" height=\"191\" src=\"https:\/\/upla.cl\/noticias\/wp-content\/uploads\/2025\/12\/Fac.-Humanidades-300x191.jpg\" class=\"attachment-medium size-medium\" alt=\"\" srcset=\"https:\/\/upla.cl\/noticias\/wp-content\/uploads\/2025\/12\/Fac.-Humanidades-300x191.jpg 300w, https:\/\/upla.cl\/noticias\/wp-content\/uploads\/2025\/12\/Fac.-Humanidades-1024x653.jpg 1024w, https:\/\/upla.cl\/noticias\/wp-content\/uploads\/2025\/12\/Fac.-Humanidades-150x96.jpg 150w, https:\/\/upla.cl\/noticias\/wp-content\/uploads\/2025\/12\/Fac.-Humanidades-768x490.jpg 768w, https:\/\/upla.cl\/noticias\/wp-content\/uploads\/2025\/12\/Fac.-Humanidades-1536x979.jpg 1536w, https:\/\/upla.cl\/noticias\/wp-content\/uploads\/2025\/12\/Fac.-Humanidades.jpg 1920w\" sizes=\"auto, (max-width: 300px) 100vw, 300px\" \/><\/a>\n\t\t\t<\/div><\/figure><figure class='gallery-item'>\n\t\t\t<div class='gallery-icon landscape'>\n\t\t\t\t<a href='https:\/\/upla.cl\/noticias\/wp-content\/uploads\/2025\/12\/ITEC.jpg'><img loading=\"lazy\" decoding=\"async\" width=\"300\" height=\"206\" src=\"https:\/\/upla.cl\/noticias\/wp-content\/uploads\/2025\/12\/ITEC-300x206.jpg\" class=\"attachment-medium size-medium\" alt=\"\" srcset=\"https:\/\/upla.cl\/noticias\/wp-content\/uploads\/2025\/12\/ITEC-300x206.jpg 300w, https:\/\/upla.cl\/noticias\/wp-content\/uploads\/2025\/12\/ITEC-1024x705.jpg 1024w, https:\/\/upla.cl\/noticias\/wp-content\/uploads\/2025\/12\/ITEC-150x103.jpg 150w, https:\/\/upla.cl\/noticias\/wp-content\/uploads\/2025\/12\/ITEC-768x528.jpg 768w, https:\/\/upla.cl\/noticias\/wp-content\/uploads\/2025\/12\/ITEC-1536x1057.jpg 1536w, https:\/\/upla.cl\/noticias\/wp-content\/uploads\/2025\/12\/ITEC-110x75.jpg 110w, https:\/\/upla.cl\/noticias\/wp-content\/uploads\/2025\/12\/ITEC.jpg 1920w\" sizes=\"auto, (max-width: 300px) 100vw, 300px\" \/><\/a>\n\t\t\t<\/div><\/figure><figure class='gallery-item'>\n\t\t\t<div class='gallery-icon landscape'>\n\t\t\t\t<a href='https:\/\/upla.cl\/noticias\/wp-content\/uploads\/2025\/12\/Fac.-Ingenieria.jpg'><img loading=\"lazy\" decoding=\"async\" width=\"300\" height=\"196\" src=\"https:\/\/upla.cl\/noticias\/wp-content\/uploads\/2025\/12\/Fac.-Ingenieria-300x196.jpg\" class=\"attachment-medium size-medium\" alt=\"\" srcset=\"https:\/\/upla.cl\/noticias\/wp-content\/uploads\/2025\/12\/Fac.-Ingenieria-300x196.jpg 300w, https:\/\/upla.cl\/noticias\/wp-content\/uploads\/2025\/12\/Fac.-Ingenieria-1024x670.jpg 1024w, https:\/\/upla.cl\/noticias\/wp-content\/uploads\/2025\/12\/Fac.-Ingenieria-150x98.jpg 150w, https:\/\/upla.cl\/noticias\/wp-content\/uploads\/2025\/12\/Fac.-Ingenieria-768x502.jpg 768w, https:\/\/upla.cl\/noticias\/wp-content\/uploads\/2025\/12\/Fac.-Ingenieria-1536x1005.jpg 1536w, https:\/\/upla.cl\/noticias\/wp-content\/uploads\/2025\/12\/Fac.-Ingenieria.jpg 1920w\" sizes=\"auto, (max-width: 300px) 100vw, 300px\" \/><\/a>\n\t\t\t<\/div><\/figure><figure class='gallery-item'>\n\t\t\t<div class='gallery-icon landscape'>\n\t\t\t\t<a href='https:\/\/upla.cl\/noticias\/wp-content\/uploads\/2025\/12\/Fac.-Cs.-Sociales.jpg'><img loading=\"lazy\" decoding=\"async\" width=\"300\" height=\"198\" src=\"https:\/\/upla.cl\/noticias\/wp-content\/uploads\/2025\/12\/Fac.-Cs.-Sociales-300x198.jpg\" class=\"attachment-medium size-medium\" alt=\"\" srcset=\"https:\/\/upla.cl\/noticias\/wp-content\/uploads\/2025\/12\/Fac.-Cs.-Sociales-300x198.jpg 300w, https:\/\/upla.cl\/noticias\/wp-content\/uploads\/2025\/12\/Fac.-Cs.-Sociales-1024x676.jpg 1024w, https:\/\/upla.cl\/noticias\/wp-content\/uploads\/2025\/12\/Fac.-Cs.-Sociales-150x99.jpg 150w, https:\/\/upla.cl\/noticias\/wp-content\/uploads\/2025\/12\/Fac.-Cs.-Sociales-768x507.jpg 768w, https:\/\/upla.cl\/noticias\/wp-content\/uploads\/2025\/12\/Fac.-Cs.-Sociales-1536x1014.jpg 1536w, https:\/\/upla.cl\/noticias\/wp-content\/uploads\/2025\/12\/Fac.-Cs.-Sociales-310x205.jpg 310w, https:\/\/upla.cl\/noticias\/wp-content\/uploads\/2025\/12\/Fac.-Cs.-Sociales.jpg 1920w\" sizes=\"auto, (max-width: 300px) 100vw, 300px\" \/><\/a>\n\t\t\t<\/div><\/figure><figure class='gallery-item'>\n\t\t\t<div class='gallery-icon landscape'>\n\t\t\t\t<a href='https:\/\/upla.cl\/noticias\/wp-content\/uploads\/2025\/12\/Fac.-Cs.-Salud.jpg'><img loading=\"lazy\" decoding=\"async\" width=\"300\" height=\"204\" src=\"https:\/\/upla.cl\/noticias\/wp-content\/uploads\/2025\/12\/Fac.-Cs.-Salud-300x204.jpg\" class=\"attachment-medium size-medium\" alt=\"\" srcset=\"https:\/\/upla.cl\/noticias\/wp-content\/uploads\/2025\/12\/Fac.-Cs.-Salud-300x204.jpg 300w, https:\/\/upla.cl\/noticias\/wp-content\/uploads\/2025\/12\/Fac.-Cs.-Salud-1024x696.jpg 1024w, https:\/\/upla.cl\/noticias\/wp-content\/uploads\/2025\/12\/Fac.-Cs.-Salud-150x102.jpg 150w, https:\/\/upla.cl\/noticias\/wp-content\/uploads\/2025\/12\/Fac.-Cs.-Salud-768x522.jpg 768w, https:\/\/upla.cl\/noticias\/wp-content\/uploads\/2025\/12\/Fac.-Cs.-Salud-1536x1044.jpg 1536w, https:\/\/upla.cl\/noticias\/wp-content\/uploads\/2025\/12\/Fac.-Cs.-Salud-110x75.jpg 110w, https:\/\/upla.cl\/noticias\/wp-content\/uploads\/2025\/12\/Fac.-Cs.-Salud.jpg 1920w\" sizes=\"auto, (max-width: 300px) 100vw, 300px\" \/><\/a>\n\t\t\t<\/div><\/figure><figure class='gallery-item'>\n\t\t\t<div class='gallery-icon landscape'>\n\t\t\t\t<a href='https:\/\/upla.cl\/noticias\/wp-content\/uploads\/2025\/12\/Fac.-Cs.-Actividad-Fisica-y-Deporte.jpg'><img loading=\"lazy\" decoding=\"async\" width=\"300\" height=\"215\" src=\"https:\/\/upla.cl\/noticias\/wp-content\/uploads\/2025\/12\/Fac.-Cs.-Actividad-Fisica-y-Deporte-300x215.jpg\" class=\"attachment-medium size-medium\" alt=\"\" srcset=\"https:\/\/upla.cl\/noticias\/wp-content\/uploads\/2025\/12\/Fac.-Cs.-Actividad-Fisica-y-Deporte-300x215.jpg 300w, https:\/\/upla.cl\/noticias\/wp-content\/uploads\/2025\/12\/Fac.-Cs.-Actividad-Fisica-y-Deporte-1024x735.jpg 1024w, https:\/\/upla.cl\/noticias\/wp-content\/uploads\/2025\/12\/Fac.-Cs.-Actividad-Fisica-y-Deporte-150x108.jpg 150w, https:\/\/upla.cl\/noticias\/wp-content\/uploads\/2025\/12\/Fac.-Cs.-Actividad-Fisica-y-Deporte-768x552.jpg 768w, https:\/\/upla.cl\/noticias\/wp-content\/uploads\/2025\/12\/Fac.-Cs.-Actividad-Fisica-y-Deporte-1536x1103.jpg 1536w, https:\/\/upla.cl\/noticias\/wp-content\/uploads\/2025\/12\/Fac.-Cs.-Actividad-Fisica-y-Deporte.jpg 1920w\" sizes=\"auto, (max-width: 300px) 100vw, 300px\" \/><\/a>\n\t\t\t<\/div><\/figure><figure class='gallery-item'>\n\t\t\t<div class='gallery-icon landscape'>\n\t\t\t\t<a href='https:\/\/upla.cl\/noticias\/wp-content\/uploads\/2025\/12\/Fac.-Arte.jpg'><img loading=\"lazy\" decoding=\"async\" width=\"300\" height=\"206\" src=\"https:\/\/upla.cl\/noticias\/wp-content\/uploads\/2025\/12\/Fac.-Arte-300x206.jpg\" class=\"attachment-medium size-medium\" alt=\"\" srcset=\"https:\/\/upla.cl\/noticias\/wp-content\/uploads\/2025\/12\/Fac.-Arte-300x206.jpg 300w, https:\/\/upla.cl\/noticias\/wp-content\/uploads\/2025\/12\/Fac.-Arte-1024x705.jpg 1024w, https:\/\/upla.cl\/noticias\/wp-content\/uploads\/2025\/12\/Fac.-Arte-150x103.jpg 150w, https:\/\/upla.cl\/noticias\/wp-content\/uploads\/2025\/12\/Fac.-Arte-768x528.jpg 768w, https:\/\/upla.cl\/noticias\/wp-content\/uploads\/2025\/12\/Fac.-Arte-1536x1057.jpg 1536w, https:\/\/upla.cl\/noticias\/wp-content\/uploads\/2025\/12\/Fac.-Arte-110x75.jpg 110w, https:\/\/upla.cl\/noticias\/wp-content\/uploads\/2025\/12\/Fac.-Arte.jpg 1920w\" sizes=\"auto, (max-width: 300px) 100vw, 300px\" \/><\/a>\n\t\t\t<\/div><\/figure><figure class='gallery-item'>\n\t\t\t<div class='gallery-icon landscape'>\n\t\t\t\t<a href='https:\/\/upla.cl\/noticias\/wp-content\/uploads\/2025\/12\/Campus-San-Felipe.jpg'><img loading=\"lazy\" decoding=\"async\" width=\"300\" height=\"191\" src=\"https:\/\/upla.cl\/noticias\/wp-content\/uploads\/2025\/12\/Campus-San-Felipe-300x191.jpg\" class=\"attachment-medium size-medium\" alt=\"\" srcset=\"https:\/\/upla.cl\/noticias\/wp-content\/uploads\/2025\/12\/Campus-San-Felipe-300x191.jpg 300w, https:\/\/upla.cl\/noticias\/wp-content\/uploads\/2025\/12\/Campus-San-Felipe-1024x653.jpg 1024w, https:\/\/upla.cl\/noticias\/wp-content\/uploads\/2025\/12\/Campus-San-Felipe-150x96.jpg 150w, https:\/\/upla.cl\/noticias\/wp-content\/uploads\/2025\/12\/Campus-San-Felipe-768x490.jpg 768w, https:\/\/upla.cl\/noticias\/wp-content\/uploads\/2025\/12\/Campus-San-Felipe-1536x979.jpg 1536w, https:\/\/upla.cl\/noticias\/wp-content\/uploads\/2025\/12\/Campus-San-Felipe.jpg 1920w\" sizes=\"auto, (max-width: 300px) 100vw, 300px\" \/><\/a>\n\t\t\t<\/div><\/figure>\n\t\t<\/div>\n\n<p><iframe loading=\"lazy\" title=\"YouTube video player\" src=\"https:\/\/www.youtube.com\/embed\/2y1gQq2ysQo?si=X1J1BvJnFjtlbn73\" width=\"560\" height=\"315\" frameborder=\"0\" allowfullscreen=\"allowfullscreen\"><\/iframe><\/p>\n<p>Fuente: Daniel Labb\u00e9 Y., periodista Direcci\u00f3n General de Vinculaci\u00f3n con el Medio \/ Campus San Felipe<\/p>\n","protected":false},"excerpt":{"rendered":"<p>La Universidad de Playa Ancha premi\u00f3 a exestudiantes, haci\u00e9ndose merecedora del principal reconocimiento la profesional del SLEP Valpara\u00edso, Cristina Zapata Zamorano.<\/p>\n","protected":false},"author":10,"featured_media":194047,"comment_status":"closed","ping_status":"open","sticky":false,"template":"","format":"standard","meta":{"footnotes":""},"categories":[51,96,40,69,71,72,73,74,75,76,77,78,742,91],"tags":[],"class_list":["post-194023","post","type-post","status-publish","format-standard","has-post-thumbnail","","category-academia","category-academicos","category-destacados","category-egresados","category-facultad-de-arte","category-facultad-de-ciencias-actividad-fisica-y-deporte","category-facultad-de-ciencias-de-la-educacion","category-facultad-de-ciencias-de-la-salud","category-facultad-de-ciencias-naturales-y-exactas","category-facultad-de-ciencias-sociales","category-facultad-de-humanidades","category-facultad-de-ingenieria","category-pedagogia-en-biologia-y-ciencias","category-vinculacion-con-el-medio"],"_links":{"self":[{"href":"https:\/\/upla.cl\/noticias\/wp-json\/wp\/v2\/posts\/194023","targetHints":{"allow":["GET"]}}],"collection":[{"href":"https:\/\/upla.cl\/noticias\/wp-json\/wp\/v2\/posts"}],"about":[{"href":"https:\/\/upla.cl\/noticias\/wp-json\/wp\/v2\/types\/post"}],"author":[{"embeddable":true,"href":"https:\/\/upla.cl\/noticias\/wp-json\/wp\/v2\/users\/10"}],"replies":[{"embeddable":true,"href":"https:\/\/upla.cl\/noticias\/wp-json\/wp\/v2\/comments?post=194023"}],"version-history":[{"count":2,"href":"https:\/\/upla.cl\/noticias\/wp-json\/wp\/v2\/posts\/194023\/revisions"}],"predecessor-version":[{"id":194052,"href":"https:\/\/upla.cl\/noticias\/wp-json\/wp\/v2\/posts\/194023\/revisions\/194052"}],"wp:featuredmedia":[{"embeddable":true,"href":"https:\/\/upla.cl\/noticias\/wp-json\/wp\/v2\/media\/194047"}],"wp:attachment":[{"href":"https:\/\/upla.cl\/noticias\/wp-json\/wp\/v2\/media?parent=194023"}],"wp:term":[{"taxonomy":"category","embeddable":true,"href":"https:\/\/upla.cl\/noticias\/wp-json\/wp\/v2\/categories?post=194023"},{"taxonomy":"post_tag","embeddable":true,"href":"https:\/\/upla.cl\/noticias\/wp-json\/wp\/v2\/tags?post=194023"}],"curies":[{"name":"wp","href":"https:\/\/api.w.org\/{rel}","templated":true}]}}