{"id":194076,"date":"2025-12-18T00:01:01","date_gmt":"2025-12-18T03:01:01","guid":{"rendered":"https:\/\/www.upla.cl\/noticias\/?p=194076"},"modified":"2025-12-17T16:55:00","modified_gmt":"2025-12-17T19:55:00","slug":"upla-abre-concurso-publico-para-contratacion-de-academicos-para-la-carrera-de-derecho","status":"publish","type":"post","link":"https:\/\/upla.cl\/noticias\/2025\/12\/18\/upla-abre-concurso-publico-para-contratacion-de-academicos-para-la-carrera-de-derecho\/","title":{"rendered":"UPLA abre concurso p\u00fablico para contrataci\u00f3n de acad\u00e9micos para la carrera de Derecho"},"content":{"rendered":"<p>La <strong>Universidad de Playa Ancha<\/strong> llama a concurso p\u00fablico para proveer <strong>cinco cargos de acad\u00e9micos y acad\u00e9micas para la carrera de Derecho<\/strong>, dependiente de la Facultad de Ciencias Sociales, seg\u00fan bases aprobadas por el <a href=\"https:\/\/www.upla.cl\/noticias\/wp-content\/uploads\/2025\/12\/Decreto-Exento-1494-2025-Bases-concurso-publico-Proveer-cargos-academicos-contrata-Fac.-Cs.-Sociales.pdf\"><strong>Decreto Exento N\u00ba 1494\/2025<\/strong><\/a>.<\/p>\n<p>Los nombramientos ser\u00e1n en calidad de contrata a contar de marzo de 2026 hasta diciembre de 2026, sujetos a evaluaci\u00f3n para la renovaci\u00f3n del contrato, seg\u00fan las condiciones y plazas establecidos en la normativa interna de la universidad. Por lo tanto, los y las postulantes deben tener disponibilidad para asumir la plaza a partir de marzo de 2026 de manera presencial.<\/p>\n<p>Los acad\u00e9micos y acad\u00e9micas que postulen deber\u00e1n cumplir con los requisitos para ingresar a la Administraci\u00f3n del Estado, se\u00f1alados en los art\u00edculos 12\u00b0 y 13\u00b0 del Estatuto Administrativo y en el art\u00edculo 7\u00b0 del Reglamento de Concursos del Personal Acad\u00e9mico de la Universidad de Playa Ancha de Ciencias de la Educaci\u00f3n, aprobado por Decreto N\u00b0 238 de 2012 de Rector\u00eda, as\u00ed como los requisitos espec\u00edficos para cada cargo que se convoca.<\/p>\n<p>Para las cinco vacantes se busca a profesionales con <strong>t\u00edtulo de abogado o abogada<\/strong>, con licenciatura en Ciencias Jur\u00eddicas, en Ciencias Jur\u00eddicas y Sociales o en Derecho. Otras especializaciones, grados acad\u00e9micos (mag\u00edster, doctor) o experiencia pueden ser deseables o requeridos en los distintos casos.\u00a0Solo el Cargo N\u00ba 5 es a jornada completa, siendo los restantes de media jornada. Mayores detalles se encuentran en las bases del concurso, descargables m\u00e1s abajo.<\/p>\n<p>Los y las postulantes deben completar y enviar el formulario de postulaci\u00f3n y el curr\u00edculum normalizado (descargables m\u00e1s abajo), de acuerdo con el perfil del cargo al cual postula. Estos documentos y todos los antecedentes solicitados deben ser remitidos v\u00eda correo tradicional dirigido a la Secretar\u00eda de Facultad de Ciencias Sociales o entregados presencialmente en la Oficina de Partes (ambas en Avenida Playa Ancha 850, Valpara\u00edso), <strong>desde el jueves 18 de diciembre de 2025 al viernes 9 de enero de 2026<\/strong>.<\/p>\n<h5><strong>Archivos descargables<\/strong><\/h5>\n<ul>\n<li>Bases de la convocatoria (<a href=\"https:\/\/www.upla.cl\/noticias\/wp-content\/uploads\/2025\/12\/Decreto-Exento-1494-2025-Bases-concurso-publico-Proveer-cargos-academicos-contrata-Fac.-Cs.-Sociales.pdf\"><strong>Decreto Exento N\u00ba 1494\/2025<\/strong><\/a>)<\/li>\n<li>Anexo 1: <a href=\"https:\/\/www.upla.cl\/noticias\/wp-content\/uploads\/2025\/12\/ANEXO-N\u00b0-1-Declacion-Jurada_FACSO.docx\"><strong>declaraci\u00f3n jurada simple<\/strong><\/a><\/li>\n<li>Anexo 2: <a href=\"https:\/\/www.upla.cl\/noticias\/wp-content\/uploads\/2025\/12\/CV_Formato-UPLA_FACSO.docx\"><strong>formato de CV normalizado<\/strong><\/a><\/li>\n<li>Anexo 3: <a href=\"https:\/\/www.upla.cl\/noticias\/wp-content\/uploads\/2025\/12\/FORMULARIO-DE-POSTULACION-2025_FACSO.docx\"><strong>formulario de postulaci\u00f3n<\/strong><\/a><\/li>\n<\/ul>\n","protected":false},"excerpt":{"rendered":"<p>Se requieren abogados y abogadas para trabajo a contrata entre marzo y diciembre de 2026. Las postulaciones est\u00e1n abiertas hasta el 7 de enero de 2026.<\/p>\n","protected":false},"author":4,"featured_media":189090,"comment_status":"closed","ping_status":"open","sticky":false,"template":"","format":"standard","meta":{"footnotes":""},"categories":[96,76,98],"tags":[],"class_list":["post-194076","post","type-post","status-publish","format-standard","has-post-thumbnail","","category-academicos","category-facultad-de-ciencias-sociales","category-gestion"],"_links":{"self":[{"href":"https:\/\/upla.cl\/noticias\/wp-json\/wp\/v2\/posts\/194076","targetHints":{"allow":["GET"]}}],"collection":[{"href":"https:\/\/upla.cl\/noticias\/wp-json\/wp\/v2\/posts"}],"about":[{"href":"https:\/\/upla.cl\/noticias\/wp-json\/wp\/v2\/types\/post"}],"author":[{"embeddable":true,"href":"https:\/\/upla.cl\/noticias\/wp-json\/wp\/v2\/users\/4"}],"replies":[{"embeddable":true,"href":"https:\/\/upla.cl\/noticias\/wp-json\/wp\/v2\/comments?post=194076"}],"version-history":[{"count":2,"href":"https:\/\/upla.cl\/noticias\/wp-json\/wp\/v2\/posts\/194076\/revisions"}],"predecessor-version":[{"id":194207,"href":"https:\/\/upla.cl\/noticias\/wp-json\/wp\/v2\/posts\/194076\/revisions\/194207"}],"wp:featuredmedia":[{"embeddable":true,"href":"https:\/\/upla.cl\/noticias\/wp-json\/wp\/v2\/media\/189090"}],"wp:attachment":[{"href":"https:\/\/upla.cl\/noticias\/wp-json\/wp\/v2\/media?parent=194076"}],"wp:term":[{"taxonomy":"category","embeddable":true,"href":"https:\/\/upla.cl\/noticias\/wp-json\/wp\/v2\/categories?post=194076"},{"taxonomy":"post_tag","embeddable":true,"href":"https:\/\/upla.cl\/noticias\/wp-json\/wp\/v2\/tags?post=194076"}],"curies":[{"name":"wp","href":"https:\/\/api.w.org\/{rel}","templated":true}]}}