{"id":194253,"date":"2025-12-18T11:21:02","date_gmt":"2025-12-18T14:21:02","guid":{"rendered":"https:\/\/upla.cl\/noticias\/?p=194253"},"modified":"2025-12-22T11:29:02","modified_gmt":"2025-12-22T14:29:02","slug":"estudiantes-de-sociologia-upla-culminan-proyecto-de-aprendizaje-y-servicio-junto-a-espacio-cultural-valparaiso-profundo","status":"publish","type":"post","link":"https:\/\/upla.cl\/noticias\/2025\/12\/18\/estudiantes-de-sociologia-upla-culminan-proyecto-de-aprendizaje-y-servicio-junto-a-espacio-cultural-valparaiso-profundo\/","title":{"rendered":"Estudiantes de Sociolog\u00eda UPLA culminan proyecto de Aprendizaje y Servicio junto a espacio cultural Valpara\u00edso Profundo"},"content":{"rendered":"<p><a href=\"https:\/\/upla.cl\/noticias\/wp-content\/uploads\/2025\/12\/sociologia_destacada.jpg\"><img loading=\"lazy\" decoding=\"async\" class=\"aligncenter size-large wp-image-194257\" src=\"https:\/\/upla.cl\/noticias\/wp-content\/uploads\/2025\/12\/sociologia_destacada-1024x683.jpg\" alt=\"\" width=\"618\" height=\"412\" srcset=\"https:\/\/upla.cl\/noticias\/wp-content\/uploads\/2025\/12\/sociologia_destacada-1024x683.jpg 1024w, https:\/\/upla.cl\/noticias\/wp-content\/uploads\/2025\/12\/sociologia_destacada-300x200.jpg 300w, https:\/\/upla.cl\/noticias\/wp-content\/uploads\/2025\/12\/sociologia_destacada-150x100.jpg 150w, https:\/\/upla.cl\/noticias\/wp-content\/uploads\/2025\/12\/sociologia_destacada-768x512.jpg 768w, https:\/\/upla.cl\/noticias\/wp-content\/uploads\/2025\/12\/sociologia_destacada-1536x1024.jpg 1536w, https:\/\/upla.cl\/noticias\/wp-content\/uploads\/2025\/12\/sociologia_destacada.jpg 1920w\" sizes=\"auto, (max-width: 618px) 100vw, 618px\" \/><\/a><\/p>\n<p>Con actividades en terreno, trabajo colaborativo y un fuerte enfoque territorial, estudiantes de la carrera de <a href=\"https:\/\/upla.cl\/facultad\/cienciassociales\/sociologia\/\"><strong>Sociolog\u00eda<\/strong><\/a> de la Universidad de Playa Ancha finalizaron el<strong> proyecto \u201cDocencia con enfoque de Vinculaci\u00f3n con el Medio en Poblaci\u00f3n y Desarrollo Sustentable: Inclusi\u00f3n, territorio y formaci\u00f3n sociol\u00f3gica\u201d<\/strong>, iniciativa financiada por el <strong>Fondo de Metodolog\u00edas Activas para la Vinculaci\u00f3n con el Medio UPLA<\/strong>, impulsado por la Direcci\u00f3n General de Vinculaci\u00f3n con el Medio.<\/p>\n<p>La experiencia se desarroll\u00f3 en el marco de la asignatura Poblaci\u00f3n y Desarrollo Sustentable, correspondiente al sexto semestre de la carrera, y tuvo como eje la implementaci\u00f3n del Aprendizaje y Servicio (ApS) como metodolog\u00eda activa, permitiendo articular contenidos te\u00f3ricos de la demograf\u00eda con un entorno territorial real: el centro cultural comunitario Valpara\u00edso Profundo, ubicado en los hist\u00f3ricos Ba\u00f1os del Almendro, en el Cerro Concepci\u00f3n.<\/p>\n<p>Durante el semestre, las y los estudiantes realizaron visitas progresivas al espacio cultural, desarrollando observaci\u00f3n participante, levantamiento de informaci\u00f3n, an\u00e1lisis socioterritorial y elaboraci\u00f3n de productos con pertinencia local, en un proceso de vinculaci\u00f3n bidireccional y horizontal con la comunidad.<\/p>\n<h4><strong>Aprendizaje situado y servicio a la comunidad<\/strong><\/h4>\n<p><a href=\"https:\/\/upla.cl\/noticias\/wp-content\/uploads\/2025\/12\/sociologia_3.jpg\"><img loading=\"lazy\" decoding=\"async\" class=\"alignright size-medium wp-image-194256\" src=\"https:\/\/upla.cl\/noticias\/wp-content\/uploads\/2025\/12\/sociologia_3-300x200.jpg\" alt=\"\" width=\"300\" height=\"200\" srcset=\"https:\/\/upla.cl\/noticias\/wp-content\/uploads\/2025\/12\/sociologia_3-300x200.jpg 300w, https:\/\/upla.cl\/noticias\/wp-content\/uploads\/2025\/12\/sociologia_3-1024x683.jpg 1024w, https:\/\/upla.cl\/noticias\/wp-content\/uploads\/2025\/12\/sociologia_3-150x100.jpg 150w, https:\/\/upla.cl\/noticias\/wp-content\/uploads\/2025\/12\/sociologia_3-768x512.jpg 768w, https:\/\/upla.cl\/noticias\/wp-content\/uploads\/2025\/12\/sociologia_3-1536x1024.jpg 1536w, https:\/\/upla.cl\/noticias\/wp-content\/uploads\/2025\/12\/sociologia_3.jpg 1920w\" sizes=\"auto, (max-width: 300px) 100vw, 300px\" \/><\/a>El<strong> acad\u00e9mico responsable de la asignatura, Sebasti\u00e1n Herrera<\/strong>, destac\u00f3 el valor formativo de la iniciativa y el aporte de las metodolog\u00edas activas al proceso de ense\u00f1anza-aprendizaje.<\/p>\n<p>\u201cLa asignatura Poblaci\u00f3n y Desarrollo Sustentable tiene un fuerte componente te\u00f3rico dentro del \u00e1rea de la demograf\u00eda. Aplicar esta convocatoria de metodolog\u00edas activas situadas fortalece el aprendizaje y nos permite trabajar desde el Aprendizaje y Servicio, que consiste en c\u00f3mo podemos prestar un servicio a una organizaci\u00f3n, en<br \/>\neste caso CEPIA Valpara\u00edso Profundo, para que los estudiantes tengan un aprendizaje situado, emp\u00edrico y concreto con la realidad territorial de la regi\u00f3n y la comuna de Valpara\u00edso\u201d, expres\u00f3.<\/p>\n<p>Desde el espacio comunitario, la <strong>directora de Valpara\u00edso Profundo, Alejandra Jim\u00e9nez Silva<\/strong>, valor\u00f3 el proceso desarrollado junto a la universidad y explic\u00f3 el desaf\u00edo que motiva el trabajo colaborativo.<\/p>\n<p>\u201cVamos a mostrarles un problema que tenemos, un conflicto que queremos que ellos nos ayuden a desarrollar: por qu\u00e9 los j\u00f3venes no est\u00e1n asistiendo a actividades culturales como teatro, m\u00fasica o artes visuales. Creemos que no es solo de este espacio, sino algo transversal, y queremos encontrar respuestas y soluciones a trav\u00e9s<br \/>\nde un estudio m\u00e1s acabado\u201d, indic\u00f3.<\/p>\n<p>En una de las jornadas realizadas en la galer\u00eda, las y los estudiantes participaron adem\u00e1s en un ejercicio corporal guiado por la directora, incorporando din\u00e1micas de movimiento, estiramiento y juegos l\u00fadicos orientados al trabajo en equipo y la activaci\u00f3n colectiva.<\/p>\n<p>\u201cLas ciencias sociales muchas veces est\u00e1n solo en la cabeza y se olvidan del cuerpo, que es primordial. Mover el cuerpo nos prepara para recibir lo que viene despu\u00e9s, para el trabajo m\u00e1s reflexivo\u201d, coment\u00f3 Jim\u00e9nez.<\/p>\n<h5><strong>Voces estudiantiles y compromiso p\u00fablico<\/strong><\/h5>\n<p><a href=\"https:\/\/upla.cl\/noticias\/wp-content\/uploads\/2025\/12\/sociologia_1.jpg\"><img loading=\"lazy\" decoding=\"async\" class=\"alignright size-medium wp-image-194260\" src=\"https:\/\/upla.cl\/noticias\/wp-content\/uploads\/2025\/12\/sociologia_1-300x200.jpg\" alt=\"\" width=\"300\" height=\"200\" srcset=\"https:\/\/upla.cl\/noticias\/wp-content\/uploads\/2025\/12\/sociologia_1-300x200.jpg 300w, https:\/\/upla.cl\/noticias\/wp-content\/uploads\/2025\/12\/sociologia_1-1024x683.jpg 1024w, https:\/\/upla.cl\/noticias\/wp-content\/uploads\/2025\/12\/sociologia_1-150x100.jpg 150w, https:\/\/upla.cl\/noticias\/wp-content\/uploads\/2025\/12\/sociologia_1-768x512.jpg 768w, https:\/\/upla.cl\/noticias\/wp-content\/uploads\/2025\/12\/sociologia_1-1536x1024.jpg 1536w, https:\/\/upla.cl\/noticias\/wp-content\/uploads\/2025\/12\/sociologia_1.jpg 1920w\" sizes=\"auto, (max-width: 300px) 100vw, 300px\" \/><\/a>La experiencia fue enriquecida con el testimonio de <strong><a href=\"https:\/\/upla.cl\/facultad\/cienciassociales\/psicologia\/\">Macarena Hern\u00e1ndez<\/a>, estudiante de<a href=\"https:\/\/upla.cl\/facultad\/cienciassociales\/psicologia\/\"> Psicolog\u00eda<\/a> UPLA,<\/strong> quien comparti\u00f3 con el grupo su investigaci\u00f3n titulada \u201cVinculaci\u00f3n con el p\u00fablico joven: Valpara\u00edso Profundo como un espacio de acceso al arte\u201d, desarrollada durante un a\u00f1o en el centro cultural. \u201cDesde las universidades estatales es muy importante poner el conocimiento al servicio de la comunidad. La sociedad se entreteje en redes y es fundamental articular centros de estudio con espacios comunitarios y culturales. Es una postura \u00e9tica, pero tambi\u00e9n pol\u00edtica\u201d, se\u00f1al\u00f3.<\/p>\n<p>Desde la mirada del estudiantado participante,<strong> Aylin Rojas, estudiante de tercer a\u00f1o de Sociolog\u00eda UPLA<\/strong>, destac\u00f3 el impacto formativo del proyecto. \u201cUna experiencia como la que estamos realizando en Valpara\u00edso Profundo fortalece mi formaci\u00f3n profesional porque me permite aplicar los contenidos desarrollados y tambi\u00e9n contribuye a desarrollar habilidades fundamentales para mi formaci\u00f3n como soci\u00f3loga, como la escucha, el an\u00e1lisis cr\u00edtico y el trabajo colaborativo, reforzando una mirada \u00e9tica y comprometida con la realidad social\u201d, afirm\u00f3.<\/p>\n<p>El cierre del proyecto se realizar\u00e1 el<strong> viernes 19 de diciembre, a las 12:00 horas,<\/strong> en la <strong>Galer\u00eda CEPIA \u2013 Valpara\u00edso<\/strong> Profundo, ubicada en Pasaje Fischer 18, Cerro Concepci\u00f3n, Valpara\u00edso, instancia en la que se presentar\u00e1n los resultados del trabajo desarrollado por los equipos estudiantiles a la comunidad del centro cultural.<\/p>\n<p>Esta iniciativa refleja el compromiso de la Universidad de Playa Ancha con una docencia con enfoque de Vinculaci\u00f3n con el Medio, fortaleciendo la formaci\u00f3n profesional mediante metodolog\u00edas activas, aprendizaje situado y relaciones colaborativas con actores territoriales relevantes, en coherencia con su misi\u00f3n p\u00fablica y su pol\u00edtica institucional.<\/p>\n<p><em>Fuente: Javiera Arrate Molinari, periodista Direcci\u00f3n General de Vinculaci\u00f3n con el Medio.<\/em><\/p>\n","protected":false},"excerpt":{"rendered":"<p>Profundo, en el marco del Fondo de Metodolog\u00edas Activas para la Vinculaci\u00f3n con el Medio UPLA, impulsado por la Direcci\u00f3n General de Vinculaci\u00f3n con el Medio. La iniciativa, realizada en la asignatura Poblaci\u00f3n y Desarrollo Sustentable, permiti\u00f3 articular contenidos te\u00f3ricos con trabajo territorial.<\/p>\n","protected":false},"author":10,"featured_media":194257,"comment_status":"closed","ping_status":"open","sticky":false,"template":"","format":"standard","meta":{"footnotes":""},"categories":[51,96,40,101,97,76,91],"tags":[],"class_list":["post-194253","post","type-post","status-publish","format-standard","has-post-thumbnail","","category-academia","category-academicos","category-destacados","category-docencia","category-estudiantes","category-facultad-de-ciencias-sociales","category-vinculacion-con-el-medio"],"_links":{"self":[{"href":"https:\/\/upla.cl\/noticias\/wp-json\/wp\/v2\/posts\/194253","targetHints":{"allow":["GET"]}}],"collection":[{"href":"https:\/\/upla.cl\/noticias\/wp-json\/wp\/v2\/posts"}],"about":[{"href":"https:\/\/upla.cl\/noticias\/wp-json\/wp\/v2\/types\/post"}],"author":[{"embeddable":true,"href":"https:\/\/upla.cl\/noticias\/wp-json\/wp\/v2\/users\/10"}],"replies":[{"embeddable":true,"href":"https:\/\/upla.cl\/noticias\/wp-json\/wp\/v2\/comments?post=194253"}],"version-history":[{"count":2,"href":"https:\/\/upla.cl\/noticias\/wp-json\/wp\/v2\/posts\/194253\/revisions"}],"predecessor-version":[{"id":194261,"href":"https:\/\/upla.cl\/noticias\/wp-json\/wp\/v2\/posts\/194253\/revisions\/194261"}],"wp:featuredmedia":[{"embeddable":true,"href":"https:\/\/upla.cl\/noticias\/wp-json\/wp\/v2\/media\/194257"}],"wp:attachment":[{"href":"https:\/\/upla.cl\/noticias\/wp-json\/wp\/v2\/media?parent=194253"}],"wp:term":[{"taxonomy":"category","embeddable":true,"href":"https:\/\/upla.cl\/noticias\/wp-json\/wp\/v2\/categories?post=194253"},{"taxonomy":"post_tag","embeddable":true,"href":"https:\/\/upla.cl\/noticias\/wp-json\/wp\/v2\/tags?post=194253"}],"curies":[{"name":"wp","href":"https:\/\/api.w.org\/{rel}","templated":true}]}}