{"id":194317,"date":"2025-12-22T17:42:06","date_gmt":"2025-12-22T20:42:06","guid":{"rendered":"https:\/\/upla.cl\/noticias\/?p=194317"},"modified":"2025-12-22T17:42:44","modified_gmt":"2025-12-22T20:42:44","slug":"educacion-que-transforma-upla-y-gendarmeria-titulan-a-nueva-generacion-de-tecnicos-en-el-complejo-penitenciario-de-valparaiso","status":"publish","type":"post","link":"https:\/\/upla.cl\/noticias\/2025\/12\/22\/educacion-que-transforma-upla-y-gendarmeria-titulan-a-nueva-generacion-de-tecnicos-en-el-complejo-penitenciario-de-valparaiso\/","title":{"rendered":"Educaci\u00f3n que transforma: UPLA y Gendarmer\u00eda titulan a nueva generaci\u00f3n de t\u00e9cnicos en el Complejo Penitenciario de Valpara\u00edso"},"content":{"rendered":"<p><a href=\"https:\/\/upla.cl\/noticias\/wp-content\/uploads\/2025\/12\/Titulados-3.png\"><img loading=\"lazy\" decoding=\"async\" class=\"alignleft size-medium wp-image-194337\" src=\"https:\/\/upla.cl\/noticias\/wp-content\/uploads\/2025\/12\/Titulados-3-300x170.png\" alt=\"\" width=\"300\" height=\"170\" srcset=\"https:\/\/upla.cl\/noticias\/wp-content\/uploads\/2025\/12\/Titulados-3-300x170.png 300w, https:\/\/upla.cl\/noticias\/wp-content\/uploads\/2025\/12\/Titulados-3-1024x579.png 1024w, https:\/\/upla.cl\/noticias\/wp-content\/uploads\/2025\/12\/Titulados-3-150x85.png 150w, https:\/\/upla.cl\/noticias\/wp-content\/uploads\/2025\/12\/Titulados-3-768x434.png 768w, https:\/\/upla.cl\/noticias\/wp-content\/uploads\/2025\/12\/Titulados-3-1536x868.png 1536w, https:\/\/upla.cl\/noticias\/wp-content\/uploads\/2025\/12\/Titulados-3.png 1920w\" sizes=\"auto, (max-width: 300px) 100vw, 300px\" \/><\/a>En una emotiva ceremonia que simboliza un paso decisivo hacia la reinserci\u00f3n, el <strong>Instituto Tecnol\u00f3gico (ITEC) de la Universidad de Playa Ancha<\/strong> y <strong>Gendarmer\u00eda de Chile<\/strong> titularon a una nueva promoci\u00f3n de personas privadas de libertad del Complejo Penitenciario de Valpara\u00edso. Los ahora t\u00e9cnicos de nivel superior en Administraci\u00f3n Log\u00edstica y en Soporte Tecnol\u00f3gico culminaron un proceso formativo de dos a\u00f1os marcado por la perseverancia, demostrando que la educaci\u00f3n p\u00fablica es el puente fundamental para transformar realidades y abrir nuevas oportunidades de vida, incluso en contextos de encierro.<\/p>\n<p><a href=\"https:\/\/upla.cl\/noticias\/wp-content\/uploads\/2025\/12\/Titulados-2.jpeg\"><img loading=\"lazy\" decoding=\"async\" class=\"alignright size-medium wp-image-194339\" src=\"https:\/\/upla.cl\/noticias\/wp-content\/uploads\/2025\/12\/Titulados-2-300x200.jpeg\" alt=\"\" width=\"300\" height=\"200\" srcset=\"https:\/\/upla.cl\/noticias\/wp-content\/uploads\/2025\/12\/Titulados-2-300x200.jpeg 300w, https:\/\/upla.cl\/noticias\/wp-content\/uploads\/2025\/12\/Titulados-2-1024x683.jpeg 1024w, https:\/\/upla.cl\/noticias\/wp-content\/uploads\/2025\/12\/Titulados-2-150x100.jpeg 150w, https:\/\/upla.cl\/noticias\/wp-content\/uploads\/2025\/12\/Titulados-2-768x512.jpeg 768w, https:\/\/upla.cl\/noticias\/wp-content\/uploads\/2025\/12\/Titulados-2-1536x1025.jpeg 1536w, https:\/\/upla.cl\/noticias\/wp-content\/uploads\/2025\/12\/Titulados-2.jpeg 1920w\" sizes=\"auto, (max-width: 300px) 100vw, 300px\" \/><\/a>El fortalecimiento de esta alianza estrat\u00e9gica fue destacado por la <strong>Seremi de Justicia y Derechos Humanos, Paula Guti\u00e9rrez Huenchuleo<\/strong>, quien subray\u00f3 el impacto de la colaboraci\u00f3n interinstitucional en el sistema penitenciario. \u00abHemos hecho un trabajo de fortalecer la alianza hist\u00f3rica entre Gendarmer\u00eda y la Universidad de Playa Ancha para seguir promoviendo la reinserci\u00f3n social, que no es solo tarea de una instituci\u00f3n, sino un esfuerzo conjunto para que las personas elijan una vida distinta y aportemos a una mejor sociedad\u00bb, afirm\u00f3 la autoridad regional durante la jornada.<\/p>\n<p>Las carreras impartidas por el ITEC nacieron bajo un convenio de colaboraci\u00f3n que busca brindar herramientas concretas de empleabilidad a los internos y apoyo a sus familias. Durante el proceso, los docentes de la UPLA se trasladaron al recinto penal para dictar las clases, logrando que los estudiantes no solo adquirieran conocimientos t\u00e9cnicos complejos, sino que tambi\u00e9n desarrollaran valores como la \u00e9tica y la responsabilidad profesional. Esta iniciativa reafirma la convicci\u00f3n de que es posible construir caminos hacia una sociedad m\u00e1s justa mediante el acceso equitativo a la educaci\u00f3n.<\/p>\n<p><a href=\"https:\/\/upla.cl\/noticias\/wp-content\/uploads\/2025\/12\/Cecilia-Arriagada-2.jpeg\"><img loading=\"lazy\" decoding=\"async\" class=\"alignright size-medium wp-image-194340\" src=\"https:\/\/upla.cl\/noticias\/wp-content\/uploads\/2025\/12\/Cecilia-Arriagada-2-300x200.jpeg\" alt=\"\" width=\"300\" height=\"200\" srcset=\"https:\/\/upla.cl\/noticias\/wp-content\/uploads\/2025\/12\/Cecilia-Arriagada-2-300x200.jpeg 300w, https:\/\/upla.cl\/noticias\/wp-content\/uploads\/2025\/12\/Cecilia-Arriagada-2-1024x683.jpeg 1024w, https:\/\/upla.cl\/noticias\/wp-content\/uploads\/2025\/12\/Cecilia-Arriagada-2-150x100.jpeg 150w, https:\/\/upla.cl\/noticias\/wp-content\/uploads\/2025\/12\/Cecilia-Arriagada-2-768x512.jpeg 768w, https:\/\/upla.cl\/noticias\/wp-content\/uploads\/2025\/12\/Cecilia-Arriagada-2-1536x1025.jpeg 1536w, https:\/\/upla.cl\/noticias\/wp-content\/uploads\/2025\/12\/Cecilia-Arriagada-2.jpeg 1920w\" sizes=\"auto, (max-width: 300px) 100vw, 300px\" \/><\/a>Desde la mirada acad\u00e9mica, la <strong>vicerrectora de la UPLA, Cecilia Arriagada Correa<\/strong>, resalt\u00f3 el rol de la instituci\u00f3n como universidad estatal y regional comprometida con el territorio. \u00abNos enorgullece enormemente este hito porque damos cuenta de nuestro compromiso social y con la transformaci\u00f3n de vidas a trav\u00e9s de la educaci\u00f3n. Aqu\u00ed demostramos que personas en distintos contextos pueden transformar su realidad; como universidad, entregamos las herramientas para que tengan nuevas oportunidades y desaf\u00edos personales\u00bb, afirm\u00f3 la acad\u00e9mica, valorando el esfuerzo excepcional de los graduados.<\/p>\n<p>El camino hacia el t\u00edtulo profesional fue un desaf\u00edo que exigi\u00f3 superar los estigmas y las barreras propias del entorno carcelario. Los estudiantes transformaron antiguos talleres en laboratorios de aprendizaje, demostrando una voluntad inquebrantable por mejorar su historia vital. La ceremonia no solo represent\u00f3 la culminaci\u00f3n de un programa de estudios, sino el reconocimiento al esfuerzo y a la decisi\u00f3n de querer cambiar un destino que, para muchos, parec\u00eda estar sentenciado antes de conocer el aula universitaria.<\/p>\n<p><strong>Testimonios<\/strong><\/p>\n<p><a href=\"https:\/\/upla.cl\/noticias\/wp-content\/uploads\/2025\/12\/Interna.jpeg\"><img loading=\"lazy\" decoding=\"async\" class=\"alignleft wp-image-194341\" src=\"https:\/\/upla.cl\/noticias\/wp-content\/uploads\/2025\/12\/Interna-229x300.jpeg\" alt=\"\" width=\"175\" height=\"230\" srcset=\"https:\/\/upla.cl\/noticias\/wp-content\/uploads\/2025\/12\/Interna-229x300.jpeg 229w, https:\/\/upla.cl\/noticias\/wp-content\/uploads\/2025\/12\/Interna-783x1024.jpeg 783w, https:\/\/upla.cl\/noticias\/wp-content\/uploads\/2025\/12\/Interna-115x150.jpeg 115w, https:\/\/upla.cl\/noticias\/wp-content\/uploads\/2025\/12\/Interna-768x1004.jpeg 768w, https:\/\/upla.cl\/noticias\/wp-content\/uploads\/2025\/12\/Interna-1174x1536.jpeg 1174w, https:\/\/upla.cl\/noticias\/wp-content\/uploads\/2025\/12\/Interna.jpeg 1468w\" sizes=\"auto, (max-width: 175px) 100vw, 175px\" \/><\/a>Los testimonios de los protagonistas reflejan la esperanza de un nuevo comienzo y la gratitud por la formaci\u00f3n recibida. <strong>Lissette Aranda V\u00e9liz<\/strong>, titulada de T\u00e9cnica en Administraci\u00f3n Log\u00edstica (quien ya se encuentra en libertad), expres\u00f3 que esta beca fue fundamental para su proceso: \u00abMe ha ayudado bastante y es algo que me va a seguir sirviendo a futuro, porque me entrega herramientas para enfrentar lo que viene\u00bb. Por su parte, el graduado <strong>Daniel Olgu\u00edn<\/strong> enfatiz\u00f3 la importancia de estos espacios para la identidad del interno: \u00abHay personas que quieren salir adelante y cambiar su vida; este espacio nos da la oportunidad de reivindicarnos e ir cambiando nuestra forma de pensar y de ver la vida\u00bb, subray\u00f3.<\/p>\n<p>A nombre de los titulados, se dirigi\u00f3 a los presentes <strong>Ricardo Guarda,<\/strong> quien valor\u00f3 la oportunidad de estudiar y preparase para enfrentar el futuro. Si bien, reconoci\u00f3 la complejidad de responder a las responsabilidades acad\u00e9micas, dijo sentirse muy contento con este logro.<\/p>\n<p><a href=\"https:\/\/upla.cl\/noticias\/wp-content\/uploads\/2025\/12\/Daniel-Olgui\u0301n.png\"><img loading=\"lazy\" decoding=\"async\" class=\"alignright wp-image-194343\" src=\"https:\/\/upla.cl\/noticias\/wp-content\/uploads\/2025\/12\/Daniel-Olgui\u0301n-300x201.png\" alt=\"\" width=\"284\" height=\"190\" srcset=\"https:\/\/upla.cl\/noticias\/wp-content\/uploads\/2025\/12\/Daniel-Olgui\u0301n-300x201.png 300w, https:\/\/upla.cl\/noticias\/wp-content\/uploads\/2025\/12\/Daniel-Olgui\u0301n-1024x688.png 1024w, https:\/\/upla.cl\/noticias\/wp-content\/uploads\/2025\/12\/Daniel-Olgui\u0301n-150x101.png 150w, https:\/\/upla.cl\/noticias\/wp-content\/uploads\/2025\/12\/Daniel-Olgui\u0301n-768x516.png 768w, https:\/\/upla.cl\/noticias\/wp-content\/uploads\/2025\/12\/Daniel-Olgui\u0301n-110x75.png 110w, https:\/\/upla.cl\/noticias\/wp-content\/uploads\/2025\/12\/Daniel-Olgui\u0301n.png 1498w\" sizes=\"auto, (max-width: 284px) 100vw, 284px\" \/><\/a>Para las autoridades de Gendarmer\u00eda, este logro marca un hito fundamental en la gesti\u00f3n de la reinserci\u00f3n a nivel regional. El <strong>alcaide del Complejo Penitenciario de Valpara\u00edso, coronel H\u00e9ctor Miranda Almonacid<\/strong>, calific\u00f3 la titulaci\u00f3n como un evento de alta relevancia institucional. \u00abPara algunos alumnos era impensado hace un par de a\u00f1os obtener un t\u00edtulo, ni siquiera de ense\u00f1anza media. Hoy culminamos la titulaci\u00f3n profesional de internos que aprovecharon esta oportunidad que se les brinda a trav\u00e9s de la reinserci\u00f3n, que es el fin de nosotros como Gendarmer\u00eda\u00bb, explic\u00f3 el jefe de la unidad.<\/p>\n<p>La ceremonia, a la cual se sum\u00f3 el <strong>director regional de Gendarmer\u00eda, coronel Pablo Torres Herrera,<\/strong> concluy\u00f3 con el juramento profesional y la entrega de diplomas a los ocho nuevos t\u00e9cnicos, reafirmando que el conocimiento no tiene muros infranqueables cuando existe voluntad pol\u00edtica y compromiso docente.<\/p>\n<p>Con este egreso, la <strong>Universidad de Playa Ancha<\/strong> refuerza un modelo educativo inclusivo que no solo entrega t\u00edtulos, sino que devuelve la dignidad a las personas. La generaci\u00f3n 2025 del ITEC se alza hoy como un testimonio vivo de que la educaci\u00f3n es, sin duda, la herramienta m\u00e1s poderosa para la libertad y el cambio social.<\/p>\n<div id='gallery-1' class='gallery galleryid-194317 gallery-columns-3 gallery-size-thumbnail'><figure class='gallery-item'>\n\t\t\t<div class='gallery-icon landscape'>\n\t\t\t\t<a href='https:\/\/upla.cl\/noticias\/wp-content\/uploads\/2025\/12\/Alcaide.jpeg'><img loading=\"lazy\" decoding=\"async\" width=\"150\" height=\"100\" src=\"https:\/\/upla.cl\/noticias\/wp-content\/uploads\/2025\/12\/Alcaide-150x100.jpeg\" class=\"attachment-thumbnail size-thumbnail\" alt=\"\" srcset=\"https:\/\/upla.cl\/noticias\/wp-content\/uploads\/2025\/12\/Alcaide-150x100.jpeg 150w, https:\/\/upla.cl\/noticias\/wp-content\/uploads\/2025\/12\/Alcaide-300x200.jpeg 300w, https:\/\/upla.cl\/noticias\/wp-content\/uploads\/2025\/12\/Alcaide-1024x683.jpeg 1024w, https:\/\/upla.cl\/noticias\/wp-content\/uploads\/2025\/12\/Alcaide-768x512.jpeg 768w, https:\/\/upla.cl\/noticias\/wp-content\/uploads\/2025\/12\/Alcaide-1536x1025.jpeg 1536w, https:\/\/upla.cl\/noticias\/wp-content\/uploads\/2025\/12\/Alcaide-310x205.jpeg 310w, https:\/\/upla.cl\/noticias\/wp-content\/uploads\/2025\/12\/Alcaide.jpeg 1920w\" sizes=\"auto, (max-width: 150px) 100vw, 150px\" \/><\/a>\n\t\t\t<\/div><\/figure><figure class='gallery-item'>\n\t\t\t<div class='gallery-icon landscape'>\n\t\t\t\t<a href='https:\/\/upla.cl\/noticias\/wp-content\/uploads\/2025\/12\/Asistentes.jpeg'><img loading=\"lazy\" decoding=\"async\" width=\"150\" height=\"100\" src=\"https:\/\/upla.cl\/noticias\/wp-content\/uploads\/2025\/12\/Asistentes-150x100.jpeg\" class=\"attachment-thumbnail size-thumbnail\" alt=\"\" srcset=\"https:\/\/upla.cl\/noticias\/wp-content\/uploads\/2025\/12\/Asistentes-150x100.jpeg 150w, https:\/\/upla.cl\/noticias\/wp-content\/uploads\/2025\/12\/Asistentes-300x200.jpeg 300w, https:\/\/upla.cl\/noticias\/wp-content\/uploads\/2025\/12\/Asistentes-1024x683.jpeg 1024w, https:\/\/upla.cl\/noticias\/wp-content\/uploads\/2025\/12\/Asistentes-768x512.jpeg 768w, https:\/\/upla.cl\/noticias\/wp-content\/uploads\/2025\/12\/Asistentes-1536x1025.jpeg 1536w, https:\/\/upla.cl\/noticias\/wp-content\/uploads\/2025\/12\/Asistentes-310x205.jpeg 310w, https:\/\/upla.cl\/noticias\/wp-content\/uploads\/2025\/12\/Asistentes.jpeg 1920w\" sizes=\"auto, (max-width: 150px) 100vw, 150px\" \/><\/a>\n\t\t\t<\/div><\/figure><figure class='gallery-item'>\n\t\t\t<div class='gallery-icon landscape'>\n\t\t\t\t<a href='https:\/\/upla.cl\/noticias\/wp-content\/uploads\/2025\/12\/Cecilia-Arriagada-1.jpeg'><img loading=\"lazy\" decoding=\"async\" width=\"150\" height=\"100\" src=\"https:\/\/upla.cl\/noticias\/wp-content\/uploads\/2025\/12\/Cecilia-Arriagada-1-150x100.jpeg\" class=\"attachment-thumbnail size-thumbnail\" alt=\"\" srcset=\"https:\/\/upla.cl\/noticias\/wp-content\/uploads\/2025\/12\/Cecilia-Arriagada-1-150x100.jpeg 150w, https:\/\/upla.cl\/noticias\/wp-content\/uploads\/2025\/12\/Cecilia-Arriagada-1-300x200.jpeg 300w, https:\/\/upla.cl\/noticias\/wp-content\/uploads\/2025\/12\/Cecilia-Arriagada-1-1024x683.jpeg 1024w, https:\/\/upla.cl\/noticias\/wp-content\/uploads\/2025\/12\/Cecilia-Arriagada-1-768x512.jpeg 768w, https:\/\/upla.cl\/noticias\/wp-content\/uploads\/2025\/12\/Cecilia-Arriagada-1-1536x1025.jpeg 1536w, https:\/\/upla.cl\/noticias\/wp-content\/uploads\/2025\/12\/Cecilia-Arriagada-1-310x205.jpeg 310w, https:\/\/upla.cl\/noticias\/wp-content\/uploads\/2025\/12\/Cecilia-Arriagada-1.jpeg 1920w\" sizes=\"auto, (max-width: 150px) 100vw, 150px\" \/><\/a>\n\t\t\t<\/div><\/figure><figure class='gallery-item'>\n\t\t\t<div class='gallery-icon landscape'>\n\t\t\t\t<a href='https:\/\/upla.cl\/noticias\/wp-content\/uploads\/2025\/12\/Titulados.jpeg'><img loading=\"lazy\" decoding=\"async\" width=\"150\" height=\"100\" src=\"https:\/\/upla.cl\/noticias\/wp-content\/uploads\/2025\/12\/Titulados-150x100.jpeg\" class=\"attachment-thumbnail size-thumbnail\" alt=\"\" srcset=\"https:\/\/upla.cl\/noticias\/wp-content\/uploads\/2025\/12\/Titulados-150x100.jpeg 150w, https:\/\/upla.cl\/noticias\/wp-content\/uploads\/2025\/12\/Titulados-300x200.jpeg 300w, https:\/\/upla.cl\/noticias\/wp-content\/uploads\/2025\/12\/Titulados-1024x683.jpeg 1024w, https:\/\/upla.cl\/noticias\/wp-content\/uploads\/2025\/12\/Titulados-768x512.jpeg 768w, https:\/\/upla.cl\/noticias\/wp-content\/uploads\/2025\/12\/Titulados-1536x1025.jpeg 1536w, https:\/\/upla.cl\/noticias\/wp-content\/uploads\/2025\/12\/Titulados-310x205.jpeg 310w, https:\/\/upla.cl\/noticias\/wp-content\/uploads\/2025\/12\/Titulados.jpeg 1920w\" sizes=\"auto, (max-width: 150px) 100vw, 150px\" \/><\/a>\n\t\t\t<\/div><\/figure><figure class='gallery-item'>\n\t\t\t<div class='gallery-icon landscape'>\n\t\t\t\t<a href='https:\/\/upla.cl\/noticias\/wp-content\/uploads\/2025\/12\/Seremi-Justicia-scaled.jpeg'><img loading=\"lazy\" decoding=\"async\" width=\"150\" height=\"100\" src=\"https:\/\/upla.cl\/noticias\/wp-content\/uploads\/2025\/12\/Seremi-Justicia-150x100.jpeg\" class=\"attachment-thumbnail size-thumbnail\" alt=\"\" srcset=\"https:\/\/upla.cl\/noticias\/wp-content\/uploads\/2025\/12\/Seremi-Justicia-150x100.jpeg 150w, https:\/\/upla.cl\/noticias\/wp-content\/uploads\/2025\/12\/Seremi-Justicia-300x200.jpeg 300w, https:\/\/upla.cl\/noticias\/wp-content\/uploads\/2025\/12\/Seremi-Justicia-1024x683.jpeg 1024w, https:\/\/upla.cl\/noticias\/wp-content\/uploads\/2025\/12\/Seremi-Justicia-768x512.jpeg 768w, https:\/\/upla.cl\/noticias\/wp-content\/uploads\/2025\/12\/Seremi-Justicia-1536x1025.jpeg 1536w, https:\/\/upla.cl\/noticias\/wp-content\/uploads\/2025\/12\/Seremi-Justicia-2048x1367.jpeg 2048w, https:\/\/upla.cl\/noticias\/wp-content\/uploads\/2025\/12\/Seremi-Justicia-310x205.jpeg 310w\" sizes=\"auto, (max-width: 150px) 100vw, 150px\" \/><\/a>\n\t\t\t<\/div><\/figure><figure class='gallery-item'>\n\t\t\t<div class='gallery-icon landscape'>\n\t\t\t\t<a href='https:\/\/upla.cl\/noticias\/wp-content\/uploads\/2025\/12\/Sala-15.jpeg'><img loading=\"lazy\" decoding=\"async\" width=\"150\" height=\"100\" src=\"https:\/\/upla.cl\/noticias\/wp-content\/uploads\/2025\/12\/Sala-15-150x100.jpeg\" class=\"attachment-thumbnail size-thumbnail\" alt=\"\" srcset=\"https:\/\/upla.cl\/noticias\/wp-content\/uploads\/2025\/12\/Sala-15-150x100.jpeg 150w, https:\/\/upla.cl\/noticias\/wp-content\/uploads\/2025\/12\/Sala-15-300x200.jpeg 300w, https:\/\/upla.cl\/noticias\/wp-content\/uploads\/2025\/12\/Sala-15-1024x683.jpeg 1024w, https:\/\/upla.cl\/noticias\/wp-content\/uploads\/2025\/12\/Sala-15-768x512.jpeg 768w, https:\/\/upla.cl\/noticias\/wp-content\/uploads\/2025\/12\/Sala-15-1536x1025.jpeg 1536w, https:\/\/upla.cl\/noticias\/wp-content\/uploads\/2025\/12\/Sala-15-310x205.jpeg 310w, https:\/\/upla.cl\/noticias\/wp-content\/uploads\/2025\/12\/Sala-15.jpeg 1920w\" sizes=\"auto, (max-width: 150px) 100vw, 150px\" \/><\/a>\n\t\t\t<\/div><\/figure><figure class='gallery-item'>\n\t\t\t<div class='gallery-icon landscape'>\n\t\t\t\t<a href='https:\/\/upla.cl\/noticias\/wp-content\/uploads\/2025\/12\/Sala-10.jpeg'><img loading=\"lazy\" decoding=\"async\" width=\"150\" height=\"100\" src=\"https:\/\/upla.cl\/noticias\/wp-content\/uploads\/2025\/12\/Sala-10-150x100.jpeg\" class=\"attachment-thumbnail size-thumbnail\" alt=\"\" srcset=\"https:\/\/upla.cl\/noticias\/wp-content\/uploads\/2025\/12\/Sala-10-150x100.jpeg 150w, https:\/\/upla.cl\/noticias\/wp-content\/uploads\/2025\/12\/Sala-10-300x200.jpeg 300w, https:\/\/upla.cl\/noticias\/wp-content\/uploads\/2025\/12\/Sala-10-1024x683.jpeg 1024w, https:\/\/upla.cl\/noticias\/wp-content\/uploads\/2025\/12\/Sala-10-768x512.jpeg 768w, https:\/\/upla.cl\/noticias\/wp-content\/uploads\/2025\/12\/Sala-10-1536x1025.jpeg 1536w, https:\/\/upla.cl\/noticias\/wp-content\/uploads\/2025\/12\/Sala-10-310x205.jpeg 310w, https:\/\/upla.cl\/noticias\/wp-content\/uploads\/2025\/12\/Sala-10.jpeg 1920w\" sizes=\"auto, (max-width: 150px) 100vw, 150px\" \/><\/a>\n\t\t\t<\/div><\/figure><figure class='gallery-item'>\n\t\t\t<div class='gallery-icon landscape'>\n\t\t\t\t<a href='https:\/\/upla.cl\/noticias\/wp-content\/uploads\/2025\/12\/Sala-5.jpeg'><img loading=\"lazy\" decoding=\"async\" width=\"150\" height=\"100\" src=\"https:\/\/upla.cl\/noticias\/wp-content\/uploads\/2025\/12\/Sala-5-150x100.jpeg\" class=\"attachment-thumbnail size-thumbnail\" alt=\"\" srcset=\"https:\/\/upla.cl\/noticias\/wp-content\/uploads\/2025\/12\/Sala-5-150x100.jpeg 150w, https:\/\/upla.cl\/noticias\/wp-content\/uploads\/2025\/12\/Sala-5-300x200.jpeg 300w, https:\/\/upla.cl\/noticias\/wp-content\/uploads\/2025\/12\/Sala-5-1024x683.jpeg 1024w, https:\/\/upla.cl\/noticias\/wp-content\/uploads\/2025\/12\/Sala-5-768x512.jpeg 768w, https:\/\/upla.cl\/noticias\/wp-content\/uploads\/2025\/12\/Sala-5-1536x1025.jpeg 1536w, https:\/\/upla.cl\/noticias\/wp-content\/uploads\/2025\/12\/Sala-5-310x205.jpeg 310w, https:\/\/upla.cl\/noticias\/wp-content\/uploads\/2025\/12\/Sala-5.jpeg 1920w\" sizes=\"auto, (max-width: 150px) 100vw, 150px\" \/><\/a>\n\t\t\t<\/div><\/figure><figure class='gallery-item'>\n\t\t\t<div class='gallery-icon landscape'>\n\t\t\t\t<a href='https:\/\/upla.cl\/noticias\/wp-content\/uploads\/2025\/12\/Sala-4.jpeg'><img loading=\"lazy\" decoding=\"async\" width=\"150\" height=\"100\" src=\"https:\/\/upla.cl\/noticias\/wp-content\/uploads\/2025\/12\/Sala-4-150x100.jpeg\" class=\"attachment-thumbnail size-thumbnail\" alt=\"\" srcset=\"https:\/\/upla.cl\/noticias\/wp-content\/uploads\/2025\/12\/Sala-4-150x100.jpeg 150w, https:\/\/upla.cl\/noticias\/wp-content\/uploads\/2025\/12\/Sala-4-300x200.jpeg 300w, https:\/\/upla.cl\/noticias\/wp-content\/uploads\/2025\/12\/Sala-4-1024x683.jpeg 1024w, https:\/\/upla.cl\/noticias\/wp-content\/uploads\/2025\/12\/Sala-4-768x512.jpeg 768w, https:\/\/upla.cl\/noticias\/wp-content\/uploads\/2025\/12\/Sala-4-1536x1025.jpeg 1536w, https:\/\/upla.cl\/noticias\/wp-content\/uploads\/2025\/12\/Sala-4-310x205.jpeg 310w, https:\/\/upla.cl\/noticias\/wp-content\/uploads\/2025\/12\/Sala-4.jpeg 1920w\" sizes=\"auto, (max-width: 150px) 100vw, 150px\" \/><\/a>\n\t\t\t<\/div><\/figure><figure class='gallery-item'>\n\t\t\t<div class='gallery-icon landscape'>\n\t\t\t\t<a href='https:\/\/upla.cl\/noticias\/wp-content\/uploads\/2025\/12\/Sala-3.jpeg'><img loading=\"lazy\" decoding=\"async\" width=\"150\" height=\"100\" src=\"https:\/\/upla.cl\/noticias\/wp-content\/uploads\/2025\/12\/Sala-3-150x100.jpeg\" class=\"attachment-thumbnail size-thumbnail\" alt=\"\" srcset=\"https:\/\/upla.cl\/noticias\/wp-content\/uploads\/2025\/12\/Sala-3-150x100.jpeg 150w, https:\/\/upla.cl\/noticias\/wp-content\/uploads\/2025\/12\/Sala-3-300x200.jpeg 300w, https:\/\/upla.cl\/noticias\/wp-content\/uploads\/2025\/12\/Sala-3-1024x683.jpeg 1024w, https:\/\/upla.cl\/noticias\/wp-content\/uploads\/2025\/12\/Sala-3-768x512.jpeg 768w, https:\/\/upla.cl\/noticias\/wp-content\/uploads\/2025\/12\/Sala-3-1536x1025.jpeg 1536w, https:\/\/upla.cl\/noticias\/wp-content\/uploads\/2025\/12\/Sala-3-310x205.jpeg 310w, https:\/\/upla.cl\/noticias\/wp-content\/uploads\/2025\/12\/Sala-3.jpeg 1920w\" sizes=\"auto, (max-width: 150px) 100vw, 150px\" \/><\/a>\n\t\t\t<\/div><\/figure><figure class='gallery-item'>\n\t\t\t<div class='gallery-icon landscape'>\n\t\t\t\t<a href='https:\/\/upla.cl\/noticias\/wp-content\/uploads\/2025\/12\/Sala-2.jpeg'><img loading=\"lazy\" decoding=\"async\" width=\"150\" height=\"100\" src=\"https:\/\/upla.cl\/noticias\/wp-content\/uploads\/2025\/12\/Sala-2-150x100.jpeg\" class=\"attachment-thumbnail size-thumbnail\" alt=\"\" srcset=\"https:\/\/upla.cl\/noticias\/wp-content\/uploads\/2025\/12\/Sala-2-150x100.jpeg 150w, https:\/\/upla.cl\/noticias\/wp-content\/uploads\/2025\/12\/Sala-2-300x200.jpeg 300w, https:\/\/upla.cl\/noticias\/wp-content\/uploads\/2025\/12\/Sala-2-1024x683.jpeg 1024w, https:\/\/upla.cl\/noticias\/wp-content\/uploads\/2025\/12\/Sala-2-768x512.jpeg 768w, https:\/\/upla.cl\/noticias\/wp-content\/uploads\/2025\/12\/Sala-2-1536x1025.jpeg 1536w, https:\/\/upla.cl\/noticias\/wp-content\/uploads\/2025\/12\/Sala-2-310x205.jpeg 310w, https:\/\/upla.cl\/noticias\/wp-content\/uploads\/2025\/12\/Sala-2.jpeg 1920w\" sizes=\"auto, (max-width: 150px) 100vw, 150px\" \/><\/a>\n\t\t\t<\/div><\/figure><figure class='gallery-item'>\n\t\t\t<div class='gallery-icon landscape'>\n\t\t\t\t<a href='https:\/\/upla.cl\/noticias\/wp-content\/uploads\/2025\/12\/Mauricio-Herna\u0301ndez.jpeg'><img loading=\"lazy\" decoding=\"async\" width=\"150\" height=\"100\" src=\"https:\/\/upla.cl\/noticias\/wp-content\/uploads\/2025\/12\/Mauricio-Herna\u0301ndez-150x100.jpeg\" class=\"attachment-thumbnail size-thumbnail\" alt=\"\" srcset=\"https:\/\/upla.cl\/noticias\/wp-content\/uploads\/2025\/12\/Mauricio-Herna\u0301ndez-150x100.jpeg 150w, https:\/\/upla.cl\/noticias\/wp-content\/uploads\/2025\/12\/Mauricio-Herna\u0301ndez-300x200.jpeg 300w, https:\/\/upla.cl\/noticias\/wp-content\/uploads\/2025\/12\/Mauricio-Herna\u0301ndez-1024x683.jpeg 1024w, https:\/\/upla.cl\/noticias\/wp-content\/uploads\/2025\/12\/Mauricio-Herna\u0301ndez-768x512.jpeg 768w, https:\/\/upla.cl\/noticias\/wp-content\/uploads\/2025\/12\/Mauricio-Herna\u0301ndez-1536x1025.jpeg 1536w, https:\/\/upla.cl\/noticias\/wp-content\/uploads\/2025\/12\/Mauricio-Herna\u0301ndez-310x205.jpeg 310w, https:\/\/upla.cl\/noticias\/wp-content\/uploads\/2025\/12\/Mauricio-Herna\u0301ndez.jpeg 1920w\" sizes=\"auto, (max-width: 150px) 100vw, 150px\" \/><\/a>\n\t\t\t<\/div><\/figure>\n\t\t<\/div>\n\n","protected":false},"excerpt":{"rendered":"<p>El hito resalta la decisi\u00f3n de los estudiantes por transformar su realidad y el rol social del Instituto Tecnol\u00f3gico al brindar educaci\u00f3n superior en contextos de encierro.<\/p>\n","protected":false},"author":3,"featured_media":194337,"comment_status":"closed","ping_status":"open","sticky":false,"template":"","format":"standard","meta":{"footnotes":""},"categories":[51,40,101,69,83],"tags":[],"class_list":["post-194317","post","type-post","status-publish","format-standard","has-post-thumbnail","","category-academia","category-destacados","category-docencia","category-egresados","category-instituto-tecnologico"],"_links":{"self":[{"href":"https:\/\/upla.cl\/noticias\/wp-json\/wp\/v2\/posts\/194317","targetHints":{"allow":["GET"]}}],"collection":[{"href":"https:\/\/upla.cl\/noticias\/wp-json\/wp\/v2\/posts"}],"about":[{"href":"https:\/\/upla.cl\/noticias\/wp-json\/wp\/v2\/types\/post"}],"author":[{"embeddable":true,"href":"https:\/\/upla.cl\/noticias\/wp-json\/wp\/v2\/users\/3"}],"replies":[{"embeddable":true,"href":"https:\/\/upla.cl\/noticias\/wp-json\/wp\/v2\/comments?post=194317"}],"version-history":[{"count":1,"href":"https:\/\/upla.cl\/noticias\/wp-json\/wp\/v2\/posts\/194317\/revisions"}],"predecessor-version":[{"id":194358,"href":"https:\/\/upla.cl\/noticias\/wp-json\/wp\/v2\/posts\/194317\/revisions\/194358"}],"wp:featuredmedia":[{"embeddable":true,"href":"https:\/\/upla.cl\/noticias\/wp-json\/wp\/v2\/media\/194337"}],"wp:attachment":[{"href":"https:\/\/upla.cl\/noticias\/wp-json\/wp\/v2\/media?parent=194317"}],"wp:term":[{"taxonomy":"category","embeddable":true,"href":"https:\/\/upla.cl\/noticias\/wp-json\/wp\/v2\/categories?post=194317"},{"taxonomy":"post_tag","embeddable":true,"href":"https:\/\/upla.cl\/noticias\/wp-json\/wp\/v2\/tags?post=194317"}],"curies":[{"name":"wp","href":"https:\/\/api.w.org\/{rel}","templated":true}]}}