{"id":194379,"date":"2025-12-23T13:08:01","date_gmt":"2025-12-23T16:08:01","guid":{"rendered":"https:\/\/upla.cl\/noticias\/?p=194379"},"modified":"2025-12-23T13:08:01","modified_gmt":"2025-12-23T16:08:01","slug":"cuenta-la-upla-editorial-puntangeles-presenta-libro-de-microrrelatos-sobre-nuestra-identidad-universitaria","status":"publish","type":"post","link":"https:\/\/upla.cl\/noticias\/2025\/12\/23\/cuenta-la-upla-editorial-puntangeles-presenta-libro-de-microrrelatos-sobre-nuestra-identidad-universitaria\/","title":{"rendered":"Cuenta la UPLA: Editorial Punt\u00e1ngeles presenta libro de microrrelatos sobre nuestra identidad universitaria"},"content":{"rendered":"<p><a href=\"https:\/\/upla.cl\/noticias\/wp-content\/uploads\/2025\/12\/cuenta_la_upla_18.jpg\"><img loading=\"lazy\" decoding=\"async\" class=\"aligncenter size-full wp-image-194384\" src=\"https:\/\/upla.cl\/noticias\/wp-content\/uploads\/2025\/12\/cuenta_la_upla_18.jpg\" alt=\"\" width=\"800\" height=\"474\" srcset=\"https:\/\/upla.cl\/noticias\/wp-content\/uploads\/2025\/12\/cuenta_la_upla_18.jpg 800w, https:\/\/upla.cl\/noticias\/wp-content\/uploads\/2025\/12\/cuenta_la_upla_18-300x178.jpg 300w, https:\/\/upla.cl\/noticias\/wp-content\/uploads\/2025\/12\/cuenta_la_upla_18-150x89.jpg 150w, https:\/\/upla.cl\/noticias\/wp-content\/uploads\/2025\/12\/cuenta_la_upla_18-768x455.jpg 768w\" sizes=\"auto, (max-width: 800px) 100vw, 800px\" \/><\/a><\/p>\n<p>El pasado viernes 12 de diciembre, en el Aula Dr. F\u00e9lix Morales Pettorino se llev\u00f3 a cabo la presentaci\u00f3n del libro Cuenta la UPLA, resultado del concurso de microrrelatos hom\u00f3nimo organizado por la Editorial Punt\u00e1ngeles y que convoc\u00f3 a la comunidad de la Universidad de Playa Ancha a escribir sobre sus sentires, an\u00e9cdotas e imaginaciones sobre nuestra casa de estudios.<\/p>\n<p>El libro recopila el aporte de 78 escritores y escritoras, alcanzando 107 microrrelatos que exploran el imaginario colectivo sobre la UPLA y que destacan an\u00e9cdotas, recuerdos y reflexiones de estudiantes, funcionarios, acad\u00e9micos y egresados de la Universidad.<\/p>\n<p>El jurado del concurso estuvo compuesto por el <strong>acad\u00e9mico de la<\/strong> <a href=\"https:\/\/upla.cl\/facultad\/arte\/\"><strong>Facultad de Arte<\/strong><\/a>, <strong>Braulio Rojas Castro<\/strong>; la <strong>acad\u00e9mica de la<\/strong> <strong><a href=\"https:\/\/upla.cl\/facultad\/humanidades\/\">Facultad de<\/a> <a href=\"https:\/\/upla.cl\/facultad\/humanidades\/\">Humanidades<\/a><\/strong>, <strong>Jimena Campos Padilla<\/strong>, y por el <strong>asistente editorial de Punt\u00e1ngeles y organizador, Pablo Jara V\u00e1squez<\/strong>, quienes determinaron el primer, segundo y tercer lugar, adem\u00e1s de dos menciones honrosas.<\/p>\n<p><a href=\"https:\/\/upla.cl\/noticias\/wp-content\/uploads\/2025\/12\/cuenta_la_upla-1.jpg\"><img loading=\"lazy\" decoding=\"async\" class=\"alignright size-medium wp-image-194382\" src=\"https:\/\/upla.cl\/noticias\/wp-content\/uploads\/2025\/12\/cuenta_la_upla-1-300x204.jpg\" alt=\"\" width=\"300\" height=\"204\" srcset=\"https:\/\/upla.cl\/noticias\/wp-content\/uploads\/2025\/12\/cuenta_la_upla-1-300x204.jpg 300w, https:\/\/upla.cl\/noticias\/wp-content\/uploads\/2025\/12\/cuenta_la_upla-1-150x102.jpg 150w, https:\/\/upla.cl\/noticias\/wp-content\/uploads\/2025\/12\/cuenta_la_upla-1-768x523.jpg 768w, https:\/\/upla.cl\/noticias\/wp-content\/uploads\/2025\/12\/cuenta_la_upla-1-110x75.jpg 110w, https:\/\/upla.cl\/noticias\/wp-content\/uploads\/2025\/12\/cuenta_la_upla-1.jpg 800w\" sizes=\"auto, (max-width: 300px) 100vw, 300px\" \/><\/a>La jornada de presentaci\u00f3n cont\u00f3 con la participaci\u00f3n de la comunidad universitaria y fue inaugurada por el <strong>rector de la Universidad, Carlos Gonz\u00e1lez Morales<\/strong>, quien destac\u00f3 este ejercicio creativo que impuls\u00f3 a la comunidad UPLA a pensar y repensar nuestra identidad territorial y universitaria.<\/p>\n<p>Asimismo, el evento cont\u00f3 con distintos espacios de celebraci\u00f3n de esta obra colectiva, destacando las lecturas que realiz\u00f3 el equipo de la <a href=\"https:\/\/upla.cl\/facultad\/arte\/sala-de-arte-escenico\/\"><strong>Sala de Arte Esc\u00e9nico UPLA<\/strong><\/a>, compuesto por su <strong>productora, Gabriela Arancibia L\u00f3pez<\/strong> y su <strong>periodista, Daniela Olivares Far\u00edas<\/strong>, junto al <strong>director de la carrera de <a href=\"https:\/\/upla.cl\/facultad\/arte\/teatro\/\">Teatro<\/a>, Andr\u00e9s Hern\u00e1ndez Hidalgo<\/strong>; y la presentaci\u00f3n\u00a0art\u00edstica de los acad\u00e9micos de la Facultad de Arte, <strong>Daniel Diaz Cerda<\/strong> y <strong>Loreto Pizarro Revello.<\/strong><\/p>\n<h4><strong>Resultados del concurso<\/strong><\/h4>\n<p><a href=\"https:\/\/upla.cl\/noticias\/wp-content\/uploads\/2025\/12\/cuenta_la_upla_15.jpg\"><img loading=\"lazy\" decoding=\"async\" class=\"alignright size-medium wp-image-194383\" src=\"https:\/\/upla.cl\/noticias\/wp-content\/uploads\/2025\/12\/cuenta_la_upla_15-300x201.jpg\" alt=\"\" width=\"300\" height=\"201\" srcset=\"https:\/\/upla.cl\/noticias\/wp-content\/uploads\/2025\/12\/cuenta_la_upla_15-300x201.jpg 300w, https:\/\/upla.cl\/noticias\/wp-content\/uploads\/2025\/12\/cuenta_la_upla_15-150x100.jpg 150w, https:\/\/upla.cl\/noticias\/wp-content\/uploads\/2025\/12\/cuenta_la_upla_15-768x514.jpg 768w, https:\/\/upla.cl\/noticias\/wp-content\/uploads\/2025\/12\/cuenta_la_upla_15-110x75.jpg 110w, https:\/\/upla.cl\/noticias\/wp-content\/uploads\/2025\/12\/cuenta_la_upla_15.jpg 800w\" sizes=\"auto, (max-width: 300px) 100vw, 300px\" \/><\/a>Con el auspicio del Fondo de Cultura Econ\u00f3mica a trav\u00e9s de su librer\u00eda Manuel Rojas, la premiaci\u00f3n del concurso otorg\u00f3 el <strong>primer lugar a \u201c1985: Inocencia\u201d<\/strong>, de la e<strong>studiante de postgrado, M\u00f3nica Pinto Verdugo<\/strong>, que trae al presente la ni\u00f1ez de una peque\u00f1a en los ochenta que mira con esperanza la Universidad.<\/p>\n<p>El <strong>segundo puesto se lo llev\u00f3 \u201c414\u201d, de la estudiante de pregrado Camila Mu\u00f1oz Cuyul<\/strong>, un microrrelato lleno de emoci\u00f3n que rinde homenaje a la <strong>estudiante de Administraci\u00f3n Tur\u00edstica Multiling\u00fce, Consuelo P\u00e9rez Castillo<\/strong>.<\/p>\n<p>Por \u00faltimo, el <strong>tercer lugar fue para \u201cCosmichi y un viaje Uplant\u00e1stico\u201d<\/strong>, del <strong>estudiante del <a href=\"https:\/\/www.upla.cl\/institutotecnologico\/\">Instituto Tecnol\u00f3gico<\/a>, Jordan Melillanca Olivares<\/strong>, una breve f\u00e1bula protagonizada por el capit\u00e1n Cosmichi y su tripulaci\u00f3n que aterriza en un planeta inh\u00f3spito.<\/p>\n<p>El concurso tambi\u00e9n galardon\u00f3 con <strong>menciones honrosas<\/strong> al microrrelato de terror <strong>\u201cGrito\u201d, del estudiante Joaqu\u00edn Salcedo Rubio<\/strong>, y la an\u00e9cdota <strong>\u201cMe voy a vender Cuchufl\u00eds\u201d<\/strong>, de la<strong> acad\u00e9mica de la <a href=\"https:\/\/upla.cl\/facultad\/humanidades\/\">Facultad de Humanidades,<\/a> Marcela Herrera Farf\u00e1n<\/strong>.<\/p>\n<p><a href=\"https:\/\/upla.cl\/noticias\/wp-content\/uploads\/2025\/12\/cuenta_la_upla_20.jpg\"><img loading=\"lazy\" decoding=\"async\" class=\"alignright size-medium wp-image-194385\" src=\"https:\/\/upla.cl\/noticias\/wp-content\/uploads\/2025\/12\/cuenta_la_upla_20-300x189.jpg\" alt=\"\" width=\"300\" height=\"189\" srcset=\"https:\/\/upla.cl\/noticias\/wp-content\/uploads\/2025\/12\/cuenta_la_upla_20-300x189.jpg 300w, https:\/\/upla.cl\/noticias\/wp-content\/uploads\/2025\/12\/cuenta_la_upla_20-150x95.jpg 150w, https:\/\/upla.cl\/noticias\/wp-content\/uploads\/2025\/12\/cuenta_la_upla_20-768x485.jpg 768w, https:\/\/upla.cl\/noticias\/wp-content\/uploads\/2025\/12\/cuenta_la_upla_20.jpg 800w\" sizes=\"auto, (max-width: 300px) 100vw, 300px\" \/><\/a>La ceremonia de premiaci\u00f3n tambi\u00e9n tuvo un momento de reconocimiento a los y las estudiantes de <strong><a href=\"https:\/\/upla.cl\/facultad\/arte\/diseno\/\">Dise\u00f1o<\/a><\/strong> que participaron en la confecci\u00f3n de gr\u00e1ficas del libro, aportando con 58 ilustraciones que acompa\u00f1an a algunos de los microrrelatos.<\/p>\n<p><strong>M\u00f3nica Pinto, ganadora del primer lugar<\/strong>, coment\u00f3 que este ejercicio de escritura \u201csignific\u00f3 sumergirse en los recuerdos. Fue en un momento en que estaba en realidad bastante triste y nost\u00e1lgica. Yo nac\u00ed aqu\u00ed, en el Cerro Bar\u00f3n. Mis padres se fueron de Valpara\u00edso en los a\u00f1os ochenta, por la crisis econ\u00f3mica y jam\u00e1s pens\u00e9 que el doctorado lo iba a hacer en esa universidad que siempre ve\u00eda cuando ven\u00eda al cementerio a ver a mi abuela. Entonces, es una emoci\u00f3n muy grande y una activaci\u00f3n de muchos recuerdos\u201d.<\/p>\n<p><a href=\"https:\/\/upla.cl\/noticias\/wp-content\/uploads\/2025\/12\/cuenta_la_upla_22.jpg\"><img loading=\"lazy\" decoding=\"async\" class=\"alignright size-medium wp-image-194381\" src=\"https:\/\/upla.cl\/noticias\/wp-content\/uploads\/2025\/12\/cuenta_la_upla_22-300x189.jpg\" alt=\"\" width=\"300\" height=\"189\" srcset=\"https:\/\/upla.cl\/noticias\/wp-content\/uploads\/2025\/12\/cuenta_la_upla_22-300x189.jpg 300w, https:\/\/upla.cl\/noticias\/wp-content\/uploads\/2025\/12\/cuenta_la_upla_22-150x95.jpg 150w, https:\/\/upla.cl\/noticias\/wp-content\/uploads\/2025\/12\/cuenta_la_upla_22-768x484.jpg 768w, https:\/\/upla.cl\/noticias\/wp-content\/uploads\/2025\/12\/cuenta_la_upla_22.jpg 800w\" sizes=\"auto, (max-width: 300px) 100vw, 300px\" \/><\/a>Por parte de la Editorial,<strong> Pablo Jara sostuvo<\/strong> que este concurso es una de las primeras instancias de este tipo para Punt\u00e1ngeles, \u201cadem\u00e1s, enfocado desde la creaci\u00f3n literaria, lo cual tambi\u00e9n viene a recalcar o a darle como un nuevo quehacer a la Editorial y sus publicaciones\u201d. Sobre la continuidad del concurso, el profesional adelant\u00f3 que se est\u00e1 estudiando su segunda versi\u00f3n para 2026 con algunas variaciones como un concurso de cuentos, no obstante recalc\u00f3 que \u201cest\u00e1 por verse\u201d.<\/p>\n<p>Para las personas<strong> interesadas en conseguir un ejemplar del libro,<\/strong> est\u00e1 disponible para <strong>retirarlo en la oficina de la Direcci\u00f3n General de Vinculaci\u00f3n con el Medio<\/strong>, ubicada en el segundo piso, a un costado del Aula Dr. F\u00e9lix Morales Pettorino.<\/p>\n<p><em>Fuente: Esteban Moreno Torres, periodista Direcci\u00f3n General de Vinculaci\u00f3n con el Medio<\/em><\/p>\n","protected":false},"excerpt":{"rendered":"<p>El texto es el resultado del concurso de microrrelatos hom\u00f3nimo, realizado por la Editorial durante el primer semestre de 2025 y que cont\u00f3 con el auspicio del Fondo de Cultura Econ\u00f3mica.<\/p>\n","protected":false},"author":10,"featured_media":194381,"comment_status":"closed","ping_status":"open","sticky":false,"template":"","format":"standard","meta":{"footnotes":""},"categories":[51,96,60,40,69,97,99,83,208,91],"tags":[],"class_list":["post-194379","post","type-post","status-publish","format-standard","has-post-thumbnail","","category-academia","category-academicos","category-campus-san-felipe","category-destacados","category-egresados","category-estudiantes","category-funcionarios","category-instituto-tecnologico","category-sala-upla","category-vinculacion-con-el-medio"],"_links":{"self":[{"href":"https:\/\/upla.cl\/noticias\/wp-json\/wp\/v2\/posts\/194379","targetHints":{"allow":["GET"]}}],"collection":[{"href":"https:\/\/upla.cl\/noticias\/wp-json\/wp\/v2\/posts"}],"about":[{"href":"https:\/\/upla.cl\/noticias\/wp-json\/wp\/v2\/types\/post"}],"author":[{"embeddable":true,"href":"https:\/\/upla.cl\/noticias\/wp-json\/wp\/v2\/users\/10"}],"replies":[{"embeddable":true,"href":"https:\/\/upla.cl\/noticias\/wp-json\/wp\/v2\/comments?post=194379"}],"version-history":[{"count":2,"href":"https:\/\/upla.cl\/noticias\/wp-json\/wp\/v2\/posts\/194379\/revisions"}],"predecessor-version":[{"id":194388,"href":"https:\/\/upla.cl\/noticias\/wp-json\/wp\/v2\/posts\/194379\/revisions\/194388"}],"wp:featuredmedia":[{"embeddable":true,"href":"https:\/\/upla.cl\/noticias\/wp-json\/wp\/v2\/media\/194381"}],"wp:attachment":[{"href":"https:\/\/upla.cl\/noticias\/wp-json\/wp\/v2\/media?parent=194379"}],"wp:term":[{"taxonomy":"category","embeddable":true,"href":"https:\/\/upla.cl\/noticias\/wp-json\/wp\/v2\/categories?post=194379"},{"taxonomy":"post_tag","embeddable":true,"href":"https:\/\/upla.cl\/noticias\/wp-json\/wp\/v2\/tags?post=194379"}],"curies":[{"name":"wp","href":"https:\/\/api.w.org\/{rel}","templated":true}]}}