{"id":194411,"date":"2025-12-23T17:56:56","date_gmt":"2025-12-23T20:56:56","guid":{"rendered":"https:\/\/upla.cl\/noticias\/?p=194411"},"modified":"2025-12-23T18:01:16","modified_gmt":"2025-12-23T21:01:16","slug":"liderazgo-y-transformacion-pedagogia-en-educacion-basica-redefine-el-rol-docente-para-los-desafios-del-siglo-xxi","status":"publish","type":"post","link":"https:\/\/upla.cl\/noticias\/2025\/12\/23\/liderazgo-y-transformacion-pedagogia-en-educacion-basica-redefine-el-rol-docente-para-los-desafios-del-siglo-xxi\/","title":{"rendered":"Liderazgo y transformaci\u00f3n: Pedagog\u00eda en Educaci\u00f3n B\u00e1sica redefine el rol docente para los desaf\u00edos del Siglo XXI"},"content":{"rendered":"\r\n\r\n\r\n\r\n\r\n<p><a href=\"https:\/\/upla.cl\/noticias\/wp-content\/uploads\/2025\/12\/Ped-Ba\u0301sica-1.png\"><img loading=\"lazy\" decoding=\"async\" class=\"alignright wp-image-194416 size-medium\" src=\"https:\/\/upla.cl\/noticias\/wp-content\/uploads\/2025\/12\/Ped-Ba\u0301sica-1-300x199.png\" alt=\"Liderazgo y transformaci\u00f3n: Pedagog\u00eda en Educaci\u00f3n B\u00e1sica redefine el rol docente para los desaf\u00edos del Siglo XXI\" width=\"300\" height=\"199\" srcset=\"https:\/\/upla.cl\/noticias\/wp-content\/uploads\/2025\/12\/Ped-Ba\u0301sica-1-300x199.png 300w, https:\/\/upla.cl\/noticias\/wp-content\/uploads\/2025\/12\/Ped-Ba\u0301sica-1-1024x678.png 1024w, https:\/\/upla.cl\/noticias\/wp-content\/uploads\/2025\/12\/Ped-Ba\u0301sica-1-150x99.png 150w, https:\/\/upla.cl\/noticias\/wp-content\/uploads\/2025\/12\/Ped-Ba\u0301sica-1-768x509.png 768w, https:\/\/upla.cl\/noticias\/wp-content\/uploads\/2025\/12\/Ped-Ba\u0301sica-1-1536x1018.png 1536w, https:\/\/upla.cl\/noticias\/wp-content\/uploads\/2025\/12\/Ped-Ba\u0301sica-1-310x205.png 310w, https:\/\/upla.cl\/noticias\/wp-content\/uploads\/2025\/12\/Ped-Ba\u0301sica-1.png 1920w\" sizes=\"auto, (max-width: 300px) 100vw, 300px\" \/><\/a>El pasado 11 de diciembre, la <a href=\"https:\/\/www.upla.cl\/facultad\/cienciaseducacion\/\"><strong>Facultad de Ciencias de la Educaci\u00f3n<\/strong> <\/a>se convirti\u00f3 en el epicentro de un debate fundamental: \u00bfqu\u00e9 significa ser profesor de Educaci\u00f3n B\u00e1sica en la sociedad actual? A trav\u00e9s de una jornada de trabajo colaborativo, la carrera de <a href=\"https:\/\/www.upla.cl\/admision\/carreras-profesionales\/facultad-de-ciencias-de-laeducacion\/pedagogia-en-educacion-basica\/\"><strong>Pedagog\u00eda en Educaci\u00f3n B\u00e1sica<\/strong><\/a> convoc\u00f3 a su comunidad para analizar los pilares de su formaci\u00f3n inicial y proyectar el ejercicio docente hacia las pr\u00f3ximas d\u00e9cadas.<\/p>\r\n<p>La instancia destac\u00f3 por su car\u00e1cter intergeneracional. Estudiantes, acad\u00e9micos y egresados compartieron experiencias que permitieron confrontar la teor\u00eda universitaria con las exigencias cr\u00edticas del sistema escolar vigente. Este intercambio no solo sirvi\u00f3 para reflexionar sobre la pr\u00e1ctica pedag\u00f3gica, sino para anticipar los desaf\u00edos \u00e9ticos y sociales que los futuros profesionales deber\u00e1n liderar.<\/p>\r\n<p><a href=\"https:\/\/upla.cl\/noticias\/wp-content\/uploads\/2025\/12\/Ped-Ba\u0301sica-2.png\"><img loading=\"lazy\" decoding=\"async\" class=\"alignleft size-medium wp-image-194417\" src=\"https:\/\/upla.cl\/noticias\/wp-content\/uploads\/2025\/12\/Ped-Ba\u0301sica-2-300x206.png\" alt=\"\" width=\"300\" height=\"206\" srcset=\"https:\/\/upla.cl\/noticias\/wp-content\/uploads\/2025\/12\/Ped-Ba\u0301sica-2-300x206.png 300w, https:\/\/upla.cl\/noticias\/wp-content\/uploads\/2025\/12\/Ped-Ba\u0301sica-2-1024x704.png 1024w, https:\/\/upla.cl\/noticias\/wp-content\/uploads\/2025\/12\/Ped-Ba\u0301sica-2-150x103.png 150w, https:\/\/upla.cl\/noticias\/wp-content\/uploads\/2025\/12\/Ped-Ba\u0301sica-2-768x528.png 768w, https:\/\/upla.cl\/noticias\/wp-content\/uploads\/2025\/12\/Ped-Ba\u0301sica-2-1536x1057.png 1536w, https:\/\/upla.cl\/noticias\/wp-content\/uploads\/2025\/12\/Ped-Ba\u0301sica-2-2048x1409.png 2048w, https:\/\/upla.cl\/noticias\/wp-content\/uploads\/2025\/12\/Ped-Ba\u0301sica-2-110x75.png 110w\" sizes=\"auto, (max-width: 300px) 100vw, 300px\" \/><\/a>En el marco de sus procesos de mejora permanente, la jornada se centr\u00f3 en competencias clave del perfil de egreso:<br \/>\u2022 Adaptabilidad: Capacidad de respuesta en contextos educativos diversos.<br \/>\u2022 Colaboraci\u00f3n: El trabajo en equipo como motor de cambio.<br \/>\u2022 Responsabilidad \u00c9tica: Un compromiso ineludible con el aprendizaje integral de todos los ni\u00f1os y ni\u00f1as.<\/p>\r\n<p>\u00a0M\u00e1s que una actividad acad\u00e9mica, este encuentro permiti\u00f3 recoger insumos vitales de quienes ya ejercen la profesi\u00f3n, asegurando que el plan formativo de la carrera se mantenga en sinton\u00eda con la realidad.<\/p>\r\n<p>Al cierre de la jornada, el mensaje fue claro: el profesor de Educaci\u00f3n B\u00e1sica de nuestra instituci\u00f3n no es solo un instructor, sino un agente fundamental de transformaci\u00f3n social. Con esta iniciativa, la carrera refuerza su identidad y su compromiso de entregar al pa\u00eds profesionales capaces de inspirar y conducir el cambio desde las aulas.<\/p>\r\n<div id='gallery-1' class='gallery galleryid-194411 gallery-columns-3 gallery-size-thumbnail'><figure class='gallery-item'>\n\t\t\t<div class='gallery-icon landscape'>\n\t\t\t\t<a href='https:\/\/upla.cl\/noticias\/wp-content\/uploads\/2025\/12\/Ped-Ba\u0301sica-2-1.png'><img loading=\"lazy\" decoding=\"async\" width=\"150\" height=\"103\" src=\"https:\/\/upla.cl\/noticias\/wp-content\/uploads\/2025\/12\/Ped-Ba\u0301sica-2-1-150x103.png\" class=\"attachment-thumbnail size-thumbnail\" alt=\"\" srcset=\"https:\/\/upla.cl\/noticias\/wp-content\/uploads\/2025\/12\/Ped-Ba\u0301sica-2-1-150x103.png 150w, https:\/\/upla.cl\/noticias\/wp-content\/uploads\/2025\/12\/Ped-Ba\u0301sica-2-1-300x206.png 300w, https:\/\/upla.cl\/noticias\/wp-content\/uploads\/2025\/12\/Ped-Ba\u0301sica-2-1-1024x704.png 1024w, https:\/\/upla.cl\/noticias\/wp-content\/uploads\/2025\/12\/Ped-Ba\u0301sica-2-1-768x528.png 768w, https:\/\/upla.cl\/noticias\/wp-content\/uploads\/2025\/12\/Ped-Ba\u0301sica-2-1-1536x1057.png 1536w, https:\/\/upla.cl\/noticias\/wp-content\/uploads\/2025\/12\/Ped-Ba\u0301sica-2-1-2048x1409.png 2048w, https:\/\/upla.cl\/noticias\/wp-content\/uploads\/2025\/12\/Ped-Ba\u0301sica-2-1-110x75.png 110w\" sizes=\"auto, (max-width: 150px) 100vw, 150px\" \/><\/a>\n\t\t\t<\/div><\/figure><figure class='gallery-item'>\n\t\t\t<div class='gallery-icon landscape'>\n\t\t\t\t<a href='https:\/\/upla.cl\/noticias\/wp-content\/uploads\/2025\/12\/Pedagogi\u0301a-5.png'><img loading=\"lazy\" decoding=\"async\" width=\"150\" height=\"103\" src=\"https:\/\/upla.cl\/noticias\/wp-content\/uploads\/2025\/12\/Pedagogi\u0301a-5-150x103.png\" class=\"attachment-thumbnail size-thumbnail\" alt=\"\" srcset=\"https:\/\/upla.cl\/noticias\/wp-content\/uploads\/2025\/12\/Pedagogi\u0301a-5-150x103.png 150w, https:\/\/upla.cl\/noticias\/wp-content\/uploads\/2025\/12\/Pedagogi\u0301a-5-300x207.png 300w, https:\/\/upla.cl\/noticias\/wp-content\/uploads\/2025\/12\/Pedagogi\u0301a-5-1024x705.png 1024w, https:\/\/upla.cl\/noticias\/wp-content\/uploads\/2025\/12\/Pedagogi\u0301a-5-768x529.png 768w, https:\/\/upla.cl\/noticias\/wp-content\/uploads\/2025\/12\/Pedagogi\u0301a-5-1536x1058.png 1536w, https:\/\/upla.cl\/noticias\/wp-content\/uploads\/2025\/12\/Pedagogi\u0301a-5-2048x1411.png 2048w, https:\/\/upla.cl\/noticias\/wp-content\/uploads\/2025\/12\/Pedagogi\u0301a-5-110x75.png 110w\" sizes=\"auto, (max-width: 150px) 100vw, 150px\" \/><\/a>\n\t\t\t<\/div><\/figure>\n\t\t<\/div>\n\r\n","protected":false},"excerpt":{"rendered":"<p>En un encuentro que reuni\u00f3 a estudiantes, acad\u00e9micos y egresados, la Facultad de Ciencias de la Educaci\u00f3n impuls\u00f3 un di\u00e1logo estrat\u00e9gico sobre las competencias \u00e9ticas y sociales que demanda el sistema educativo actual.<\/p>\n","protected":false},"author":3,"featured_media":194424,"comment_status":"closed","ping_status":"open","sticky":false,"template":"","format":"standard","meta":{"footnotes":""},"categories":[51,96,40,101,97,73],"tags":[],"class_list":["post-194411","post","type-post","status-publish","format-standard","has-post-thumbnail","","category-academia","category-academicos","category-destacados","category-docencia","category-estudiantes","category-facultad-de-ciencias-de-la-educacion"],"_links":{"self":[{"href":"https:\/\/upla.cl\/noticias\/wp-json\/wp\/v2\/posts\/194411","targetHints":{"allow":["GET"]}}],"collection":[{"href":"https:\/\/upla.cl\/noticias\/wp-json\/wp\/v2\/posts"}],"about":[{"href":"https:\/\/upla.cl\/noticias\/wp-json\/wp\/v2\/types\/post"}],"author":[{"embeddable":true,"href":"https:\/\/upla.cl\/noticias\/wp-json\/wp\/v2\/users\/3"}],"replies":[{"embeddable":true,"href":"https:\/\/upla.cl\/noticias\/wp-json\/wp\/v2\/comments?post=194411"}],"version-history":[{"count":2,"href":"https:\/\/upla.cl\/noticias\/wp-json\/wp\/v2\/posts\/194411\/revisions"}],"predecessor-version":[{"id":194427,"href":"https:\/\/upla.cl\/noticias\/wp-json\/wp\/v2\/posts\/194411\/revisions\/194427"}],"wp:featuredmedia":[{"embeddable":true,"href":"https:\/\/upla.cl\/noticias\/wp-json\/wp\/v2\/media\/194424"}],"wp:attachment":[{"href":"https:\/\/upla.cl\/noticias\/wp-json\/wp\/v2\/media?parent=194411"}],"wp:term":[{"taxonomy":"category","embeddable":true,"href":"https:\/\/upla.cl\/noticias\/wp-json\/wp\/v2\/categories?post=194411"},{"taxonomy":"post_tag","embeddable":true,"href":"https:\/\/upla.cl\/noticias\/wp-json\/wp\/v2\/tags?post=194411"}],"curies":[{"name":"wp","href":"https:\/\/api.w.org\/{rel}","templated":true}]}}