{"id":194615,"date":"2026-01-06T17:57:51","date_gmt":"2026-01-06T20:57:51","guid":{"rendered":"https:\/\/upla.cl\/noticias\/?p=194615"},"modified":"2026-01-06T17:58:02","modified_gmt":"2026-01-06T20:58:02","slug":"del-12-al-14-de-enero-en-la-upla-vinculacion-con-el-medio-te-invita-a-participar-de-su-escuela-de-verano-2026","status":"publish","type":"post","link":"https:\/\/upla.cl\/noticias\/2026\/01\/06\/del-12-al-14-de-enero-en-la-upla-vinculacion-con-el-medio-te-invita-a-participar-de-su-escuela-de-verano-2026\/","title":{"rendered":"Del 12 al 14 de enero en la UPLA: Vinculaci\u00f3n con el Medio te invita a participar de su \u201cEscuela de Verano 2026\u201d"},"content":{"rendered":"<p><a href=\"https:\/\/upla.cl\/noticias\/wp-content\/uploads\/2026\/01\/Grafica-HORIZONTAL.jpg\"><img loading=\"lazy\" decoding=\"async\" class=\"aligncenter size-large wp-image-194618\" src=\"https:\/\/upla.cl\/noticias\/wp-content\/uploads\/2026\/01\/Grafica-HORIZONTAL-1024x576.jpg\" alt=\"\" width=\"618\" height=\"348\" srcset=\"https:\/\/upla.cl\/noticias\/wp-content\/uploads\/2026\/01\/Grafica-HORIZONTAL-1024x576.jpg 1024w, https:\/\/upla.cl\/noticias\/wp-content\/uploads\/2026\/01\/Grafica-HORIZONTAL-300x169.jpg 300w, https:\/\/upla.cl\/noticias\/wp-content\/uploads\/2026\/01\/Grafica-HORIZONTAL-150x84.jpg 150w, https:\/\/upla.cl\/noticias\/wp-content\/uploads\/2026\/01\/Grafica-HORIZONTAL-768x432.jpg 768w, https:\/\/upla.cl\/noticias\/wp-content\/uploads\/2026\/01\/Grafica-HORIZONTAL.jpg 1065w\" sizes=\"auto, (max-width: 618px) 100vw, 618px\" \/><\/a><\/p>\n<p>Este pr\u00f3ximo lunes 12, martes 13 y mi\u00e9rcoles 14 de enero se llevar\u00e1 a cabo en la Universidad de Playa Ancha la \u00abEscuela de Verano 2026\u00bb, organizada por la Direcci\u00f3n General de Vinculaci\u00f3n con el Medio (DGVM), y cuyas actividades son totalmente gratuitas y pensadas para la comunidad en general, tanto interna como externa.<\/p>\n<p>Un evento que busca entregar espacios de esparcimiento para toda la comunidad, poniendo a disposici\u00f3n sus instalaciones para crear instancias de di\u00e1logo y aprendizaje en torno a \u00e1mbitos como el liderazgo comunitario; la salud y el bienestar social; la educaci\u00f3n; y el arte, la cultura y el patrimonio.<\/p>\n<p>En ese marco, este a\u00f1o la \u00abEscuela de Verano\u00bb considera charlas y talleres completamente gratuitos sobre el uso de la inteligencia artificial, postulaciones a fondos concursables para organizaciones sociales, ilustraci\u00f3n, arteterapia y filosof\u00eda para ni\u00f1os, entre otras actividades.<\/p>\n<p><a href=\"https:\/\/upla.cl\/noticias\/wp-content\/uploads\/2026\/01\/Grafica-sesion-reflexion-docente.jpg\"><img loading=\"lazy\" decoding=\"async\" class=\"alignright size-medium wp-image-194617\" src=\"https:\/\/upla.cl\/noticias\/wp-content\/uploads\/2026\/01\/Grafica-sesion-reflexion-docente-240x300.jpg\" alt=\"\" width=\"240\" height=\"300\" srcset=\"https:\/\/upla.cl\/noticias\/wp-content\/uploads\/2026\/01\/Grafica-sesion-reflexion-docente-240x300.jpg 240w, https:\/\/upla.cl\/noticias\/wp-content\/uploads\/2026\/01\/Grafica-sesion-reflexion-docente-819x1024.jpg 819w, https:\/\/upla.cl\/noticias\/wp-content\/uploads\/2026\/01\/Grafica-sesion-reflexion-docente-120x150.jpg 120w, https:\/\/upla.cl\/noticias\/wp-content\/uploads\/2026\/01\/Grafica-sesion-reflexion-docente-768x960.jpg 768w, https:\/\/upla.cl\/noticias\/wp-content\/uploads\/2026\/01\/Grafica-sesion-reflexion-docente.jpg 1080w\" sizes=\"auto, (max-width: 240px) 100vw, 240px\" \/><\/a>Junto con ello, se realizar\u00e1 el <strong>cierre del proyecto Social CreaLab \u00abBiograf\u00edas con Ciencia 2.0\u00bb<\/strong>, el que aborda la integraci\u00f3n de la perspectiva de g\u00e9nero en la ense\u00f1anza y la docencia, actividad destinada principalmente a docentes en ejercicio, estudiantes de pedagog\u00eda o personas interesadas en la materia.<\/p>\n<p>La <strong>coordinadora de la Unidad de Vinculaci\u00f3n Acad\u00e9mica y Desarrollo Territorial de la DGVM, Gabriela Contreras Escudero,<\/strong> destac\u00f3 que \u201cla \u2018Escuela de Verano\u2019 es una instancia donde la Universidad, en su calidad de instituci\u00f3n de educaci\u00f3n superior p\u00fablica, abre sus puertas a la comunidad para poner a disposici\u00f3n espacios que permitan el intercambio y di\u00e1logo en vista de fortalecer el entramado social de Playa Ancha, Valpara\u00edso y la regi\u00f3n. Es con ese esp\u00edritu que compartimos distintas actividades pensadas para ni\u00f1eces, adolescentes, j\u00f3venes, adultos y personas mayores que se enmarcan en algunos de los \u00e1mbitos de acci\u00f3n priorizados por nuestra Pol\u00edtica Institucional de Vinculaci\u00f3n con el Medio: arte, cultura y patrimonio; salud y bienestar social; liderazgo comunitario; y desarrollo social y educaci\u00f3n\u201d.<\/p>\n<p>Por otra parte, Gabriela Contreras a\u00f1adi\u00f3 que \u201ctambi\u00e9n nos parece interesante recordar que existe una charla inaugural pensada precisamente para reflexionar sobre el rol que cada una y cada uno de nosotros jugamos en nuestros barrios, para potenciarlos a<br \/>\npartir de la acci\u00f3n comunitaria y la construcci\u00f3n de proyectos conjuntos, en oposici\u00f3n a las pr\u00e1cticas individualistas que nos perjudican y debilitan como sociedad\u201d.<\/p>\n<p>Si deseas participar en alguno de los talleres disponibles, puedes hacerlo ingresando al siguiente <a href=\"https:\/\/docs.google.com\/forms\/d\/e\/1FAIpQLSeYkQNzCnX3EsyXeNtafkfsY1EDCDqPF0g6YTI5BmrYFYIgrg\/viewform?fbclid=PAZXh0bgNhZW0CMTEAc3J0YwZhcHBfaWQMMjU2MjgxMDQwNTU4AAGn9ew-ZPW0KRTc-xkvhrIsNyPhcdiHqMFr7FPMQHPDf3-GQylw5-MtEx-YZL8_aem_K-z1CsmbK1Yx1dkgSxP-Sg&amp;pli=1\" target=\"_blank\" rel=\"noopener\"><strong>formulario de inscripci\u00f3n<\/strong><\/a>.<\/p>\n<p>Y a continuaci\u00f3n, puedes revisar la <strong><a href=\"https:\/\/upla.cl\/noticias\/wp-content\/uploads\/2026\/01\/Programa-Escuela-de-Verano-2026.pdf\">programaci\u00f3n por d\u00eda de la \u201cEscuela de Verano 2026\u201d<\/a>.<\/strong><\/p>\n<p><em>Fuente: Daniel Labb\u00e9 Y., periodista Direcci\u00f3n General de Vinculaci\u00f3n con el Medio \/ Campus San Felipe<\/em><\/p>\n","protected":false},"excerpt":{"rendered":"<p>Las diversas actividades son totalmente gratuitas y abiertas a la comunidad interna y externa de la Universidad.<\/p>\n","protected":false},"author":10,"featured_media":194618,"comment_status":"closed","ping_status":"open","sticky":false,"template":"","format":"standard","meta":{"footnotes":""},"categories":[51,96,40,91],"tags":[],"class_list":["post-194615","post","type-post","status-publish","format-standard","has-post-thumbnail","","category-academia","category-academicos","category-destacados","category-vinculacion-con-el-medio"],"_links":{"self":[{"href":"https:\/\/upla.cl\/noticias\/wp-json\/wp\/v2\/posts\/194615","targetHints":{"allow":["GET"]}}],"collection":[{"href":"https:\/\/upla.cl\/noticias\/wp-json\/wp\/v2\/posts"}],"about":[{"href":"https:\/\/upla.cl\/noticias\/wp-json\/wp\/v2\/types\/post"}],"author":[{"embeddable":true,"href":"https:\/\/upla.cl\/noticias\/wp-json\/wp\/v2\/users\/10"}],"replies":[{"embeddable":true,"href":"https:\/\/upla.cl\/noticias\/wp-json\/wp\/v2\/comments?post=194615"}],"version-history":[{"count":1,"href":"https:\/\/upla.cl\/noticias\/wp-json\/wp\/v2\/posts\/194615\/revisions"}],"predecessor-version":[{"id":194619,"href":"https:\/\/upla.cl\/noticias\/wp-json\/wp\/v2\/posts\/194615\/revisions\/194619"}],"wp:featuredmedia":[{"embeddable":true,"href":"https:\/\/upla.cl\/noticias\/wp-json\/wp\/v2\/media\/194618"}],"wp:attachment":[{"href":"https:\/\/upla.cl\/noticias\/wp-json\/wp\/v2\/media?parent=194615"}],"wp:term":[{"taxonomy":"category","embeddable":true,"href":"https:\/\/upla.cl\/noticias\/wp-json\/wp\/v2\/categories?post=194615"},{"taxonomy":"post_tag","embeddable":true,"href":"https:\/\/upla.cl\/noticias\/wp-json\/wp\/v2\/tags?post=194615"}],"curies":[{"name":"wp","href":"https:\/\/api.w.org\/{rel}","templated":true}]}}