{"id":194621,"date":"2026-01-06T15:50:04","date_gmt":"2026-01-06T18:50:04","guid":{"rendered":"https:\/\/upla.cl\/noticias\/?p=194621"},"modified":"2026-01-06T15:50:04","modified_gmt":"2026-01-06T18:50:04","slug":"convocatoria-historica-ix-version-de-upla-canta-reunira-a-20-voces-en-una-gala-record-de-talento-y-actitud","status":"publish","type":"post","link":"https:\/\/upla.cl\/noticias\/2026\/01\/06\/convocatoria-historica-ix-version-de-upla-canta-reunira-a-20-voces-en-una-gala-record-de-talento-y-actitud\/","title":{"rendered":"Convocatoria hist\u00f3rica: IX versi\u00f3n de UPLA Canta reunir\u00e1 a 20 voces en una gala r\u00e9cord de talento y actitud"},"content":{"rendered":"<p data-path-to-node=\"1\"><a href=\"https:\/\/upla.cl\/noticias\/wp-content\/uploads\/2026\/01\/afiche_gala.png\"><img loading=\"lazy\" decoding=\"async\" class=\"alignleft wp-image-194622 size-medium\" src=\"https:\/\/upla.cl\/noticias\/wp-content\/uploads\/2026\/01\/afiche_gala-300x251.png\" alt=\"Convocatoria hist\u00f3rica: IX versi\u00f3n de UPLA Canta reunir\u00e1 a 20 voces en una gala r\u00e9cord de talento y actitud\" width=\"300\" height=\"251\" srcset=\"https:\/\/upla.cl\/noticias\/wp-content\/uploads\/2026\/01\/afiche_gala-300x251.png 300w, https:\/\/upla.cl\/noticias\/wp-content\/uploads\/2026\/01\/afiche_gala-150x126.png 150w, https:\/\/upla.cl\/noticias\/wp-content\/uploads\/2026\/01\/afiche_gala-768x644.png 768w, https:\/\/upla.cl\/noticias\/wp-content\/uploads\/2026\/01\/afiche_gala.png 940w\" sizes=\"auto, (max-width: 300px) 100vw, 300px\" \/><\/a>La <strong>Universidad de Playa Ancha<\/strong> se prepara para vivir una jornada hist\u00f3rica de talento y compa\u00f1erismo con la llegada de la <b data-path-to-node=\"1\" data-index-in-node=\"121\">IX versi\u00f3n de \u00abUPLA Canta\u00bb<\/b>. El pr\u00f3ximo <b data-path-to-node=\"1\" data-index-in-node=\"160\">martes 13 de enero, a las 17:00 horas<\/b>, el Dr. F\u00e9lix Morales Pettorino abrir\u00e1 sus puertas para recibir una gala que promete ser inolvidable, consolid\u00e1ndose como uno de los hitos culturales m\u00e1s esperados por quienes integran nuestra instituci\u00f3n. Bajo el lema <b data-path-to-node=\"1\" data-index-in-node=\"418\">\u00abCumple tu sue\u00f1o de cantar en un escenario\u00bb<\/b>, este encuentro busca trascender lo art\u00edstico para convertirse en un espacio de uni\u00f3n y reconocimiento entre colegas de diversas \u00e1reas.<\/p>\n<p data-path-to-node=\"2\">Este a\u00f1o, el evento alcanza un hito sin precedentes al contar con <b data-path-to-node=\"2\" data-index-in-node=\"66\">20 participantes<\/b>, la convocatoria m\u00e1s numerosa desde que se tiene registro. Este crecimiento no es casualidad; refleja el esp\u00edritu participativo de nuestra comunidad universitaria, superando con creces los 15 int\u00e9rpretes de la edici\u00f3n anterior. Profesores, funcionarios y profesionales de distintas unidades dejar\u00e1n por un momento sus labores habituales para subir al escenario y cumplir el sue\u00f1o de ser artistas por un d\u00eda, demostrando que el talento y la pasi\u00f3n no conocen de jerarqu\u00edas ni departamentos.<\/p>\n<p data-path-to-node=\"3\">La excelencia musical est\u00e1 garantizada gracias al acompa\u00f1amiento de la <b data-path-to-node=\"3\" data-index-in-node=\"71\">Orquesta Pregonarte<\/b>, integrada por destacados acad\u00e9micos de la Facultad de Arte. Los 20 protagonistas han recibido apoyo en t\u00e9cnica vocal y expresi\u00f3n corporal, asegurando que cada presentaci\u00f3n sea una muestra interpretativa de alto nivel profesional. No se trata simplemente de un festival de aficionados, sino de una plataforma donde la generosidad de los m\u00fasicos profesionales se fusiona con la entrega de los participantes para ofrecer un espect\u00e1culo de calidad a todo el marco de p\u00fablico asistente.<\/p>\n<p data-path-to-node=\"4\">M\u00e1s all\u00e1 de las melod\u00edas, \u00abUPLA Canta\u00bb se ha transformado en un verdadero movimiento que humaniza nuestro espacio de trabajo. Al vernos y escucharnos en un contexto diferente, fortalecemos los lazos de camarader\u00eda y nos permitimos conocer a la persona detr\u00e1s del cargo. Como bien se\u00f1ala el esp\u00edritu de esta iniciativa, la m\u00fasica es la herramienta perfecta para hacer m\u00e1s pleno nuestro lugar de convivencia diaria, permiti\u00e9ndonos compartir vivencias que quedar\u00e1n guardadas como un recuerdo gratificante para el alma y la memoria institucional.<\/p>\n<p data-path-to-node=\"5\">Recordamos que esta invitaci\u00f3n se extiende a toda la comunidad universitaria para que asistan a esta gran gala abierta y apoyen con buena energ\u00eda y\u00a0 aplausos a sus compa\u00f1eros. Su presencia es fundamental para completar este c\u00edrculo de armon\u00eda y para celebrar juntos el esfuerzo y la valent\u00eda de quienes se atreven a compartir su voz (que muchas veces es m\u00e1s actitud que otra cosa).<\/p>\n<p data-path-to-node=\"5\">No lo olviden, la cita es este martes 13 de enero para vivir una tarde de alegr\u00eda, emoci\u00f3n y verdadera comunidad!<\/p>\n","protected":false},"excerpt":{"rendered":"<p>El encuentro se realizar\u00e1 este martes 13 de enero, a las 17:00 horas, en el Aula Dr. F\u00e9lix Morales Pettorino. Corresponde a la novena edici\u00f3n con la cual se  busca consolidar los lazos entre colegas a trav\u00e9s del arte. <\/p>\n","protected":false},"author":3,"featured_media":194622,"comment_status":"closed","ping_status":"open","sticky":false,"template":"","format":"standard","meta":{"footnotes":""},"categories":[51,96,40,101,71,99,1],"tags":[],"class_list":["post-194621","post","type-post","status-publish","format-standard","has-post-thumbnail","","category-academia","category-academicos","category-destacados","category-docencia","category-facultad-de-arte","category-funcionarios","category-sin-categoria"],"_links":{"self":[{"href":"https:\/\/upla.cl\/noticias\/wp-json\/wp\/v2\/posts\/194621","targetHints":{"allow":["GET"]}}],"collection":[{"href":"https:\/\/upla.cl\/noticias\/wp-json\/wp\/v2\/posts"}],"about":[{"href":"https:\/\/upla.cl\/noticias\/wp-json\/wp\/v2\/types\/post"}],"author":[{"embeddable":true,"href":"https:\/\/upla.cl\/noticias\/wp-json\/wp\/v2\/users\/3"}],"replies":[{"embeddable":true,"href":"https:\/\/upla.cl\/noticias\/wp-json\/wp\/v2\/comments?post=194621"}],"version-history":[{"count":2,"href":"https:\/\/upla.cl\/noticias\/wp-json\/wp\/v2\/posts\/194621\/revisions"}],"predecessor-version":[{"id":194625,"href":"https:\/\/upla.cl\/noticias\/wp-json\/wp\/v2\/posts\/194621\/revisions\/194625"}],"wp:featuredmedia":[{"embeddable":true,"href":"https:\/\/upla.cl\/noticias\/wp-json\/wp\/v2\/media\/194622"}],"wp:attachment":[{"href":"https:\/\/upla.cl\/noticias\/wp-json\/wp\/v2\/media?parent=194621"}],"wp:term":[{"taxonomy":"category","embeddable":true,"href":"https:\/\/upla.cl\/noticias\/wp-json\/wp\/v2\/categories?post=194621"},{"taxonomy":"post_tag","embeddable":true,"href":"https:\/\/upla.cl\/noticias\/wp-json\/wp\/v2\/tags?post=194621"}],"curies":[{"name":"wp","href":"https:\/\/api.w.org\/{rel}","templated":true}]}}