{"id":194667,"date":"2026-01-19T13:47:58","date_gmt":"2026-01-19T16:47:58","guid":{"rendered":"https:\/\/upla.cl\/noticias\/?p=194667"},"modified":"2026-01-19T13:47:58","modified_gmt":"2026-01-19T16:47:58","slug":"upla-fortalece-su-compromiso-institucional-mediante-avances-concretos-de-la-comision-triestamental-de-seguimiento","status":"publish","type":"post","link":"https:\/\/upla.cl\/noticias\/2026\/01\/19\/upla-fortalece-su-compromiso-institucional-mediante-avances-concretos-de-la-comision-triestamental-de-seguimiento\/","title":{"rendered":"UPLA fortalece su compromiso institucional mediante avances concretos de la Comisi\u00f3n Triestamental de Seguimiento"},"content":{"rendered":"<p><a href=\"https:\/\/upla.cl\/noticias\/wp-content\/uploads\/2026\/01\/Comisio\u0301n-de-Seguimiento-2.png\"><img loading=\"lazy\" decoding=\"async\" class=\"alignleft size-medium wp-image-194668\" src=\"https:\/\/upla.cl\/noticias\/wp-content\/uploads\/2026\/01\/Comisio\u0301n-de-Seguimiento-2-300x168.png\" alt=\"\" width=\"300\" height=\"168\" srcset=\"https:\/\/upla.cl\/noticias\/wp-content\/uploads\/2026\/01\/Comisio\u0301n-de-Seguimiento-2-300x168.png 300w, https:\/\/upla.cl\/noticias\/wp-content\/uploads\/2026\/01\/Comisio\u0301n-de-Seguimiento-2-150x84.png 150w, https:\/\/upla.cl\/noticias\/wp-content\/uploads\/2026\/01\/Comisio\u0301n-de-Seguimiento-2.png 702w\" sizes=\"auto, (max-width: 300px) 100vw, 300px\" \/><\/a>En un ejercicio de transparencia y compromiso con la fe p\u00fablica, la <strong>Universidad de Playa Ancha (UPLA)<\/strong> comparti\u00f3 los avances sustantivos de su <strong>Comisi\u00f3n Triestamental para el Seguimiento de Acuerdos<\/strong>. Desde su conformaci\u00f3n en junio de 2025, esta instancia ha operado como un motor de di\u00e1logo y gesti\u00f3n, orientado a materializar con responsabilidad los compromisos adquiridos tras la movilizaci\u00f3n estudiantil del primer semestre. La entrega de estos resultados no solo responde a un deber administrativo, sino que fortalece el tejido social universitario al integrar a todos los estamentos en la construcci\u00f3n de un proyecto institucional s\u00f3lido y participativo.<\/p>\n<p>La Comisi\u00f3n, presidida por <strong>Loredana Dur\u00e1n Montero<\/strong> e integrada por representantes de la Rector\u00eda, asociaciones gremiales (AFA y AFUPLA), decanaturas y la dirigencia estudiantil, ha sostenido un riguroso calendario de nueve sesiones de trabajo hasta diciembre de 2026. Este espacio resolutivo se ha consolidado como el puente necesario para que las demandas estudiantiles trasciendan y se transformen en realidades tangibles. Al reunir a figuras clave de \u00e1reas como infraestructura, pregrado y desarrollo estudiantil, la UPLA garantiza que cada acuerdo alcanzado contribuya directamente al enriquecimiento del quehacer hist\u00f3rico y acad\u00e9mico de la instituci\u00f3n.<\/p>\n<p><strong>Infraestructura<\/strong><\/p>\n<p><a href=\"https:\/\/upla.cl\/noticias\/wp-content\/uploads\/2026\/01\/Comisio\u0301n-de-Seguimiento.png\"><img loading=\"lazy\" decoding=\"async\" class=\"alignright size-medium wp-image-194669\" src=\"https:\/\/upla.cl\/noticias\/wp-content\/uploads\/2026\/01\/Comisio\u0301n-de-Seguimiento-300x144.png\" alt=\"\" width=\"300\" height=\"144\" srcset=\"https:\/\/upla.cl\/noticias\/wp-content\/uploads\/2026\/01\/Comisio\u0301n-de-Seguimiento-300x144.png 300w, https:\/\/upla.cl\/noticias\/wp-content\/uploads\/2026\/01\/Comisio\u0301n-de-Seguimiento-150x72.png 150w, https:\/\/upla.cl\/noticias\/wp-content\/uploads\/2026\/01\/Comisio\u0301n-de-Seguimiento.png 752w\" sizes=\"auto, (max-width: 300px) 100vw, 300px\" \/><\/a>Los avances en infraestructura representan uno de los pilares m\u00e1s visibles de este proceso de cumplimiento. A la fecha, destaca la conclusi\u00f3n de las mejoras en el Laboratorio de Enfermer\u00eda y la implementaci\u00f3n total de la Sala de Lactancia Materna en la Casa Central, un hito que promueve la inclusi\u00f3n y el apoyo a la maternidad en toda la comunidad.<br \/>\nAsimismo, la remodelaci\u00f3n del Centro Universitario para la Salud y el Bienestar (CUSABI) iniciar\u00e1 sus obras este 9 de diciembre, proyectando su entrega para febrero de 2026, lo que modernizar\u00e1 significativamente los espacios destinados al bienestar y los laboratorios de la Facultad de Ciencias de la Salud.<\/p>\n<p>Mirando hacia el futuro cercano, la universidad proyecta una inversi\u00f3n aproximada de 400 millones de pesos para la creaci\u00f3n del Centro de Innovaci\u00f3n y Aprendizaje para las Ciencias de la Salud, cuyos trabajos comenzar\u00e1n en febrero de 2026 tras los procesos administrativos correspondientes. A este esfuerzo se suma la habilitaci\u00f3n de nuevas aulas en el tercer piso de la Biblioteca Central y la gesti\u00f3n de espacios acad\u00e9micos adicionales, como las salas Teresita Flores y Luis Carre\u00f1o Silva. Estas acciones aseguran un inicio de a\u00f1o acad\u00e9mico 2026 con condiciones \u00f3ptimas, consolidando el sector de Playa Ancha como un polo de desarrollo universitario de vanguardia.<\/p>\n<p><a href=\"https:\/\/upla.cl\/noticias\/wp-content\/uploads\/2026\/01\/Comisio\u0301n-de-Seguimiento-3.png\"><img loading=\"lazy\" decoding=\"async\" class=\"alignleft size-medium wp-image-194670\" src=\"https:\/\/upla.cl\/noticias\/wp-content\/uploads\/2026\/01\/Comisio\u0301n-de-Seguimiento-3-300x100.png\" alt=\"\" width=\"300\" height=\"100\" srcset=\"https:\/\/upla.cl\/noticias\/wp-content\/uploads\/2026\/01\/Comisio\u0301n-de-Seguimiento-3-300x100.png 300w, https:\/\/upla.cl\/noticias\/wp-content\/uploads\/2026\/01\/Comisio\u0301n-de-Seguimiento-3-150x50.png 150w, https:\/\/upla.cl\/noticias\/wp-content\/uploads\/2026\/01\/Comisio\u0301n-de-Seguimiento-3-768x256.png 768w, https:\/\/upla.cl\/noticias\/wp-content\/uploads\/2026\/01\/Comisio\u0301n-de-Seguimiento-3.png 1002w\" sizes=\"auto, (max-width: 300px) 100vw, 300px\" \/><\/a>M\u00e1s all\u00e1 de las obras f\u00edsicas, la Comisi\u00f3n ha impulsado transformaciones normativas de profundo impacto social y acad\u00e9mico. La <strong>Vicerrector\u00eda Acad\u00e9mica<\/strong> ha derivado al <strong>Senado Universitario<\/strong> dos minutas fundamentales: una que reconoce y protege el rol de los Estudiantes Cuidadores y otra enfocada en Ajustes Acad\u00e9micos para garantizar la inclusi\u00f3n y el respeto a la neurodivergencia. Estas iniciativas, alineadas con el Modelo Educativo actualizado, demuestran una sensibilidad institucional hacia las diversas realidades del estudiantado, garantizando que la equidad y el respeto sean principios operativos y no solo declaraciones de principios.<\/p>\n<p>Finalmente, la Comisi\u00f3n Triestamental reafirma su invitaci\u00f3n a toda la comunidad para revisar el detalle de las discusiones en las actas oficiales de cada sesi\u00f3n. Este proceso de rendici\u00f3n de cuentas subraya que el di\u00e1logo democr\u00e1tico y participativo es la v\u00eda m\u00e1s eficaz para el progreso institucional. Con el cumplimiento de estos acuerdos, la Universidad de Playa Ancha no solo honra su palabra frente a los compromisos del 2025, sino que inaugura una etapa de renovaci\u00f3n y confianza mutua, donde la colaboraci\u00f3n entre acad\u00e9micos, funcionarios y estudiantes sigue siendo el motor de su excelencia educativa.<\/p>\n<p>Revisar el documento completo <a href=\"https:\/\/upla.cl\/noticias\/wp-content\/uploads\/2026\/01\/informativo-mesa-triestamental.pdf\">aqu\u00ed.<\/a><\/p>\n","protected":false},"excerpt":{"rendered":"<p>La instancia detalla progresos en infraestructura de salud, bienestar y normativas de inclusi\u00f3n tras nueve sesiones de di\u00e1logo y gesti\u00f3n responsable<\/p>\n","protected":false},"author":3,"featured_media":195046,"comment_status":"closed","ping_status":"open","sticky":false,"template":"","format":"standard","meta":{"footnotes":""},"categories":[96,40,101,97,99,178],"tags":[],"class_list":["post-194667","post","type-post","status-publish","format-standard","has-post-thumbnail","","category-academicos","category-destacados","category-docencia","category-estudiantes","category-funcionarios","category-rectoria"],"_links":{"self":[{"href":"https:\/\/upla.cl\/noticias\/wp-json\/wp\/v2\/posts\/194667","targetHints":{"allow":["GET"]}}],"collection":[{"href":"https:\/\/upla.cl\/noticias\/wp-json\/wp\/v2\/posts"}],"about":[{"href":"https:\/\/upla.cl\/noticias\/wp-json\/wp\/v2\/types\/post"}],"author":[{"embeddable":true,"href":"https:\/\/upla.cl\/noticias\/wp-json\/wp\/v2\/users\/3"}],"replies":[{"embeddable":true,"href":"https:\/\/upla.cl\/noticias\/wp-json\/wp\/v2\/comments?post=194667"}],"version-history":[{"count":2,"href":"https:\/\/upla.cl\/noticias\/wp-json\/wp\/v2\/posts\/194667\/revisions"}],"predecessor-version":[{"id":195047,"href":"https:\/\/upla.cl\/noticias\/wp-json\/wp\/v2\/posts\/194667\/revisions\/195047"}],"wp:featuredmedia":[{"embeddable":true,"href":"https:\/\/upla.cl\/noticias\/wp-json\/wp\/v2\/media\/195046"}],"wp:attachment":[{"href":"https:\/\/upla.cl\/noticias\/wp-json\/wp\/v2\/media?parent=194667"}],"wp:term":[{"taxonomy":"category","embeddable":true,"href":"https:\/\/upla.cl\/noticias\/wp-json\/wp\/v2\/categories?post=194667"},{"taxonomy":"post_tag","embeddable":true,"href":"https:\/\/upla.cl\/noticias\/wp-json\/wp\/v2\/tags?post=194667"}],"curies":[{"name":"wp","href":"https:\/\/api.w.org\/{rel}","templated":true}]}}