{"id":194673,"date":"2026-01-07T15:34:32","date_gmt":"2026-01-07T18:34:32","guid":{"rendered":"https:\/\/upla.cl\/noticias\/?p=194673"},"modified":"2026-01-07T15:34:32","modified_gmt":"2026-01-07T18:34:32","slug":"positiva-evaluacion-realizan-participes-de-proyecto-vcm-que-fortalece-profesion-docente-en-escuela-de-playa-ancha","status":"publish","type":"post","link":"https:\/\/upla.cl\/noticias\/2026\/01\/07\/positiva-evaluacion-realizan-participes-de-proyecto-vcm-que-fortalece-profesion-docente-en-escuela-de-playa-ancha\/","title":{"rendered":"Positiva evaluaci\u00f3n realizan part\u00edcipes de proyecto VcM que fortalece profesi\u00f3n docente en escuela de Playa Ancha"},"content":{"rendered":"<p><a href=\"https:\/\/upla.cl\/noticias\/wp-content\/uploads\/2026\/01\/Cerpa-1.jpg\"><img loading=\"lazy\" decoding=\"async\" class=\"aligncenter size-large wp-image-194675\" src=\"https:\/\/upla.cl\/noticias\/wp-content\/uploads\/2026\/01\/Cerpa-1-1024x638.jpg\" alt=\"\" width=\"618\" height=\"385\" srcset=\"https:\/\/upla.cl\/noticias\/wp-content\/uploads\/2026\/01\/Cerpa-1-1024x638.jpg 1024w, https:\/\/upla.cl\/noticias\/wp-content\/uploads\/2026\/01\/Cerpa-1-300x187.jpg 300w, https:\/\/upla.cl\/noticias\/wp-content\/uploads\/2026\/01\/Cerpa-1-150x93.jpg 150w, https:\/\/upla.cl\/noticias\/wp-content\/uploads\/2026\/01\/Cerpa-1-768x479.jpg 768w, https:\/\/upla.cl\/noticias\/wp-content\/uploads\/2026\/01\/Cerpa-1-1536x957.jpg 1536w, https:\/\/upla.cl\/noticias\/wp-content\/uploads\/2026\/01\/Cerpa-1.jpg 1704w\" sizes=\"auto, (max-width: 618px) 100vw, 618px\" \/><\/a><\/p>\n<p>Con la participaci\u00f3n de la <strong>decana de la <a href=\"https:\/\/www.upla.cl\/facultad\/cienciaseducacion\/\">Facultad de Ciencias de la Educaci\u00f3n <\/a>de la Universidad de Playa Ancha (UPLA), Silvia Sarzoza Herrera<\/strong>, se realiz\u00f3 en el auditorio de dicha facultad la actividad de cierre del proyecto \u201cFortalecimiento del desarrollo profesional docente a trav\u00e9s de la metodolog\u00eda de investigaci\u00f3n-acci\u00f3n en la Escuela Intercultural Carabinero Pedro Cariaga del Servicio Local de Educaci\u00f3n P\u00fablica (SLEP) de Valpara\u00edso-Juan Fern\u00e1ndez\u201d.<\/p>\n<p>Surgida en el marco de un convenio de colaboraci\u00f3n vigente entre la UPLA y el SLEP Valpara\u00edso-Juan Fern\u00e1ndez, la iniciativa corresponde a un fondo Social CreaLab de iniciaci\u00f3n de la Direcci\u00f3n General de Vinculaci\u00f3n con el Medio (DGVM). A cargo de<br \/>\nlos acad\u00e9micos Jos\u00e9 Cerpa L\u00f3pez e Ivette Doll Castillo, el proyecto involucr\u00f3 a las mencionadas Facultades, junto a egresados y estudiantes en pr\u00e1ctica de las carreras de Pedagog\u00eda en Educaci\u00f3n Diferencial (EDI) y Pedagog\u00eda en Historia y Geograf\u00eda, respectivamente.<\/p>\n<p><a href=\"https:\/\/upla.cl\/noticias\/wp-content\/uploads\/2026\/01\/Cerpa-3.jpg\"><img loading=\"lazy\" decoding=\"async\" class=\"alignright size-medium wp-image-194676\" src=\"https:\/\/upla.cl\/noticias\/wp-content\/uploads\/2026\/01\/Cerpa-3-300x181.jpg\" alt=\"\" width=\"300\" height=\"181\" srcset=\"https:\/\/upla.cl\/noticias\/wp-content\/uploads\/2026\/01\/Cerpa-3-300x181.jpg 300w, https:\/\/upla.cl\/noticias\/wp-content\/uploads\/2026\/01\/Cerpa-3-1024x617.jpg 1024w, https:\/\/upla.cl\/noticias\/wp-content\/uploads\/2026\/01\/Cerpa-3-150x90.jpg 150w, https:\/\/upla.cl\/noticias\/wp-content\/uploads\/2026\/01\/Cerpa-3-768x463.jpg 768w, https:\/\/upla.cl\/noticias\/wp-content\/uploads\/2026\/01\/Cerpa-3-1536x926.jpg 1536w, https:\/\/upla.cl\/noticias\/wp-content\/uploads\/2026\/01\/Cerpa-3.jpg 1869w\" sizes=\"auto, (max-width: 300px) 100vw, 300px\" \/><\/a>\u201cEsto contribuye de gran manera a mi formaci\u00f3n docente\u201d, destac\u00f3 en ese sentido<strong> Betsaida Espinoza Castillo, una de las estudiantes de la carrera de <a href=\"https:\/\/www.upla.cl\/facultad\/cienciaseducacion\/carreras\/pedagogia-en-educacion-diferencial\/\">Pedagog\u00eda en Educaci\u00f3n Diferencial<\/a>,<\/strong> que realiza su pr\u00e1ctica profesional en el citado establecimiento educacional, y que en el marco del proyecto trabaj\u00f3 en la coordinaci\u00f3n y aplicaci\u00f3n de la herramienta de evaluaci\u00f3n conocida como CLPT (Comprensi\u00f3n Lectora y Producci\u00f3n de Texto), as\u00ed como tambi\u00e9n en la revisi\u00f3n de sus resultados.<\/p>\n<p>El <strong>profesor Jos\u00e9 Cerpa,<\/strong> en tanto, se\u00f1al\u00f3 que culminan esta primera etapa \u201ccon una sensaci\u00f3n de satisfacci\u00f3n y compromiso\u201d, detallando que, a partir del trabajo de aplicaci\u00f3n de instrumentos de evaluaci\u00f3n por parte de los estudiantes y egresados de la UPLA, \u201clogramos establecer un diagn\u00f3stico, y as\u00ed sentar las bases para el an\u00e1lisis estrat\u00e9gico del equipo directivo del establecimiento, con el cual se puedan tomar decisiones respecto de los hallazgos de las necesidades o problem\u00e1ticas, y de c\u00f3mo ellos van a decidir soberanamente organizarse para resolverlas\u201d.<\/p>\n<p>En esa misma l\u00ednea, a\u00f1adi\u00f3 que \u201cuna segunda etapa muy probablemente abordar\u00e1 el aprendizaje de la metodolog\u00eda, para que el mismo cuerpo del profesorado y de profesionales que participaron de este proyecto puedan levantar investigaciones-acciones que resuelvan las necesidades o problem\u00e1ticas del estudiantado de la escuela\u201d.<\/p>\n<figure id=\"attachment_194674\" aria-describedby=\"caption-attachment-194674\" style=\"width: 300px\" class=\"wp-caption alignright\"><a href=\"https:\/\/upla.cl\/noticias\/wp-content\/uploads\/2026\/01\/Directora-Jacqueline-Pizarro.jpg\"><img loading=\"lazy\" decoding=\"async\" class=\"size-medium wp-image-194674\" src=\"https:\/\/upla.cl\/noticias\/wp-content\/uploads\/2026\/01\/Directora-Jacqueline-Pizarro-300x192.jpg\" alt=\"\" width=\"300\" height=\"192\" srcset=\"https:\/\/upla.cl\/noticias\/wp-content\/uploads\/2026\/01\/Directora-Jacqueline-Pizarro-300x192.jpg 300w, https:\/\/upla.cl\/noticias\/wp-content\/uploads\/2026\/01\/Directora-Jacqueline-Pizarro-1024x656.jpg 1024w, https:\/\/upla.cl\/noticias\/wp-content\/uploads\/2026\/01\/Directora-Jacqueline-Pizarro-150x96.jpg 150w, https:\/\/upla.cl\/noticias\/wp-content\/uploads\/2026\/01\/Directora-Jacqueline-Pizarro-768x492.jpg 768w, https:\/\/upla.cl\/noticias\/wp-content\/uploads\/2026\/01\/Directora-Jacqueline-Pizarro-1536x984.jpg 1536w, https:\/\/upla.cl\/noticias\/wp-content\/uploads\/2026\/01\/Directora-Jacqueline-Pizarro.jpg 1710w\" sizes=\"auto, (max-width: 300px) 100vw, 300px\" \/><\/a><figcaption id=\"caption-attachment-194674\" class=\"wp-caption-text\">Directora Jacqueline Pizarro.<\/figcaption><\/figure>\n<p>Junto con las intervenciones y reflexiones de los distintos participantes en la iniciativa y autoridades de la UPLA, as\u00ed como tambi\u00e9n de la <strong>directora de la Escuela Carabinero Pedro Cariaga, Jacqueline Pizarro Oyanedel<\/strong>, durante la actividad se realiz\u00f3 la entrega de certificados a los integrantes de la comunidad del establecimiento educacional por su rol en el proyecto.<\/p>\n<p>Al realizar una evaluaci\u00f3n de la iniciativa, la directora Jacqueline Pizarro destac\u00f3 que \u00e9sta \u201cha sido bastante importante para nuestra escuela porque nos ha dado la oportunidad de poder levantar mayor informaci\u00f3n, principalmente datos estad\u00edsticos con respecto a la comprensi\u00f3n lectora y con una muestra casi del total de nuestro estudiantado -porque antes se hab\u00eda aplicado solo con algunos de ellos-, lo que nos va a permitir desarrollar estrategias de mejora para el a\u00f1o 2026\u201d.<\/p>\n<p>Junto con ello, Pizarro relev\u00f3 que \u201cel recibimiento que hubo de parte de nuestros profesores fue bastante favorable, porque est\u00e1n comprometidos con mejorar la educaci\u00f3n en nuestra escuela, m\u00e1s a\u00fan cuando tenemos una gran cantidad de estudiantes con necesidades educativas especiales, por lo que se hace importante tener nuevas estrategias e ir conociendo tambi\u00e9n las nuevas metodolog\u00edas, y una de las que nos interesaba era justamente la de investigaci\u00f3n-acci\u00f3n porque nace desde la problem\u00e1tica; es decir, c\u00f3mo nosotros problematizamos la necesidad para poder buscar una soluci\u00f3n\u201d.<\/p>\n<p><em>Fuente: Daniel Labb\u00e9 Y., periodista Direcci\u00f3n General de Vinculaci\u00f3n con el Medio \/ Campus San Felipe.<\/em><\/p>\n","protected":false},"excerpt":{"rendered":"<p>La iniciativa de la que forman parte las facultades de Educaci\u00f3n y Humanidades de la UPLA trabaj\u00f3 junto a la comunidad de la Escuela Intercultural Carabinero Pedro Cariaga.<\/p>\n","protected":false},"author":10,"featured_media":194675,"comment_status":"closed","ping_status":"open","sticky":false,"template":"","format":"standard","meta":{"footnotes":""},"categories":[40,97,73,77,91],"tags":[],"class_list":["post-194673","post","type-post","status-publish","format-standard","has-post-thumbnail","","category-destacados","category-estudiantes","category-facultad-de-ciencias-de-la-educacion","category-facultad-de-humanidades","category-vinculacion-con-el-medio"],"_links":{"self":[{"href":"https:\/\/upla.cl\/noticias\/wp-json\/wp\/v2\/posts\/194673","targetHints":{"allow":["GET"]}}],"collection":[{"href":"https:\/\/upla.cl\/noticias\/wp-json\/wp\/v2\/posts"}],"about":[{"href":"https:\/\/upla.cl\/noticias\/wp-json\/wp\/v2\/types\/post"}],"author":[{"embeddable":true,"href":"https:\/\/upla.cl\/noticias\/wp-json\/wp\/v2\/users\/10"}],"replies":[{"embeddable":true,"href":"https:\/\/upla.cl\/noticias\/wp-json\/wp\/v2\/comments?post=194673"}],"version-history":[{"count":2,"href":"https:\/\/upla.cl\/noticias\/wp-json\/wp\/v2\/posts\/194673\/revisions"}],"predecessor-version":[{"id":194679,"href":"https:\/\/upla.cl\/noticias\/wp-json\/wp\/v2\/posts\/194673\/revisions\/194679"}],"wp:featuredmedia":[{"embeddable":true,"href":"https:\/\/upla.cl\/noticias\/wp-json\/wp\/v2\/media\/194675"}],"wp:attachment":[{"href":"https:\/\/upla.cl\/noticias\/wp-json\/wp\/v2\/media?parent=194673"}],"wp:term":[{"taxonomy":"category","embeddable":true,"href":"https:\/\/upla.cl\/noticias\/wp-json\/wp\/v2\/categories?post=194673"},{"taxonomy":"post_tag","embeddable":true,"href":"https:\/\/upla.cl\/noticias\/wp-json\/wp\/v2\/tags?post=194673"}],"curies":[{"name":"wp","href":"https:\/\/api.w.org\/{rel}","templated":true}]}}