{"id":194706,"date":"2026-01-09T17:19:14","date_gmt":"2026-01-09T20:19:14","guid":{"rendered":"https:\/\/upla.cl\/noticias\/?p=194706"},"modified":"2026-01-09T17:19:24","modified_gmt":"2026-01-09T20:19:24","slug":"doctorado-consorciado-de-educacion-fortalece-la-investigacion-publica-y-situada-en-el-ii-congreso-de-estudiantes-de-postgrado","status":"publish","type":"post","link":"https:\/\/upla.cl\/noticias\/2026\/01\/09\/doctorado-consorciado-de-educacion-fortalece-la-investigacion-publica-y-situada-en-el-ii-congreso-de-estudiantes-de-postgrado\/","title":{"rendered":"Con \u00e9xito y amplia participaci\u00f3n concluy\u00f3 II Congreso de Estudiantes de Postgrado en Educaci\u00f3n"},"content":{"rendered":"<p><a href=\"https:\/\/upla.cl\/noticias\/wp-content\/uploads\/2026\/01\/II-Congreso-Educacio\u0301n.jpeg\"><img loading=\"lazy\" decoding=\"async\" class=\"alignright size-medium wp-image-194712\" src=\"https:\/\/upla.cl\/noticias\/wp-content\/uploads\/2026\/01\/II-Congreso-Educacio\u0301n-300x225.jpeg\" alt=\"\" width=\"300\" height=\"225\" srcset=\"https:\/\/upla.cl\/noticias\/wp-content\/uploads\/2026\/01\/II-Congreso-Educacio\u0301n-300x225.jpeg 300w, https:\/\/upla.cl\/noticias\/wp-content\/uploads\/2026\/01\/II-Congreso-Educacio\u0301n-1024x766.jpeg 1024w, https:\/\/upla.cl\/noticias\/wp-content\/uploads\/2026\/01\/II-Congreso-Educacio\u0301n-150x112.jpeg 150w, https:\/\/upla.cl\/noticias\/wp-content\/uploads\/2026\/01\/II-Congreso-Educacio\u0301n-768x575.jpeg 768w, https:\/\/upla.cl\/noticias\/wp-content\/uploads\/2026\/01\/II-Congreso-Educacio\u0301n-1536x1150.jpeg 1536w, https:\/\/upla.cl\/noticias\/wp-content\/uploads\/2026\/01\/II-Congreso-Educacio\u0301n.jpeg 1920w\" sizes=\"auto, (max-width: 300px) 100vw, 300px\" \/><\/a>Tres paneles de discusi\u00f3n, dos mesas de trabajo, 96 ponencias y ocho talleres fueron el motor de las dos intensas jornadas que dieron vida al <strong>II Congreso de Estudiantes de Postgrado en Educaci\u00f3n<\/strong>, encuentro que se realiz\u00f3 en la <strong>Universidad de Playa Ancha (UPLA)<\/strong>. La instancia, que reuni\u00f3 a investigadores de diversos puntos del pa\u00eds, se alz\u00f3 como un espacio de resistencia intelectual y propuesta frente a los desaf\u00edos actuales del sistema escolar y universitario.<\/p>\n<p>El encuentro fue organizado \u00edntegramente por las y los estudiantes del <a href=\"https:\/\/doctoradoeneducacion.cl\/\" target=\"_blank\" rel=\"noopener\"><strong>Doctorado en Educaci\u00f3n Consorciado,<\/strong><\/a> un programa de vanguardia que une las fortalezas de la <strong>Universidad de Antofagasta (UA)<\/strong>, la <strong>Universidad de Los Lagos (ULagos)<\/strong> y la <strong>Universidad de Playa Ancha (UPLA)<\/strong>. Este esfuerzo conjunto busca responder a las necesidades investigativas del pa\u00eds reconociendo las singularidades de cada territorio, una filosof\u00eda que impregn\u00f3 cada debate desarrollado en los salones de nuestra casa de estudios.<\/p>\n<p><strong>Compromiso con la funci\u00f3n p\u00fablica y el territorio<\/strong><\/p>\n<figure id=\"attachment_194714\" aria-describedby=\"caption-attachment-194714\" style=\"width: 300px\" class=\"wp-caption alignright\"><a href=\"https:\/\/upla.cl\/noticias\/wp-content\/uploads\/2026\/01\/Carolina-Santelices.jpeg\"><img loading=\"lazy\" decoding=\"async\" class=\"wp-image-194714 size-medium\" src=\"https:\/\/upla.cl\/noticias\/wp-content\/uploads\/2026\/01\/Carolina-Santelices-300x219.jpeg\" alt=\"\" width=\"300\" height=\"219\" srcset=\"https:\/\/upla.cl\/noticias\/wp-content\/uploads\/2026\/01\/Carolina-Santelices-300x219.jpeg 300w, https:\/\/upla.cl\/noticias\/wp-content\/uploads\/2026\/01\/Carolina-Santelices-1024x749.jpeg 1024w, https:\/\/upla.cl\/noticias\/wp-content\/uploads\/2026\/01\/Carolina-Santelices-150x110.jpeg 150w, https:\/\/upla.cl\/noticias\/wp-content\/uploads\/2026\/01\/Carolina-Santelices-768x562.jpeg 768w, https:\/\/upla.cl\/noticias\/wp-content\/uploads\/2026\/01\/Carolina-Santelices-1536x1123.jpeg 1536w, https:\/\/upla.cl\/noticias\/wp-content\/uploads\/2026\/01\/Carolina-Santelices.jpeg 1920w\" sizes=\"auto, (max-width: 300px) 100vw, 300px\" \/><\/a><figcaption id=\"caption-attachment-194714\" class=\"wp-caption-text\">Dra. Carolina Santelices, vicerrectora de Investigaci\u00f3n, Postgrado e Innovaci\u00f3n.<\/figcaption><\/figure>\n<p>En la apertura del congreso, la <strong>Vicerrectora de Investigaci\u00f3n, Postgrado e Innovaci\u00f3n de la UPLA, Dra. Carolina Santelices Werchez<\/strong>, destac\u00f3 que la investigaci\u00f3n avanzada no puede ser neutral ante las brechas del sistema.<\/p>\n<p>\u00abDesde la Universidad de Playa Ancha, como universidad estatal y regional, asumimos que la investigaci\u00f3n en educaci\u00f3n cumple una funci\u00f3n p\u00fablica insustituible: aportar comprensi\u00f3n profunda sobre los procesos formativos, visibilizar las tensiones estructurales del sistema educativo y generar conocimiento capaz de informar, tensionar y reorientar las pol\u00edticas p\u00fablicas, m\u00e1s all\u00e1 de respuestas tecnocr\u00e1ticas o de corto plazo\u00bb, puntualiz\u00f3 la Dra. Santelices.<\/p>\n<p>Asimismo, el congreso cont\u00f3 con el respaldo fundamental de la <a href=\"https:\/\/www.upla.cl\/facultad\/cienciaseducacion\/\"><strong>Facultad de Ciencias de la Educaci\u00f3n<\/strong><\/a> de la UPLA. Su <strong>decana, la Dra. Silvia Sarzoza Herrera,<\/strong> fue clave en el impulso de esta segunda versi\u00f3n, relevando el rol de la unidad acad\u00e9mica como un soporte constante para que los estudiantes de postgrado no solo sean receptores de conocimiento, sino protagonistas de la discusi\u00f3n pedag\u00f3gica nacional. Su gesti\u00f3n permiti\u00f3 que la facultad se transformara en un laboratorio de ideas donde convergieron las l\u00edneas de \u00abPol\u00edtica Educativa\u00bb, \u00abEducaci\u00f3n, Territorio e Interculturalidad\u00bb y \u00abEnse\u00f1anza y Aprendizaje\u00bb.<\/p>\n<p><strong>La irrupci\u00f3n de nuevas miradas investigativas<\/strong><\/p>\n<p><a href=\"https:\/\/upla.cl\/noticias\/wp-content\/uploads\/2026\/01\/Marcel-Theza\u0301.jpeg\"><img loading=\"lazy\" decoding=\"async\" class=\"alignleft size-medium wp-image-194715\" src=\"https:\/\/upla.cl\/noticias\/wp-content\/uploads\/2026\/01\/Marcel-Theza\u0301-300x200.jpeg\" alt=\"\" width=\"300\" height=\"200\" srcset=\"https:\/\/upla.cl\/noticias\/wp-content\/uploads\/2026\/01\/Marcel-Theza\u0301-300x200.jpeg 300w, https:\/\/upla.cl\/noticias\/wp-content\/uploads\/2026\/01\/Marcel-Theza\u0301-1024x683.jpeg 1024w, https:\/\/upla.cl\/noticias\/wp-content\/uploads\/2026\/01\/Marcel-Theza\u0301-150x100.jpeg 150w, https:\/\/upla.cl\/noticias\/wp-content\/uploads\/2026\/01\/Marcel-Theza\u0301-768x512.jpeg 768w, https:\/\/upla.cl\/noticias\/wp-content\/uploads\/2026\/01\/Marcel-Theza\u0301-1536x1025.jpeg 1536w, https:\/\/upla.cl\/noticias\/wp-content\/uploads\/2026\/01\/Marcel-Theza\u0301.jpeg 1920w\" sizes=\"auto, (max-width: 300px) 100vw, 300px\" \/><\/a>Un actor estrat\u00e9gico en este proceso ha sido el <strong>Instituto Interuniversitario de Investigaci\u00f3n Educativa (IESED-Chile)<\/strong>, cuyo <strong>director, el Dr. Marcel Thez\u00e1 Manr\u00edquez<\/strong>, enfatiz\u00f3 la importancia de este recambio generacional en la academia.<\/p>\n<p>\u00abPara nosotros es muy importante acompa\u00f1ar este Congreso, porque la misi\u00f3n de IESED es favorecer la ampliaci\u00f3n de las capacidades del sistema universitario p\u00fablico para mejorar el impacto y la calidad de la investigaci\u00f3n. Es vital acompa\u00f1ar la irrupci\u00f3n de nuevos investigadores bajo la premisa de que hay un mundo nuevo que est\u00e1n observando; ese es un desaf\u00edo institucional y metodol\u00f3gico de gran relevancia\u00bb, afirm\u00f3 el Dr. Marcel Thez\u00e1.<\/p>\n<p><strong>Hacia una descentralizaci\u00f3n del conocimiento<\/strong><\/p>\n<p>La jornada de clausura permiti\u00f3 reflexionar sobre los aprendizajes obtenidos. Para el comit\u00e9 organizador, el \u00e9xito del congreso radica en su capacidad para articular lo local con lo global, rompiendo con el centralismo que hist\u00f3ricamente ha dominado la producci\u00f3n cient\u00edfica en Chile.<\/p>\n<p><strong>Catalina Palacios Bezama, coordinadora del Comit\u00e9 Organizador y estudiante del Doctorado Consorciado,<\/strong> explic\u00f3 que la motivaci\u00f3n principal fue dar continuidad a un proyecto nacido en 2025, pero con un sello regional marcado.<\/p>\n<p>\u00abDecidimos abrir el espacio ac\u00e1 en Playa Ancha sobre todo porque somos tres universidades estatales de regi\u00f3n, lo que es muy distinto a la realidad metropolitana. Queremos promover una reflexi\u00f3n cr\u00edtica y que quienes investigamos seamos capaces de levantar las necesidades de nuestros territorios para aportar de manera dial\u00f3gica entre la sociedad y la academia, evitando el centralismo de la investigaci\u00f3n\u00bb, concluy\u00f3 Catalina Palacios.<\/p>\n<p>Al cierre de esta segunda edici\u00f3n, el mensaje fue claro: la investigaci\u00f3n educativa en las universidades p\u00fablicas regionales est\u00e1 m\u00e1s viva que nunca, produciendo conocimiento situado que no solo explica la realidad, sino que se compromete activamente con su transformaci\u00f3n.<\/p>\n<div id='gallery-1' class='gallery galleryid-194706 gallery-columns-3 gallery-size-thumbnail'><figure class='gallery-item'>\n\t\t\t<div class='gallery-icon landscape'>\n\t\t\t\t<a href=\"https:\/\/upla.cl\/noticias\/wp-content\/uploads\/2026\/01\/Catalina-Paacios.jpeg\"><img loading=\"lazy\" decoding=\"async\" width=\"150\" height=\"100\" src=\"https:\/\/upla.cl\/noticias\/wp-content\/uploads\/2026\/01\/Catalina-Paacios-150x100.jpeg\" class=\"attachment-thumbnail size-thumbnail\" alt=\"\" srcset=\"https:\/\/upla.cl\/noticias\/wp-content\/uploads\/2026\/01\/Catalina-Paacios-150x100.jpeg 150w, https:\/\/upla.cl\/noticias\/wp-content\/uploads\/2026\/01\/Catalina-Paacios-300x200.jpeg 300w, https:\/\/upla.cl\/noticias\/wp-content\/uploads\/2026\/01\/Catalina-Paacios-1024x683.jpeg 1024w, https:\/\/upla.cl\/noticias\/wp-content\/uploads\/2026\/01\/Catalina-Paacios-768x512.jpeg 768w, https:\/\/upla.cl\/noticias\/wp-content\/uploads\/2026\/01\/Catalina-Paacios-1536x1025.jpeg 1536w, https:\/\/upla.cl\/noticias\/wp-content\/uploads\/2026\/01\/Catalina-Paacios-310x205.jpeg 310w, https:\/\/upla.cl\/noticias\/wp-content\/uploads\/2026\/01\/Catalina-Paacios.jpeg 1920w\" sizes=\"auto, (max-width: 150px) 100vw, 150px\" \/><\/a>\n\t\t\t<\/div><\/figure><figure class='gallery-item'>\n\t\t\t<div class='gallery-icon landscape'>\n\t\t\t\t<a href=\"https:\/\/upla.cl\/noticias\/wp-content\/uploads\/2026\/01\/II-Congreso-Educacio\u0301n-2.jpeg\"><img loading=\"lazy\" decoding=\"async\" width=\"150\" height=\"100\" src=\"https:\/\/upla.cl\/noticias\/wp-content\/uploads\/2026\/01\/II-Congreso-Educacio\u0301n-2-150x100.jpeg\" class=\"attachment-thumbnail size-thumbnail\" alt=\"\" srcset=\"https:\/\/upla.cl\/noticias\/wp-content\/uploads\/2026\/01\/II-Congreso-Educacio\u0301n-2-150x100.jpeg 150w, https:\/\/upla.cl\/noticias\/wp-content\/uploads\/2026\/01\/II-Congreso-Educacio\u0301n-2-300x200.jpeg 300w, https:\/\/upla.cl\/noticias\/wp-content\/uploads\/2026\/01\/II-Congreso-Educacio\u0301n-2-1024x683.jpeg 1024w, https:\/\/upla.cl\/noticias\/wp-content\/uploads\/2026\/01\/II-Congreso-Educacio\u0301n-2-768x512.jpeg 768w, https:\/\/upla.cl\/noticias\/wp-content\/uploads\/2026\/01\/II-Congreso-Educacio\u0301n-2-1536x1025.jpeg 1536w, https:\/\/upla.cl\/noticias\/wp-content\/uploads\/2026\/01\/II-Congreso-Educacio\u0301n-2-310x205.jpeg 310w, https:\/\/upla.cl\/noticias\/wp-content\/uploads\/2026\/01\/II-Congreso-Educacio\u0301n-2.jpeg 1920w\" sizes=\"auto, (max-width: 150px) 100vw, 150px\" \/><\/a>\n\t\t\t<\/div><\/figure><figure class='gallery-item'>\n\t\t\t<div class='gallery-icon landscape'>\n\t\t\t\t<a href=\"https:\/\/upla.cl\/noticias\/wp-content\/uploads\/2026\/01\/Talleers-educacio\u0301n-2.jpeg\"><img loading=\"lazy\" decoding=\"async\" width=\"150\" height=\"113\" src=\"https:\/\/upla.cl\/noticias\/wp-content\/uploads\/2026\/01\/Talleers-educacio\u0301n-2-150x113.jpeg\" class=\"attachment-thumbnail size-thumbnail\" alt=\"\" srcset=\"https:\/\/upla.cl\/noticias\/wp-content\/uploads\/2026\/01\/Talleers-educacio\u0301n-2-150x113.jpeg 150w, https:\/\/upla.cl\/noticias\/wp-content\/uploads\/2026\/01\/Talleers-educacio\u0301n-2-300x225.jpeg 300w, https:\/\/upla.cl\/noticias\/wp-content\/uploads\/2026\/01\/Talleers-educacio\u0301n-2-1024x768.jpeg 1024w, https:\/\/upla.cl\/noticias\/wp-content\/uploads\/2026\/01\/Talleers-educacio\u0301n-2-768x576.jpeg 768w, https:\/\/upla.cl\/noticias\/wp-content\/uploads\/2026\/01\/Talleers-educacio\u0301n-2-1536x1152.jpeg 1536w, https:\/\/upla.cl\/noticias\/wp-content\/uploads\/2026\/01\/Talleers-educacio\u0301n-2.jpeg 1920w\" sizes=\"auto, (max-width: 150px) 100vw, 150px\" \/><\/a>\n\t\t\t<\/div><\/figure><figure class='gallery-item'>\n\t\t\t<div class='gallery-icon landscape'>\n\t\t\t\t<a href=\"https:\/\/upla.cl\/noticias\/wp-content\/uploads\/2026\/01\/Talleres-Educacio\u0301n-1.jpeg\"><img loading=\"lazy\" decoding=\"async\" width=\"150\" height=\"113\" src=\"https:\/\/upla.cl\/noticias\/wp-content\/uploads\/2026\/01\/Talleres-Educacio\u0301n-1-150x113.jpeg\" class=\"attachment-thumbnail size-thumbnail\" alt=\"\" srcset=\"https:\/\/upla.cl\/noticias\/wp-content\/uploads\/2026\/01\/Talleres-Educacio\u0301n-1-150x113.jpeg 150w, https:\/\/upla.cl\/noticias\/wp-content\/uploads\/2026\/01\/Talleres-Educacio\u0301n-1-300x225.jpeg 300w, https:\/\/upla.cl\/noticias\/wp-content\/uploads\/2026\/01\/Talleres-Educacio\u0301n-1-1024x768.jpeg 1024w, https:\/\/upla.cl\/noticias\/wp-content\/uploads\/2026\/01\/Talleres-Educacio\u0301n-1-768x576.jpeg 768w, https:\/\/upla.cl\/noticias\/wp-content\/uploads\/2026\/01\/Talleres-Educacio\u0301n-1-1536x1152.jpeg 1536w, https:\/\/upla.cl\/noticias\/wp-content\/uploads\/2026\/01\/Talleres-Educacio\u0301n-1.jpeg 1920w\" sizes=\"auto, (max-width: 150px) 100vw, 150px\" \/><\/a>\n\t\t\t<\/div><\/figure><figure class='gallery-item'>\n\t\t\t<div class='gallery-icon landscape'>\n\t\t\t\t<a href=\"https:\/\/upla.cl\/noticias\/wp-content\/uploads\/2026\/01\/Talleres-Educacio\u0301n-3.jpeg\"><img loading=\"lazy\" decoding=\"async\" width=\"150\" height=\"113\" src=\"https:\/\/upla.cl\/noticias\/wp-content\/uploads\/2026\/01\/Talleres-Educacio\u0301n-3-150x113.jpeg\" class=\"attachment-thumbnail size-thumbnail\" alt=\"\" srcset=\"https:\/\/upla.cl\/noticias\/wp-content\/uploads\/2026\/01\/Talleres-Educacio\u0301n-3-150x113.jpeg 150w, https:\/\/upla.cl\/noticias\/wp-content\/uploads\/2026\/01\/Talleres-Educacio\u0301n-3-300x225.jpeg 300w, https:\/\/upla.cl\/noticias\/wp-content\/uploads\/2026\/01\/Talleres-Educacio\u0301n-3-1024x768.jpeg 1024w, https:\/\/upla.cl\/noticias\/wp-content\/uploads\/2026\/01\/Talleres-Educacio\u0301n-3-768x576.jpeg 768w, https:\/\/upla.cl\/noticias\/wp-content\/uploads\/2026\/01\/Talleres-Educacio\u0301n-3-1536x1152.jpeg 1536w, https:\/\/upla.cl\/noticias\/wp-content\/uploads\/2026\/01\/Talleres-Educacio\u0301n-3.jpeg 1920w\" sizes=\"auto, (max-width: 150px) 100vw, 150px\" \/><\/a>\n\t\t\t<\/div><\/figure><figure class='gallery-item'>\n\t\t\t<div class='gallery-icon landscape'>\n\t\t\t\t<a href=\"https:\/\/upla.cl\/noticias\/wp-content\/uploads\/2026\/01\/Silvia-Sarzoza.jpeg\"><img loading=\"lazy\" decoding=\"async\" width=\"150\" height=\"94\" src=\"https:\/\/upla.cl\/noticias\/wp-content\/uploads\/2026\/01\/Silvia-Sarzoza-150x94.jpeg\" class=\"attachment-thumbnail size-thumbnail\" alt=\"\" srcset=\"https:\/\/upla.cl\/noticias\/wp-content\/uploads\/2026\/01\/Silvia-Sarzoza-150x94.jpeg 150w, https:\/\/upla.cl\/noticias\/wp-content\/uploads\/2026\/01\/Silvia-Sarzoza-300x189.jpeg 300w, https:\/\/upla.cl\/noticias\/wp-content\/uploads\/2026\/01\/Silvia-Sarzoza-1024x644.jpeg 1024w, https:\/\/upla.cl\/noticias\/wp-content\/uploads\/2026\/01\/Silvia-Sarzoza-768x483.jpeg 768w, https:\/\/upla.cl\/noticias\/wp-content\/uploads\/2026\/01\/Silvia-Sarzoza-1536x966.jpeg 1536w, https:\/\/upla.cl\/noticias\/wp-content\/uploads\/2026\/01\/Silvia-Sarzoza.jpeg 1920w\" sizes=\"auto, (max-width: 150px) 100vw, 150px\" \/><\/a>\n\t\t\t<\/div><\/figure><figure class='gallery-item'>\n\t\t\t<div class='gallery-icon landscape'>\n\t\t\t\t<a href=\"https:\/\/upla.cl\/noticias\/wp-content\/uploads\/2026\/01\/Congreso-Educacio\u0301n-5.jpg\"><img loading=\"lazy\" decoding=\"async\" width=\"150\" height=\"113\" src=\"https:\/\/upla.cl\/noticias\/wp-content\/uploads\/2026\/01\/Congreso-Educacio\u0301n-5-150x113.jpg\" class=\"attachment-thumbnail size-thumbnail\" alt=\"\" srcset=\"https:\/\/upla.cl\/noticias\/wp-content\/uploads\/2026\/01\/Congreso-Educacio\u0301n-5-150x113.jpg 150w, https:\/\/upla.cl\/noticias\/wp-content\/uploads\/2026\/01\/Congreso-Educacio\u0301n-5-300x225.jpg 300w, https:\/\/upla.cl\/noticias\/wp-content\/uploads\/2026\/01\/Congreso-Educacio\u0301n-5-1024x768.jpg 1024w, https:\/\/upla.cl\/noticias\/wp-content\/uploads\/2026\/01\/Congreso-Educacio\u0301n-5-768x576.jpg 768w, https:\/\/upla.cl\/noticias\/wp-content\/uploads\/2026\/01\/Congreso-Educacio\u0301n-5-1536x1152.jpg 1536w, https:\/\/upla.cl\/noticias\/wp-content\/uploads\/2026\/01\/Congreso-Educacio\u0301n-5.jpg 1920w\" sizes=\"auto, (max-width: 150px) 100vw, 150px\" \/><\/a>\n\t\t\t<\/div><\/figure><figure class='gallery-item'>\n\t\t\t<div class='gallery-icon landscape'>\n\t\t\t\t<a href=\"https:\/\/upla.cl\/noticias\/wp-content\/uploads\/2026\/01\/Congreso-Educacion-3.jpg\"><img loading=\"lazy\" decoding=\"async\" width=\"150\" height=\"113\" src=\"https:\/\/upla.cl\/noticias\/wp-content\/uploads\/2026\/01\/Congreso-Educacion-3-150x113.jpg\" class=\"attachment-thumbnail size-thumbnail\" alt=\"\" srcset=\"https:\/\/upla.cl\/noticias\/wp-content\/uploads\/2026\/01\/Congreso-Educacion-3-150x113.jpg 150w, https:\/\/upla.cl\/noticias\/wp-content\/uploads\/2026\/01\/Congreso-Educacion-3-300x225.jpg 300w, https:\/\/upla.cl\/noticias\/wp-content\/uploads\/2026\/01\/Congreso-Educacion-3-1024x768.jpg 1024w, https:\/\/upla.cl\/noticias\/wp-content\/uploads\/2026\/01\/Congreso-Educacion-3-768x576.jpg 768w, https:\/\/upla.cl\/noticias\/wp-content\/uploads\/2026\/01\/Congreso-Educacion-3-1536x1152.jpg 1536w, https:\/\/upla.cl\/noticias\/wp-content\/uploads\/2026\/01\/Congreso-Educacion-3.jpg 1920w\" sizes=\"auto, (max-width: 150px) 100vw, 150px\" \/><\/a>\n\t\t\t<\/div><\/figure><figure class='gallery-item'>\n\t\t\t<div class='gallery-icon landscape'>\n\t\t\t\t<a href=\"https:\/\/upla.cl\/noticias\/wp-content\/uploads\/2026\/01\/Congreso-Educacioin-2.jpg\"><img loading=\"lazy\" decoding=\"async\" width=\"150\" height=\"113\" src=\"https:\/\/upla.cl\/noticias\/wp-content\/uploads\/2026\/01\/Congreso-Educacioin-2-150x113.jpg\" class=\"attachment-thumbnail size-thumbnail\" alt=\"\" srcset=\"https:\/\/upla.cl\/noticias\/wp-content\/uploads\/2026\/01\/Congreso-Educacioin-2-150x113.jpg 150w, https:\/\/upla.cl\/noticias\/wp-content\/uploads\/2026\/01\/Congreso-Educacioin-2-300x225.jpg 300w, https:\/\/upla.cl\/noticias\/wp-content\/uploads\/2026\/01\/Congreso-Educacioin-2-1024x768.jpg 1024w, https:\/\/upla.cl\/noticias\/wp-content\/uploads\/2026\/01\/Congreso-Educacioin-2-768x576.jpg 768w, https:\/\/upla.cl\/noticias\/wp-content\/uploads\/2026\/01\/Congreso-Educacioin-2-1536x1152.jpg 1536w, https:\/\/upla.cl\/noticias\/wp-content\/uploads\/2026\/01\/Congreso-Educacioin-2.jpg 1920w\" sizes=\"auto, (max-width: 150px) 100vw, 150px\" \/><\/a>\n\t\t\t<\/div><\/figure>\n\t\t<\/div>\n\n","protected":false},"excerpt":{"rendered":"<p>La instancia, liderada por el Doctorado Consorciado UA-ULagos-UPLA, busc\u00f3 generar propuestas que respondan a los desaf\u00edos educativos actuales desde una perspectiva territorial, p\u00fablica y descentralizada.<\/p>\n","protected":false},"author":3,"featured_media":194777,"comment_status":"closed","ping_status":"open","sticky":false,"template":"","format":"standard","meta":{"footnotes":""},"categories":[51,96,40,101,97,73,716,85,715],"tags":[],"class_list":["post-194706","post","type-post","status-publish","format-standard","has-post-thumbnail","","category-academia","category-academicos","category-destacados","category-docencia","category-estudiantes","category-facultad-de-ciencias-de-la-educacion","category-postgrado-e-innovacion","category-postgrados","category-vicerrectoria-de-investigacion"],"_links":{"self":[{"href":"https:\/\/upla.cl\/noticias\/wp-json\/wp\/v2\/posts\/194706","targetHints":{"allow":["GET"]}}],"collection":[{"href":"https:\/\/upla.cl\/noticias\/wp-json\/wp\/v2\/posts"}],"about":[{"href":"https:\/\/upla.cl\/noticias\/wp-json\/wp\/v2\/types\/post"}],"author":[{"embeddable":true,"href":"https:\/\/upla.cl\/noticias\/wp-json\/wp\/v2\/users\/3"}],"replies":[{"embeddable":true,"href":"https:\/\/upla.cl\/noticias\/wp-json\/wp\/v2\/comments?post=194706"}],"version-history":[{"count":2,"href":"https:\/\/upla.cl\/noticias\/wp-json\/wp\/v2\/posts\/194706\/revisions"}],"predecessor-version":[{"id":194778,"href":"https:\/\/upla.cl\/noticias\/wp-json\/wp\/v2\/posts\/194706\/revisions\/194778"}],"wp:featuredmedia":[{"embeddable":true,"href":"https:\/\/upla.cl\/noticias\/wp-json\/wp\/v2\/media\/194777"}],"wp:attachment":[{"href":"https:\/\/upla.cl\/noticias\/wp-json\/wp\/v2\/media?parent=194706"}],"wp:term":[{"taxonomy":"category","embeddable":true,"href":"https:\/\/upla.cl\/noticias\/wp-json\/wp\/v2\/categories?post=194706"},{"taxonomy":"post_tag","embeddable":true,"href":"https:\/\/upla.cl\/noticias\/wp-json\/wp\/v2\/tags?post=194706"}],"curies":[{"name":"wp","href":"https:\/\/api.w.org\/{rel}","templated":true}]}}