{"id":194723,"date":"2025-12-19T08:04:22","date_gmt":"2025-12-19T11:04:22","guid":{"rendered":"https:\/\/upla.cl\/noticias\/?p=194723"},"modified":"2026-01-09T11:41:45","modified_gmt":"2026-01-09T14:41:45","slug":"san-felipe-pedagogia-en-educacion-diferencial-capacita-a-docentes-y-equipos-pie-en-estrategias-de-educacion-inclusiva","status":"publish","type":"post","link":"https:\/\/upla.cl\/noticias\/2025\/12\/19\/san-felipe-pedagogia-en-educacion-diferencial-capacita-a-docentes-y-equipos-pie-en-estrategias-de-educacion-inclusiva\/","title":{"rendered":"San Felipe: Pedagog\u00eda en Educaci\u00f3n Diferencial capacita a docentes y equipos PIE en estrategias de educaci\u00f3n inclusiva"},"content":{"rendered":"<p><a href=\"https:\/\/upla.cl\/noticias\/wp-content\/uploads\/2026\/01\/capacitacion_san_felipe-8.jpg\"><img loading=\"lazy\" decoding=\"async\" class=\"aligncenter size-large wp-image-194727\" src=\"https:\/\/upla.cl\/noticias\/wp-content\/uploads\/2026\/01\/capacitacion_san_felipe-8-1024x612.jpg\" alt=\"\" width=\"618\" height=\"369\" srcset=\"https:\/\/upla.cl\/noticias\/wp-content\/uploads\/2026\/01\/capacitacion_san_felipe-8-1024x612.jpg 1024w, https:\/\/upla.cl\/noticias\/wp-content\/uploads\/2026\/01\/capacitacion_san_felipe-8-300x179.jpg 300w, https:\/\/upla.cl\/noticias\/wp-content\/uploads\/2026\/01\/capacitacion_san_felipe-8-150x90.jpg 150w, https:\/\/upla.cl\/noticias\/wp-content\/uploads\/2026\/01\/capacitacion_san_felipe-8-768x459.jpg 768w, https:\/\/upla.cl\/noticias\/wp-content\/uploads\/2026\/01\/capacitacion_san_felipe-8-1536x918.jpg 1536w, https:\/\/upla.cl\/noticias\/wp-content\/uploads\/2026\/01\/capacitacion_san_felipe-8.jpg 1920w\" sizes=\"auto, (max-width: 618px) 100vw, 618px\" \/><\/a><\/p>\n<p>Tres jornadas de capacitaci\u00f3n realiz\u00f3 la carrera de <strong><a href=\"https:\/\/www.upla.cl\/admision\/carreras-profesionales\/facultad-de-ciencias-de-laeducacion\/pedagogia-en-educacion-diferencial\/\">Pedagog\u00eda en Educaci\u00f3n<\/a> <a href=\"https:\/\/www.upla.cl\/admision\/carreras-profesionales\/facultad-de-ciencias-de-laeducacion\/pedagogia-en-educacion-diferencial\/\">Diferencial del campus San Felipe<\/a><\/strong> de la Universidad de Playa Ancha, las que beneficiaron a los equipos de los Programas de Integraci\u00f3n Escolar (PIE) y a los cuerpos de profesores del Liceo Mixto Bicentenario de San Felipe y de la Escuela John F. Kennedy de la misma comuna.<\/p>\n<p>Las fruct\u00edferas jornadas estuvieron a cargo de las <strong>acad\u00e9micas de la carrera en la sede del Valle de Aconcagua<\/strong>, <strong>Sandra Gonz\u00e1lez Toro<\/strong> y <strong>Claudia Caro S\u00e1nchez<\/strong>, y contaron con una alta participaci\u00f3n de las comunidades de ambas instituciones educacionales.<\/p>\n<p><strong>Sandra Gonz\u00e1lez, quien es coordinadora docente de la carrera<\/strong> en el campus San Felipe, explic\u00f3 que \u201clas jornadas tuvieron como objetivo fortalecer las pr\u00e1cticas pedag\u00f3gicas del equipo PIE, mediante el abordaje de la planificaci\u00f3n desde el curr\u00edculo multinivel, as\u00ed como reflexionar sobre los desaf\u00edos que implica la implementaci\u00f3n del enfoque ecol\u00f3gico funcional en la ense\u00f1anza secundaria\u201d.<\/p>\n<p><a href=\"https:\/\/upla.cl\/noticias\/wp-content\/uploads\/2026\/01\/capacitacion_san_felipe-3.jpg\"><img loading=\"lazy\" decoding=\"async\" class=\"alignright size-medium wp-image-194725\" src=\"https:\/\/upla.cl\/noticias\/wp-content\/uploads\/2026\/01\/capacitacion_san_felipe-3-300x192.jpg\" alt=\"\" width=\"300\" height=\"192\" srcset=\"https:\/\/upla.cl\/noticias\/wp-content\/uploads\/2026\/01\/capacitacion_san_felipe-3-300x192.jpg 300w, https:\/\/upla.cl\/noticias\/wp-content\/uploads\/2026\/01\/capacitacion_san_felipe-3-1024x657.jpg 1024w, https:\/\/upla.cl\/noticias\/wp-content\/uploads\/2026\/01\/capacitacion_san_felipe-3-150x96.jpg 150w, https:\/\/upla.cl\/noticias\/wp-content\/uploads\/2026\/01\/capacitacion_san_felipe-3-768x492.jpg 768w, https:\/\/upla.cl\/noticias\/wp-content\/uploads\/2026\/01\/capacitacion_san_felipe-3-1536x985.jpg 1536w, https:\/\/upla.cl\/noticias\/wp-content\/uploads\/2026\/01\/capacitacion_san_felipe-3.jpg 1920w\" sizes=\"auto, (max-width: 300px) 100vw, 300px\" \/><\/a>En ese sentido, la coordinadora detall\u00f3 que \u201cdurante las sesiones se trabajaron componentes claves de este enfoque, orientados a la diversificaci\u00f3n de la ense\u00f1anza y a la respuesta educativa a la diversidad del estudiantado\u201d.<\/p>\n<p>En esa misma l\u00ednea, la <strong>acad\u00e9mica Claudia Caro<\/strong> sostuvo que \u00abla capacitaci\u00f3n se encuentra en coherencia con los <a href=\"https:\/\/upla.cl\/noticias\/wp-content\/uploads\/2026\/01\/capacitacion_san_felipe-4.jpg\"><img loading=\"lazy\" decoding=\"async\" class=\"alignright wp-image-194729 size-medium\" src=\"https:\/\/upla.cl\/noticias\/wp-content\/uploads\/2026\/01\/capacitacion_san_felipe-4-300x189.jpg\" alt=\"\" width=\"300\" height=\"189\" srcset=\"https:\/\/upla.cl\/noticias\/wp-content\/uploads\/2026\/01\/capacitacion_san_felipe-4-300x189.jpg 300w, https:\/\/upla.cl\/noticias\/wp-content\/uploads\/2026\/01\/capacitacion_san_felipe-4-1024x645.jpg 1024w, https:\/\/upla.cl\/noticias\/wp-content\/uploads\/2026\/01\/capacitacion_san_felipe-4-150x94.jpg 150w, https:\/\/upla.cl\/noticias\/wp-content\/uploads\/2026\/01\/capacitacion_san_felipe-4-768x484.jpg 768w, https:\/\/upla.cl\/noticias\/wp-content\/uploads\/2026\/01\/capacitacion_san_felipe-4-1536x967.jpg 1536w, https:\/\/upla.cl\/noticias\/wp-content\/uploads\/2026\/01\/capacitacion_san_felipe-4.jpg 1848w\" sizes=\"auto, (max-width: 300px) 100vw, 300px\" \/><\/a>lineamientos formativos de la carrera y permiti\u00f3 generar v\u00ednculos de colaboraci\u00f3n con nuestros centros de pr\u00e1ctica. Particularmente, la acci\u00f3n tuvo como eje central el curr\u00edculum multinivel, entendido como una estrategia pedag\u00f3gica que promueve la planificaci\u00f3n y la ense\u00f1anza desde la diversidad del aula y fortalece las pr\u00e1cticas pedag\u00f3gicas, mediante la incorporaci\u00f3n de estrategias de diversificaci\u00f3n curricular, permitiendo el acceso, la participaci\u00f3n y el progreso de todos los estudiantes en sus procesos de aprendizaje\u00bb.<\/p>\n<div id='gallery-1' class='gallery galleryid-194723 gallery-columns-5 gallery-size-thumbnail'><figure class='gallery-item'>\n\t\t\t<div class='gallery-icon landscape'>\n\t\t\t\t<a href='https:\/\/upla.cl\/noticias\/wp-content\/uploads\/2026\/01\/capacitacion_san_felipe-1.jpg'><img loading=\"lazy\" decoding=\"async\" width=\"150\" height=\"93\" src=\"https:\/\/upla.cl\/noticias\/wp-content\/uploads\/2026\/01\/capacitacion_san_felipe-1-150x93.jpg\" class=\"attachment-thumbnail size-thumbnail\" alt=\"\" srcset=\"https:\/\/upla.cl\/noticias\/wp-content\/uploads\/2026\/01\/capacitacion_san_felipe-1-150x93.jpg 150w, https:\/\/upla.cl\/noticias\/wp-content\/uploads\/2026\/01\/capacitacion_san_felipe-1-300x185.jpg 300w, https:\/\/upla.cl\/noticias\/wp-content\/uploads\/2026\/01\/capacitacion_san_felipe-1-1024x633.jpg 1024w, https:\/\/upla.cl\/noticias\/wp-content\/uploads\/2026\/01\/capacitacion_san_felipe-1-768x474.jpg 768w, https:\/\/upla.cl\/noticias\/wp-content\/uploads\/2026\/01\/capacitacion_san_felipe-1-1536x949.jpg 1536w, https:\/\/upla.cl\/noticias\/wp-content\/uploads\/2026\/01\/capacitacion_san_felipe-1.jpg 1920w\" sizes=\"auto, (max-width: 150px) 100vw, 150px\" \/><\/a>\n\t\t\t<\/div><\/figure><figure class='gallery-item'>\n\t\t\t<div class='gallery-icon landscape'>\n\t\t\t\t<a href='https:\/\/upla.cl\/noticias\/wp-content\/uploads\/2026\/01\/capacitacion_san_felipe-6.jpg'><img loading=\"lazy\" decoding=\"async\" width=\"150\" height=\"89\" src=\"https:\/\/upla.cl\/noticias\/wp-content\/uploads\/2026\/01\/capacitacion_san_felipe-6-150x89.jpg\" class=\"attachment-thumbnail size-thumbnail\" alt=\"\" srcset=\"https:\/\/upla.cl\/noticias\/wp-content\/uploads\/2026\/01\/capacitacion_san_felipe-6-150x89.jpg 150w, https:\/\/upla.cl\/noticias\/wp-content\/uploads\/2026\/01\/capacitacion_san_felipe-6-300x177.jpg 300w, https:\/\/upla.cl\/noticias\/wp-content\/uploads\/2026\/01\/capacitacion_san_felipe-6-1024x605.jpg 1024w, https:\/\/upla.cl\/noticias\/wp-content\/uploads\/2026\/01\/capacitacion_san_felipe-6-768x454.jpg 768w, https:\/\/upla.cl\/noticias\/wp-content\/uploads\/2026\/01\/capacitacion_san_felipe-6-1536x907.jpg 1536w, https:\/\/upla.cl\/noticias\/wp-content\/uploads\/2026\/01\/capacitacion_san_felipe-6.jpg 1644w\" sizes=\"auto, (max-width: 150px) 100vw, 150px\" \/><\/a>\n\t\t\t<\/div><\/figure><figure class='gallery-item'>\n\t\t\t<div class='gallery-icon landscape'>\n\t\t\t\t<a href='https:\/\/upla.cl\/noticias\/wp-content\/uploads\/2025\/12\/capacitacion_escuela_JF_-Kennedy1.jpg'><img loading=\"lazy\" decoding=\"async\" width=\"150\" height=\"76\" src=\"https:\/\/upla.cl\/noticias\/wp-content\/uploads\/2025\/12\/capacitacion_escuela_JF_-Kennedy1-150x76.jpg\" class=\"attachment-thumbnail size-thumbnail\" alt=\"\" srcset=\"https:\/\/upla.cl\/noticias\/wp-content\/uploads\/2025\/12\/capacitacion_escuela_JF_-Kennedy1-150x76.jpg 150w, https:\/\/upla.cl\/noticias\/wp-content\/uploads\/2025\/12\/capacitacion_escuela_JF_-Kennedy1-300x153.jpg 300w, https:\/\/upla.cl\/noticias\/wp-content\/uploads\/2025\/12\/capacitacion_escuela_JF_-Kennedy1-1024x522.jpg 1024w, https:\/\/upla.cl\/noticias\/wp-content\/uploads\/2025\/12\/capacitacion_escuela_JF_-Kennedy1-768x391.jpg 768w, https:\/\/upla.cl\/noticias\/wp-content\/uploads\/2025\/12\/capacitacion_escuela_JF_-Kennedy1-1536x782.jpg 1536w, https:\/\/upla.cl\/noticias\/wp-content\/uploads\/2025\/12\/capacitacion_escuela_JF_-Kennedy1-660x330.jpg 660w, https:\/\/upla.cl\/noticias\/wp-content\/uploads\/2025\/12\/capacitacion_escuela_JF_-Kennedy1-1050x525.jpg 1050w, https:\/\/upla.cl\/noticias\/wp-content\/uploads\/2025\/12\/capacitacion_escuela_JF_-Kennedy1.jpg 1920w\" sizes=\"auto, (max-width: 150px) 100vw, 150px\" \/><\/a>\n\t\t\t<\/div><\/figure><figure class='gallery-item'>\n\t\t\t<div class='gallery-icon landscape'>\n\t\t\t\t<a href='https:\/\/upla.cl\/noticias\/wp-content\/uploads\/2025\/12\/capacitacion_escuela_JF_-Kennedy2.jpg'><img loading=\"lazy\" decoding=\"async\" width=\"150\" height=\"91\" src=\"https:\/\/upla.cl\/noticias\/wp-content\/uploads\/2025\/12\/capacitacion_escuela_JF_-Kennedy2-150x91.jpg\" class=\"attachment-thumbnail size-thumbnail\" alt=\"\" srcset=\"https:\/\/upla.cl\/noticias\/wp-content\/uploads\/2025\/12\/capacitacion_escuela_JF_-Kennedy2-150x91.jpg 150w, https:\/\/upla.cl\/noticias\/wp-content\/uploads\/2025\/12\/capacitacion_escuela_JF_-Kennedy2-300x182.jpg 300w, https:\/\/upla.cl\/noticias\/wp-content\/uploads\/2025\/12\/capacitacion_escuela_JF_-Kennedy2-1024x623.jpg 1024w, https:\/\/upla.cl\/noticias\/wp-content\/uploads\/2025\/12\/capacitacion_escuela_JF_-Kennedy2-768x467.jpg 768w, https:\/\/upla.cl\/noticias\/wp-content\/uploads\/2025\/12\/capacitacion_escuela_JF_-Kennedy2.jpg 1515w\" sizes=\"auto, (max-width: 150px) 100vw, 150px\" \/><\/a>\n\t\t\t<\/div><\/figure><figure class='gallery-item'>\n\t\t\t<div class='gallery-icon landscape'>\n\t\t\t\t<a href='https:\/\/upla.cl\/noticias\/wp-content\/uploads\/2025\/12\/capacitacion_escuela_JF_-Kennedy-3.jpg'><img loading=\"lazy\" decoding=\"async\" width=\"150\" height=\"107\" src=\"https:\/\/upla.cl\/noticias\/wp-content\/uploads\/2025\/12\/capacitacion_escuela_JF_-Kennedy-3-150x107.jpg\" class=\"attachment-thumbnail size-thumbnail\" alt=\"\" srcset=\"https:\/\/upla.cl\/noticias\/wp-content\/uploads\/2025\/12\/capacitacion_escuela_JF_-Kennedy-3-150x107.jpg 150w, https:\/\/upla.cl\/noticias\/wp-content\/uploads\/2025\/12\/capacitacion_escuela_JF_-Kennedy-3-300x213.jpg 300w, https:\/\/upla.cl\/noticias\/wp-content\/uploads\/2025\/12\/capacitacion_escuela_JF_-Kennedy-3-1024x727.jpg 1024w, https:\/\/upla.cl\/noticias\/wp-content\/uploads\/2025\/12\/capacitacion_escuela_JF_-Kennedy-3-768x546.jpg 768w, https:\/\/upla.cl\/noticias\/wp-content\/uploads\/2025\/12\/capacitacion_escuela_JF_-Kennedy-3-1536x1091.jpg 1536w, https:\/\/upla.cl\/noticias\/wp-content\/uploads\/2025\/12\/capacitacion_escuela_JF_-Kennedy-3.jpg 1920w\" sizes=\"auto, (max-width: 150px) 100vw, 150px\" \/><\/a>\n\t\t\t<\/div><\/figure>\n\t\t<\/div>\n\n<p><em>Fuente: Daniel Labb\u00e9 Y., periodista Direcci\u00f3n General de Vinculaci\u00f3n con el Medio \/ Campus San Felipe<\/em><\/p>\n","protected":false},"excerpt":{"rendered":"<p>Los beneficiarios fueron los equipos PIE y profesores del Liceo Mixto y la Escuela John F. Kennedy.<\/p>\n","protected":false},"author":10,"featured_media":194727,"comment_status":"closed","ping_status":"open","sticky":false,"template":"","format":"standard","meta":{"footnotes":""},"categories":[51,96,60,40,101,73,91],"tags":[],"class_list":["post-194723","post","type-post","status-publish","format-standard","has-post-thumbnail","","category-academia","category-academicos","category-campus-san-felipe","category-destacados","category-docencia","category-facultad-de-ciencias-de-la-educacion","category-vinculacion-con-el-medio"],"_links":{"self":[{"href":"https:\/\/upla.cl\/noticias\/wp-json\/wp\/v2\/posts\/194723","targetHints":{"allow":["GET"]}}],"collection":[{"href":"https:\/\/upla.cl\/noticias\/wp-json\/wp\/v2\/posts"}],"about":[{"href":"https:\/\/upla.cl\/noticias\/wp-json\/wp\/v2\/types\/post"}],"author":[{"embeddable":true,"href":"https:\/\/upla.cl\/noticias\/wp-json\/wp\/v2\/users\/10"}],"replies":[{"embeddable":true,"href":"https:\/\/upla.cl\/noticias\/wp-json\/wp\/v2\/comments?post=194723"}],"version-history":[{"count":2,"href":"https:\/\/upla.cl\/noticias\/wp-json\/wp\/v2\/posts\/194723\/revisions"}],"predecessor-version":[{"id":194739,"href":"https:\/\/upla.cl\/noticias\/wp-json\/wp\/v2\/posts\/194723\/revisions\/194739"}],"wp:featuredmedia":[{"embeddable":true,"href":"https:\/\/upla.cl\/noticias\/wp-json\/wp\/v2\/media\/194727"}],"wp:attachment":[{"href":"https:\/\/upla.cl\/noticias\/wp-json\/wp\/v2\/media?parent=194723"}],"wp:term":[{"taxonomy":"category","embeddable":true,"href":"https:\/\/upla.cl\/noticias\/wp-json\/wp\/v2\/categories?post=194723"},{"taxonomy":"post_tag","embeddable":true,"href":"https:\/\/upla.cl\/noticias\/wp-json\/wp\/v2\/tags?post=194723"}],"curies":[{"name":"wp","href":"https:\/\/api.w.org\/{rel}","templated":true}]}}