{"id":194758,"date":"2026-01-09T15:07:15","date_gmt":"2026-01-09T18:07:15","guid":{"rendered":"https:\/\/upla.cl\/noticias\/?p=194758"},"modified":"2026-01-14T15:51:31","modified_gmt":"2026-01-14T18:51:31","slug":"jovenes-investigadores-abordaran-perspectivas-criticas-de-la-filosofia-la-educacion-y-la-ensenanza","status":"publish","type":"post","link":"https:\/\/upla.cl\/noticias\/2026\/01\/09\/jovenes-investigadores-abordaran-perspectivas-criticas-de-la-filosofia-la-educacion-y-la-ensenanza\/","title":{"rendered":"J\u00f3venes investigadores abordar\u00e1n perspectivas cr\u00edticas de la filosof\u00eda, la educaci\u00f3n y la ense\u00f1anza"},"content":{"rendered":"<p><a href=\"https:\/\/upla.cl\/noticias\/wp-content\/uploads\/2026\/01\/coloquio_doctoral_humanidadesupla.jpg\"><img loading=\"lazy\" decoding=\"async\" class=\"alignright wp-image-194760 \" src=\"https:\/\/upla.cl\/noticias\/wp-content\/uploads\/2026\/01\/coloquio_doctoral_humanidadesupla.jpg\" alt=\"\" width=\"350\" height=\"438\" srcset=\"https:\/\/upla.cl\/noticias\/wp-content\/uploads\/2026\/01\/coloquio_doctoral_humanidadesupla.jpg 1536w, https:\/\/upla.cl\/noticias\/wp-content\/uploads\/2026\/01\/coloquio_doctoral_humanidadesupla-240x300.jpg 240w, https:\/\/upla.cl\/noticias\/wp-content\/uploads\/2026\/01\/coloquio_doctoral_humanidadesupla-819x1024.jpg 819w, https:\/\/upla.cl\/noticias\/wp-content\/uploads\/2026\/01\/coloquio_doctoral_humanidadesupla-120x150.jpg 120w, https:\/\/upla.cl\/noticias\/wp-content\/uploads\/2026\/01\/coloquio_doctoral_humanidadesupla-768x960.jpg 768w, https:\/\/upla.cl\/noticias\/wp-content\/uploads\/2026\/01\/coloquio_doctoral_humanidadesupla-1229x1536.jpg 1229w\" sizes=\"auto, (max-width: 350px) 100vw, 350px\" \/><\/a>Dar a conocer el trabajo de j\u00f3venes investigadores que, desde distintas \u00e1reas disciplinares, abordan perspectivas cr\u00edticas que ponen en cuesti\u00f3n ciertas conceptualizaciones del \u00e1mbito educativo que por naturalizarse, pasan por alto su potencial de subordinaci\u00f3n y, por tanto, de desigualdad.<\/p>\n<p>Ese ser\u00e1 el foco del <strong>coloquio doctoral \u201cPerspectivas cr\u00edticas de la filosof\u00eda, la educaci\u00f3n y la ense\u00f1anza\u201d<\/strong>, que se realizar\u00e1 el jueves 15 de enero, a las 10.30 horas, en la Sala Altazor de la Facultad de Humanidades, ubicada en el cuarto piso de la Casa Central de la Universidad de Playa Ancha.<\/p>\n<p>En la jornada expondr\u00e1n estudiantes de distintos programas de postgrado como <strong>Franchesca Abaca<\/strong> del <a href=\"https:\/\/www.upla.cl\/postgrado\/doctorado\/literatura-hispanoamericana-contemporanea\/\">Doctorado en Literatura Hispanoamericana Contempor\u00e1nea de la UPLA<\/a>, quien se referir\u00e1 a la <strong>\u00abDeconstrucci\u00f3n del canon literario escolar chileno\u00bb<\/strong>.<\/p>\n<p>Tambi\u00e9n presentar\u00e1 avances de investigaci\u00f3n el <strong>candidato a doctor Carlos Cruz G\u00f3mez<\/strong> del Doctorado Interinstitucional en Educaci\u00f3n de la <a href=\"https:\/\/www.upn.edu.co\/\" target=\"_blank\" rel=\"noopener\">Universidad Pedag\u00f3gica Nacional de Bogot\u00e1<\/a>, qui\u00e9n realiza una pasant\u00eda en la UPLA con la profesora del Doctorado en Literatura y del <a href=\"https:\/\/www.upla.cl\/postgrado\/magisteres\/linguistica\/\">Mag\u00edster en Ling\u00fc\u00edstica<\/a>, <strong>Carolina \u00c1valos Valdivia<\/strong>.<\/p>\n<p>Desde la sede Valdivia de la Universidad Austral de Chile, los estudiantes del Doctorado en Ciencias Humanas, menci\u00f3n Discurso y Cultura, <strong>Daniela Guti\u00e9rrez <\/strong>y<strong> Javier Ulloa<\/strong> expondr\u00e1n sobre la <strong>\u201cFilosof\u00eda como cr\u00edtica a la educaci\u00f3n ciudadana\u201d<\/strong> y <strong>\u201cLa neoliberalizaci\u00f3n de la educaci\u00f3n popular\u201d<\/strong>, respectivamente.<\/p>\n<p>Finalmente, sobre la <strong>\u201cVirtud de la crianza y filosof\u00eda pol\u00edtica en el pensamiento de Gabriela Mistral\u201d<\/strong> hablar\u00e1 <strong>Isidora Vicencio<\/strong>, estudiante del Doctorado en Filosof\u00eda de la Pontificia Universidad Cat\u00f3lica de Valpara\u00edso.<\/p>\n<p>Cabe destacar que este coloquio es la primera actividad que se desarrolla como parte del <strong>proyecto de instalaci\u00f3n 85250085 \u00abPropuesta cr\u00edtica de estrategias filos\u00f3fico-institucionales para fortalecer las humanidades en la Facultad de Humanidades de la Universidad de Playa Ancha\u00bb<\/strong>, financiado por el Concurso de Subvenci\u00f3n a la Instalaci\u00f3n en la Academia (SIA) de la Agencia Nacional de Investigaci\u00f3n y Desarrollo (ANID) y apoyado por el <a href=\"https:\/\/upla.cl\/facultad\/humanidades\/nucleo-de-investigacion-saberes-y-practicas-de-la-ensenanza-de-las-humanidades\/\" target=\"_blank\" rel=\"noopener\">N\u00facleo de investigaci\u00f3n \u201cSaberes y pr\u00e1cticas de la ense\u00f1anza de las humanidades\u201d de la UPLA.<\/a><\/p>\n","protected":false},"excerpt":{"rendered":"<p>El jueves 15 de enero, a las 10.30 horas, en la Sala Altazor de la Facultad de Humanidades de la UPLA se reunir\u00e1n estudiantes de postgrado quienes presentar\u00e1n avances de investigaci\u00f3n sobre tem\u00e1ticas clave en estos \u00e1mbitos. <\/p>\n","protected":false},"author":2,"featured_media":194761,"comment_status":"closed","ping_status":"open","sticky":false,"template":"","format":"standard","meta":{"footnotes":""},"categories":[51,96,40,101,69,97,77,43,85,113,91],"tags":[],"class_list":["post-194758","post","type-post","status-publish","format-standard","has-post-thumbnail","","category-academia","category-academicos","category-destacados","category-docencia","category-egresados","category-estudiantes","category-facultad-de-humanidades","category-investigacion","category-postgrados","category-universidades-en-red","category-vinculacion-con-el-medio"],"_links":{"self":[{"href":"https:\/\/upla.cl\/noticias\/wp-json\/wp\/v2\/posts\/194758","targetHints":{"allow":["GET"]}}],"collection":[{"href":"https:\/\/upla.cl\/noticias\/wp-json\/wp\/v2\/posts"}],"about":[{"href":"https:\/\/upla.cl\/noticias\/wp-json\/wp\/v2\/types\/post"}],"author":[{"embeddable":true,"href":"https:\/\/upla.cl\/noticias\/wp-json\/wp\/v2\/users\/2"}],"replies":[{"embeddable":true,"href":"https:\/\/upla.cl\/noticias\/wp-json\/wp\/v2\/comments?post=194758"}],"version-history":[{"count":2,"href":"https:\/\/upla.cl\/noticias\/wp-json\/wp\/v2\/posts\/194758\/revisions"}],"predecessor-version":[{"id":194762,"href":"https:\/\/upla.cl\/noticias\/wp-json\/wp\/v2\/posts\/194758\/revisions\/194762"}],"wp:featuredmedia":[{"embeddable":true,"href":"https:\/\/upla.cl\/noticias\/wp-json\/wp\/v2\/media\/194761"}],"wp:attachment":[{"href":"https:\/\/upla.cl\/noticias\/wp-json\/wp\/v2\/media?parent=194758"}],"wp:term":[{"taxonomy":"category","embeddable":true,"href":"https:\/\/upla.cl\/noticias\/wp-json\/wp\/v2\/categories?post=194758"},{"taxonomy":"post_tag","embeddable":true,"href":"https:\/\/upla.cl\/noticias\/wp-json\/wp\/v2\/tags?post=194758"}],"curies":[{"name":"wp","href":"https:\/\/api.w.org\/{rel}","templated":true}]}}