{"id":194815,"date":"2026-01-13T11:31:11","date_gmt":"2026-01-13T14:31:11","guid":{"rendered":"https:\/\/upla.cl\/noticias\/?p=194815"},"modified":"2026-01-13T11:31:11","modified_gmt":"2026-01-13T14:31:11","slug":"el-magister-en-linguistica-upla-impulsa-la-innovacion-educativa-mediante-la-metodologia-pre-textos","status":"publish","type":"post","link":"https:\/\/upla.cl\/noticias\/2026\/01\/13\/el-magister-en-linguistica-upla-impulsa-la-innovacion-educativa-mediante-la-metodologia-pre-textos\/","title":{"rendered":"El Mag\u00edster en Ling\u00fc\u00edstica UPLA impulsa la innovaci\u00f3n educativa mediante la metodolog\u00eda PRE-TEXTOS"},"content":{"rendered":"<p><a href=\"https:\/\/upla.cl\/noticias\/wp-content\/uploads\/2026\/01\/Mg.-En-Lingu\u0308i\u0301stica-1.jpeg\"><img loading=\"lazy\" decoding=\"async\" class=\"alignleft wp-image-194817 size-medium\" src=\"https:\/\/upla.cl\/noticias\/wp-content\/uploads\/2026\/01\/Mg.-En-Lingu\u0308i\u0301stica-1-263x300.jpeg\" alt=\"El Mag\u00edster en Ling\u00fc\u00edstica UPLA impulsa la innovaci\u00f3n educativa mediante la metodolog\u00eda PRE-TEXTOS\" width=\"263\" height=\"300\" srcset=\"https:\/\/upla.cl\/noticias\/wp-content\/uploads\/2026\/01\/Mg.-En-Lingu\u0308i\u0301stica-1-263x300.jpeg 263w, https:\/\/upla.cl\/noticias\/wp-content\/uploads\/2026\/01\/Mg.-En-Lingu\u0308i\u0301stica-1-899x1024.jpeg 899w, https:\/\/upla.cl\/noticias\/wp-content\/uploads\/2026\/01\/Mg.-En-Lingu\u0308i\u0301stica-1-132x150.jpeg 132w, https:\/\/upla.cl\/noticias\/wp-content\/uploads\/2026\/01\/Mg.-En-Lingu\u0308i\u0301stica-1-768x875.jpeg 768w, https:\/\/upla.cl\/noticias\/wp-content\/uploads\/2026\/01\/Mg.-En-Lingu\u0308i\u0301stica-1-1348x1536.jpeg 1348w, https:\/\/upla.cl\/noticias\/wp-content\/uploads\/2026\/01\/Mg.-En-Lingu\u0308i\u0301stica-1.jpeg 1404w\" sizes=\"auto, (max-width: 263px) 100vw, 263px\" \/><\/a>El <strong><a href=\"https:\/\/www.upla.cl\/postgrado\/magisteres\/linguistica\/\">Mag\u00edster en Ling\u00fc\u00edstica<\/a> de la Universidad de Playa Ancha<\/strong> reafirm\u00f3 su compromiso con la vanguardia pedag\u00f3gica y la Vinculaci\u00f3n con el Medio tras liderar una exitosa jornada de capacitaci\u00f3n en la metodolog\u00eda PRE-TEXTOS. Esta instancia, organizada en conjunto con el <strong>Departamento de Literatura y Ling\u00fc\u00edstica de la <a href=\"https:\/\/upla.cl\/facultad\/humanidades\/\">Facultad de Humanidades<\/a>,<\/strong> congreg\u00f3 a un diverso grupo de acad\u00e9micos de nuestra casa de estudios, profesores del sistema escolar de diversas regiones y estudiantes de Pedagog\u00eda en Castellano, consolidando al postgrado como un referente estrat\u00e9gico en el fortalecimiento de competencias docentes a nivel nacional.<\/p>\n<p>La actividad estuvo bajo la direcci\u00f3n de la <strong>Dra. Paulina N\u00fa\u00f1ez Lagos, certificadora oficial del m\u00e9todo en Chile<\/strong>, junto a la profesional <strong>Francisca Poblete,<\/strong> quienes guiaron a los asistentes en una inmersi\u00f3n pr\u00e1ctica sobre los fundamentos de la lectoescritura. Esta metodolog\u00eda se distingue por proponer un abordaje basado en la horizontalidad de las relaciones entre docente y estudiante, priorizando la comunicaci\u00f3n y la interacci\u00f3n desde la validaci\u00f3n y el afecto. A trav\u00e9s del trabajo colaborativo, el programa busca transformar el aula en un espacio de experimentaci\u00f3n que fomente el pensamiento complejo y la creatividad.<\/p>\n<p><a href=\"https:\/\/upla.cl\/noticias\/wp-content\/uploads\/2026\/01\/Mg.-en-Lingu\u0308i\u0301stica-2.jpeg\"><img loading=\"lazy\" decoding=\"async\" class=\"alignright size-medium wp-image-194818\" src=\"https:\/\/upla.cl\/noticias\/wp-content\/uploads\/2026\/01\/Mg.-en-Lingu\u0308i\u0301stica-2-300x225.jpeg\" alt=\"\" width=\"300\" height=\"225\" srcset=\"https:\/\/upla.cl\/noticias\/wp-content\/uploads\/2026\/01\/Mg.-en-Lingu\u0308i\u0301stica-2-300x225.jpeg 300w, https:\/\/upla.cl\/noticias\/wp-content\/uploads\/2026\/01\/Mg.-en-Lingu\u0308i\u0301stica-2-1024x768.jpeg 1024w, https:\/\/upla.cl\/noticias\/wp-content\/uploads\/2026\/01\/Mg.-en-Lingu\u0308i\u0301stica-2-150x113.jpeg 150w, https:\/\/upla.cl\/noticias\/wp-content\/uploads\/2026\/01\/Mg.-en-Lingu\u0308i\u0301stica-2-768x576.jpeg 768w, https:\/\/upla.cl\/noticias\/wp-content\/uploads\/2026\/01\/Mg.-en-Lingu\u0308i\u0301stica-2-1536x1152.jpeg 1536w, https:\/\/upla.cl\/noticias\/wp-content\/uploads\/2026\/01\/Mg.-en-Lingu\u0308i\u0301stica-2.jpeg 1600w\" sizes=\"auto, (max-width: 300px) 100vw, 300px\" \/><\/a>Desde una perspectiva de comunicaci\u00f3n estrat\u00e9gica, la relevancia de este encuentro radica en su capacidad para articular redes entre la academia y el sistema escolar p\u00fablico. Al integrar a futuros educadores y docentes en ejercicio, el<strong> Mag\u00edster en Ling\u00fc\u00edstica de la UPLA<\/strong> act\u00faa como un puente cr\u00edtico que transfiere herramientas de investigaci\u00f3n aplicada directamente a la realidad de las aulas chilenas. Esta metodolog\u00eda no solo mejora los procesos de lectoescritura, sino que promueve el desarrollo de un pensamiento divergente, esencial para enfrentar los desaf\u00edos de la educaci\u00f3n contempor\u00e1nea.<\/p>\n<p>La organizaci\u00f3n y el \u00e9xito de esta gesti\u00f3n fueron encabezados por la <strong>Dra. Maritza Farlora,<\/strong> en representaci\u00f3n del <strong>Mag\u00edster en Ling\u00fc\u00edstica<\/strong>, y la <strong>directora del Departamento de Literatura y Ling\u00fc\u00edstica, Dra. Ivonne Fuentes.<\/strong> Este esfuerzo conjunto subraya la solidez institucional de la <a href=\"https:\/\/upla.cl\/facultad\/humanidades\/\"><strong>Facultad de Humanidades<\/strong><\/a> y posiciona a sus programas de postgrado como motores de cambio social y educativo.<\/p>\n<div id='gallery-1' class='gallery galleryid-194815 gallery-columns-3 gallery-size-thumbnail'><figure class='gallery-item'>\n\t\t\t<div class='gallery-icon landscape'>\n\t\t\t\t<a href='https:\/\/upla.cl\/noticias\/wp-content\/uploads\/2026\/01\/Mg.-En-Linguistica-4.jpeg'><img loading=\"lazy\" decoding=\"async\" width=\"150\" height=\"113\" src=\"https:\/\/upla.cl\/noticias\/wp-content\/uploads\/2026\/01\/Mg.-En-Linguistica-4-150x113.jpeg\" class=\"attachment-thumbnail size-thumbnail\" alt=\"\" srcset=\"https:\/\/upla.cl\/noticias\/wp-content\/uploads\/2026\/01\/Mg.-En-Linguistica-4-150x113.jpeg 150w, https:\/\/upla.cl\/noticias\/wp-content\/uploads\/2026\/01\/Mg.-En-Linguistica-4-300x225.jpeg 300w, https:\/\/upla.cl\/noticias\/wp-content\/uploads\/2026\/01\/Mg.-En-Linguistica-4-1024x768.jpeg 1024w, https:\/\/upla.cl\/noticias\/wp-content\/uploads\/2026\/01\/Mg.-En-Linguistica-4-768x576.jpeg 768w, https:\/\/upla.cl\/noticias\/wp-content\/uploads\/2026\/01\/Mg.-En-Linguistica-4-1536x1152.jpeg 1536w, https:\/\/upla.cl\/noticias\/wp-content\/uploads\/2026\/01\/Mg.-En-Linguistica-4.jpeg 1600w\" sizes=\"auto, (max-width: 150px) 100vw, 150px\" \/><\/a>\n\t\t\t<\/div><\/figure><figure class='gallery-item'>\n\t\t\t<div class='gallery-icon landscape'>\n\t\t\t\t<a href='https:\/\/upla.cl\/noticias\/wp-content\/uploads\/2026\/01\/Mg.-en-Lingu\u0308i\u0301stica-2-1.jpeg'><img loading=\"lazy\" decoding=\"async\" width=\"150\" height=\"113\" src=\"https:\/\/upla.cl\/noticias\/wp-content\/uploads\/2026\/01\/Mg.-en-Lingu\u0308i\u0301stica-2-1-150x113.jpeg\" class=\"attachment-thumbnail size-thumbnail\" alt=\"\" srcset=\"https:\/\/upla.cl\/noticias\/wp-content\/uploads\/2026\/01\/Mg.-en-Lingu\u0308i\u0301stica-2-1-150x113.jpeg 150w, https:\/\/upla.cl\/noticias\/wp-content\/uploads\/2026\/01\/Mg.-en-Lingu\u0308i\u0301stica-2-1-300x225.jpeg 300w, https:\/\/upla.cl\/noticias\/wp-content\/uploads\/2026\/01\/Mg.-en-Lingu\u0308i\u0301stica-2-1-1024x768.jpeg 1024w, https:\/\/upla.cl\/noticias\/wp-content\/uploads\/2026\/01\/Mg.-en-Lingu\u0308i\u0301stica-2-1-768x576.jpeg 768w, https:\/\/upla.cl\/noticias\/wp-content\/uploads\/2026\/01\/Mg.-en-Lingu\u0308i\u0301stica-2-1-1536x1152.jpeg 1536w, https:\/\/upla.cl\/noticias\/wp-content\/uploads\/2026\/01\/Mg.-en-Lingu\u0308i\u0301stica-2-1.jpeg 1600w\" sizes=\"auto, (max-width: 150px) 100vw, 150px\" \/><\/a>\n\t\t\t<\/div><\/figure><figure class='gallery-item'>\n\t\t\t<div class='gallery-icon landscape'>\n\t\t\t\t<a href='https:\/\/upla.cl\/noticias\/wp-content\/uploads\/2026\/01\/Mg.-en-Lingu\u0301i\u0301stica-3.jpg'><img loading=\"lazy\" decoding=\"async\" width=\"150\" height=\"113\" src=\"https:\/\/upla.cl\/noticias\/wp-content\/uploads\/2026\/01\/Mg.-en-Lingu\u0301i\u0301stica-3-150x113.jpg\" class=\"attachment-thumbnail size-thumbnail\" alt=\"\" srcset=\"https:\/\/upla.cl\/noticias\/wp-content\/uploads\/2026\/01\/Mg.-en-Lingu\u0301i\u0301stica-3-150x113.jpg 150w, https:\/\/upla.cl\/noticias\/wp-content\/uploads\/2026\/01\/Mg.-en-Lingu\u0301i\u0301stica-3-300x225.jpg 300w, https:\/\/upla.cl\/noticias\/wp-content\/uploads\/2026\/01\/Mg.-en-Lingu\u0301i\u0301stica-3-1024x768.jpg 1024w, https:\/\/upla.cl\/noticias\/wp-content\/uploads\/2026\/01\/Mg.-en-Lingu\u0301i\u0301stica-3-768x576.jpg 768w, https:\/\/upla.cl\/noticias\/wp-content\/uploads\/2026\/01\/Mg.-en-Lingu\u0301i\u0301stica-3-1536x1152.jpg 1536w, https:\/\/upla.cl\/noticias\/wp-content\/uploads\/2026\/01\/Mg.-en-Lingu\u0301i\u0301stica-3.jpg 1600w\" sizes=\"auto, (max-width: 150px) 100vw, 150px\" \/><\/a>\n\t\t\t<\/div><\/figure>\n\t\t<\/div>\n\n","protected":false},"excerpt":{"rendered":"<p>La instancia promovi\u00f3 el pensamiento complejo y la colaboraci\u00f3n, consolidando el impacto del Mag\u00edster en Ling\u00fc\u00edstica dentro del sistema educativo nacional.<\/p>\n","protected":false},"author":3,"featured_media":194818,"comment_status":"closed","ping_status":"open","sticky":false,"template":"","format":"standard","meta":{"footnotes":""},"categories":[51,96,40,101,97,77,716,85],"tags":[],"class_list":["post-194815","post","type-post","status-publish","format-standard","has-post-thumbnail","","category-academia","category-academicos","category-destacados","category-docencia","category-estudiantes","category-facultad-de-humanidades","category-postgrado-e-innovacion","category-postgrados"],"_links":{"self":[{"href":"https:\/\/upla.cl\/noticias\/wp-json\/wp\/v2\/posts\/194815","targetHints":{"allow":["GET"]}}],"collection":[{"href":"https:\/\/upla.cl\/noticias\/wp-json\/wp\/v2\/posts"}],"about":[{"href":"https:\/\/upla.cl\/noticias\/wp-json\/wp\/v2\/types\/post"}],"author":[{"embeddable":true,"href":"https:\/\/upla.cl\/noticias\/wp-json\/wp\/v2\/users\/3"}],"replies":[{"embeddable":true,"href":"https:\/\/upla.cl\/noticias\/wp-json\/wp\/v2\/comments?post=194815"}],"version-history":[{"count":2,"href":"https:\/\/upla.cl\/noticias\/wp-json\/wp\/v2\/posts\/194815\/revisions"}],"predecessor-version":[{"id":194823,"href":"https:\/\/upla.cl\/noticias\/wp-json\/wp\/v2\/posts\/194815\/revisions\/194823"}],"wp:featuredmedia":[{"embeddable":true,"href":"https:\/\/upla.cl\/noticias\/wp-json\/wp\/v2\/media\/194818"}],"wp:attachment":[{"href":"https:\/\/upla.cl\/noticias\/wp-json\/wp\/v2\/media?parent=194815"}],"wp:term":[{"taxonomy":"category","embeddable":true,"href":"https:\/\/upla.cl\/noticias\/wp-json\/wp\/v2\/categories?post=194815"},{"taxonomy":"post_tag","embeddable":true,"href":"https:\/\/upla.cl\/noticias\/wp-json\/wp\/v2\/tags?post=194815"}],"curies":[{"name":"wp","href":"https:\/\/api.w.org\/{rel}","templated":true}]}}