{"id":194825,"date":"2026-01-13T14:34:36","date_gmt":"2026-01-13T17:34:36","guid":{"rendered":"https:\/\/upla.cl\/noticias\/?p=194825"},"modified":"2026-01-13T14:34:36","modified_gmt":"2026-01-13T17:34:36","slug":"itec-upla-fortalece-su-vinculo-territorial-con-el-lanzamiento-de-la-nueva-version-de-la-carrera-de-asistentes-de-la-educacion","status":"publish","type":"post","link":"https:\/\/upla.cl\/noticias\/2026\/01\/13\/itec-upla-fortalece-su-vinculo-territorial-con-el-lanzamiento-de-la-nueva-version-de-la-carrera-de-asistentes-de-la-educacion\/","title":{"rendered":"ITEC UPLA fortalece su v\u00ednculo territorial con el lanzamiento de la nueva versi\u00f3n de la carrera de Asistentes de la Educaci\u00f3n"},"content":{"rendered":"<p><a href=\"https:\/\/upla.cl\/noticias\/wp-content\/uploads\/2026\/01\/ITEC-y-Educ-Parvularia.png\"><img loading=\"lazy\" decoding=\"async\" class=\"alignright size-medium wp-image-194827\" src=\"https:\/\/upla.cl\/noticias\/wp-content\/uploads\/2026\/01\/ITEC-y-Educ-Parvularia-300x226.png\" alt=\"\" width=\"300\" height=\"226\" srcset=\"https:\/\/upla.cl\/noticias\/wp-content\/uploads\/2026\/01\/ITEC-y-Educ-Parvularia-300x226.png 300w, https:\/\/upla.cl\/noticias\/wp-content\/uploads\/2026\/01\/ITEC-y-Educ-Parvularia-1024x772.png 1024w, https:\/\/upla.cl\/noticias\/wp-content\/uploads\/2026\/01\/ITEC-y-Educ-Parvularia-150x113.png 150w, https:\/\/upla.cl\/noticias\/wp-content\/uploads\/2026\/01\/ITEC-y-Educ-Parvularia-768x579.png 768w, https:\/\/upla.cl\/noticias\/wp-content\/uploads\/2026\/01\/ITEC-y-Educ-Parvularia-1536x1158.png 1536w, https:\/\/upla.cl\/noticias\/wp-content\/uploads\/2026\/01\/ITEC-y-Educ-Parvularia.png 1924w\" sizes=\"auto, (max-width: 300px) 100vw, 300px\" \/><\/a>El <strong><a href=\"https:\/\/www.upla.cl\/institutotecnologico\/\">Instituto Tecnol\u00f3gico<\/a> de la Universidad de Playa Ancha (UPLA)<\/strong> reafirm\u00f3 su compromiso con la educaci\u00f3n p\u00fablica mediante una significativa jornada de reencuentro y prospecci\u00f3n estrat\u00e9gica. La cita reuni\u00f3 a egresados de la carrera de <a href=\"https:\/\/www.upla.cl\/institutotecnologico\/tecnico-o-tecnica-asistente-de-la-educacion\/\">T\u00e9cnico Nivel Superior en Asistentes de la Educaci\u00f3n<\/a>, con el doble prop\u00f3sito de reconocer su trayectoria en el sistema escolar y presentar la actualizaci\u00f3n curricular 2026. Bajo la conducci\u00f3n de <strong>Jorge Gonz\u00e1lez Moya, ex coordinador de la carrera<\/strong>, la actividad se transform\u00f3 en un espacio de di\u00e1logo t\u00e9cnico donde la experiencia emp\u00edrica de los exalumnos se posicion\u00f3 como el eje central para la mejora continua de la oferta acad\u00e9mica.<\/p>\n<p>Durante la apertura, el <strong>director del Instituto Tecnol\u00f3gico, Mauricio Hern\u00e1ndez Flores<\/strong>, destac\u00f3 el valor estrat\u00e9gico de los egresados, calific\u00e1ndolos como pilares fundamentales del \u00absentido p\u00fablico\u00bb que caracteriza a la UPLA. En su intervenci\u00f3n, enfatiz\u00f3 que la instituci\u00f3n no solo forma t\u00e9cnicos, sino agentes de cambio que integran la historia y el futuro del territorio. Este v\u00ednculo se vio reforzado con la participaci\u00f3n de <strong>Rub\u00e9n Tapia, miembro del equipo fundador de la carrera en 2015,<\/strong> quien aport\u00f3 una perspectiva hist\u00f3rica sobre la evoluci\u00f3n del rol del asistente en la \u00faltima d\u00e9cada, subrayando la necesidad de profesionalizar cada vez m\u00e1s el apoyo en el aula.<\/p>\n<p><a href=\"https:\/\/upla.cl\/noticias\/wp-content\/uploads\/2026\/01\/ITEC-Parcularia-2.png\"><img loading=\"lazy\" decoding=\"async\" class=\"alignright size-medium wp-image-194828\" src=\"https:\/\/upla.cl\/noticias\/wp-content\/uploads\/2026\/01\/ITEC-Parcularia-2-300x213.png\" alt=\"\" width=\"300\" height=\"213\" srcset=\"https:\/\/upla.cl\/noticias\/wp-content\/uploads\/2026\/01\/ITEC-Parcularia-2-300x213.png 300w, https:\/\/upla.cl\/noticias\/wp-content\/uploads\/2026\/01\/ITEC-Parcularia-2-1024x726.png 1024w, https:\/\/upla.cl\/noticias\/wp-content\/uploads\/2026\/01\/ITEC-Parcularia-2-150x106.png 150w, https:\/\/upla.cl\/noticias\/wp-content\/uploads\/2026\/01\/ITEC-Parcularia-2-768x544.png 768w, https:\/\/upla.cl\/noticias\/wp-content\/uploads\/2026\/01\/ITEC-Parcularia-2-1536x1088.png 1536w, https:\/\/upla.cl\/noticias\/wp-content\/uploads\/2026\/01\/ITEC-Parcularia-2.png 1928w\" sizes=\"auto, (max-width: 300px) 100vw, 300px\" \/><\/a>Uno de los hitos m\u00e1s relevantes de la jornada fue el conversatorio <strong>\u00ab10 a\u00f1os despu\u00e9s\u00bb,<\/strong> un espacio de diagn\u00f3stico participativo donde se identificaron los desaf\u00edos cr\u00edticos que enfrentan los establecimientos educacionales hoy. A trav\u00e9s de una metodolog\u00eda de respuestas breves, los asistentes afirmaron que la inclusi\u00f3n, el manejo de Necesidades Educativas Especiales (NEE) y el apoyo socioemocional son las \u00e1reas donde la demanda de competencias es m\u00e1s urgente. Esta informaci\u00f3n, recogida directamente de la \u00abescuela real\u00bb, permite al Instituto alinear su formaci\u00f3n con las brechas detectadas por quienes operan diariamente en el sistema.<\/p>\n<p>Como respuesta a este diagn\u00f3stico, se present\u00f3 la Nueva Versi\u00f3n 2026 de la carrera, la cual introduce cambios sustanciales en su estructura y prop\u00f3sito formativo. La renovada propuesta se centra en la profesionalizaci\u00f3n del apoyo en convivencia escolar y normativa b\u00e1sica, bajo una modalidad 100% online dise\u00f1ada para ser compatible con la jornada laboral. Esta flexibilidad busca democratizar el acceso a la especializaci\u00f3n, permitiendo que quienes ya trabajan en el sistema escolar puedan perfeccionarse sin abandonar sus funciones, garantizando un acompa\u00f1amiento permanente y evaluaciones aplicadas a su entorno cotidiano.<\/p>\n<p>La validaci\u00f3n de esta nueva malla curricular se realiz\u00f3 de forma colaborativa, integrando las recomendaciones de los egresados para asegurar que el perfil de egreso sea pertinente a la sobrecarga docente y los desaf\u00edos de los Programas de Integraci\u00f3n Escolar (PIE). La jornada evidenci\u00f3 que la formaci\u00f3n no debe ser unidireccional; por el contrario, la UPLA apuesta por un modelo de co-creaci\u00f3n donde la experiencia de los t\u00e9cnicos en servicio nutre directamente la actualizaci\u00f3n de los planes de estudio. Este enfoque garantiza que la oferta institucional de 2026 no sea solo una respuesta acad\u00e9mica, sino una soluci\u00f3n pr\u00e1ctica a las tensiones actuales del clima escolar.<\/p>\n<p>Finalmente, la instituci\u00f3n hizo un llamado a sus titulados a convertirse en una red activa de embajadores territoriales, vinculando a la universidad con sus respectivos colegios y escuelas a trav\u00e9s de nuevos convenios y charlas de transferencia de conocimientos. El cierre de la actividad, a cargo de <strong>Jorge Gonz\u00e1lez Moya<\/strong>, dej\u00f3 en claro que este reencuentro no fue un evento aislado, sino el inicio de una fase de proyecci\u00f3n conjunta. Con esta iniciativa, el <strong>Instituto Tecnol\u00f3gico de la UPLA<\/strong> no solo celebra su primera d\u00e9cada de historia en esta disciplina, sino que se proyecta como el principal referente regional en la formaci\u00f3n de asistentes de la educaci\u00f3n con conciencia social y excelencia t\u00e9cnica.<\/p>\n","protected":false},"excerpt":{"rendered":"<p>El encuentro fortalece el v\u00ednculo territorial del Instituto, proyectando a sus t\u00e9cnicos como agentes clave para la transformaci\u00f3n del sistema educativo.<\/p>\n","protected":false},"author":3,"featured_media":194827,"comment_status":"closed","ping_status":"open","sticky":false,"template":"","format":"standard","meta":{"footnotes":""},"categories":[51,40,101,97,83],"tags":[],"class_list":["post-194825","post","type-post","status-publish","format-standard","has-post-thumbnail","","category-academia","category-destacados","category-docencia","category-estudiantes","category-instituto-tecnologico"],"_links":{"self":[{"href":"https:\/\/upla.cl\/noticias\/wp-json\/wp\/v2\/posts\/194825","targetHints":{"allow":["GET"]}}],"collection":[{"href":"https:\/\/upla.cl\/noticias\/wp-json\/wp\/v2\/posts"}],"about":[{"href":"https:\/\/upla.cl\/noticias\/wp-json\/wp\/v2\/types\/post"}],"author":[{"embeddable":true,"href":"https:\/\/upla.cl\/noticias\/wp-json\/wp\/v2\/users\/3"}],"replies":[{"embeddable":true,"href":"https:\/\/upla.cl\/noticias\/wp-json\/wp\/v2\/comments?post=194825"}],"version-history":[{"count":1,"href":"https:\/\/upla.cl\/noticias\/wp-json\/wp\/v2\/posts\/194825\/revisions"}],"predecessor-version":[{"id":194829,"href":"https:\/\/upla.cl\/noticias\/wp-json\/wp\/v2\/posts\/194825\/revisions\/194829"}],"wp:featuredmedia":[{"embeddable":true,"href":"https:\/\/upla.cl\/noticias\/wp-json\/wp\/v2\/media\/194827"}],"wp:attachment":[{"href":"https:\/\/upla.cl\/noticias\/wp-json\/wp\/v2\/media?parent=194825"}],"wp:term":[{"taxonomy":"category","embeddable":true,"href":"https:\/\/upla.cl\/noticias\/wp-json\/wp\/v2\/categories?post=194825"},{"taxonomy":"post_tag","embeddable":true,"href":"https:\/\/upla.cl\/noticias\/wp-json\/wp\/v2\/tags?post=194825"}],"curies":[{"name":"wp","href":"https:\/\/api.w.org\/{rel}","templated":true}]}}