{"id":194866,"date":"2026-01-14T15:52:06","date_gmt":"2026-01-14T18:52:06","guid":{"rendered":"https:\/\/upla.cl\/noticias\/?p=194866"},"modified":"2026-01-21T18:24:06","modified_gmt":"2026-01-21T21:24:06","slug":"con-relevantes-avances-institucionales-concluye-proyecto-ines-id-de-anid-en-la-universidad-de-playa-ancha","status":"publish","type":"post","link":"https:\/\/upla.cl\/noticias\/2026\/01\/14\/con-relevantes-avances-institucionales-concluye-proyecto-ines-id-de-anid-en-la-universidad-de-playa-ancha\/","title":{"rendered":"Con relevantes avances institucionales concluye proyecto InES I+D de ANID en la Universidad de Playa Ancha"},"content":{"rendered":"<p><a href=\"https:\/\/upla.cl\/noticias\/wp-content\/uploads\/2026\/01\/Cierre-InES-21.jpg\"><img loading=\"lazy\" decoding=\"async\" class=\"aligncenter size-large wp-image-194871\" src=\"https:\/\/upla.cl\/noticias\/wp-content\/uploads\/2026\/01\/Cierre-InES-21-1024x678.jpg\" alt=\"\" width=\"618\" height=\"409\" srcset=\"https:\/\/upla.cl\/noticias\/wp-content\/uploads\/2026\/01\/Cierre-InES-21-1024x678.jpg 1024w, https:\/\/upla.cl\/noticias\/wp-content\/uploads\/2026\/01\/Cierre-InES-21-300x199.jpg 300w, https:\/\/upla.cl\/noticias\/wp-content\/uploads\/2026\/01\/Cierre-InES-21-150x99.jpg 150w, https:\/\/upla.cl\/noticias\/wp-content\/uploads\/2026\/01\/Cierre-InES-21-768x509.jpg 768w, https:\/\/upla.cl\/noticias\/wp-content\/uploads\/2026\/01\/Cierre-InES-21-1536x1018.jpg 1536w, https:\/\/upla.cl\/noticias\/wp-content\/uploads\/2026\/01\/Cierre-InES-21-310x205.jpg 310w, https:\/\/upla.cl\/noticias\/wp-content\/uploads\/2026\/01\/Cierre-InES-21.jpg 1920w\" sizes=\"auto, (max-width: 618px) 100vw, 618px\" \/><\/a><\/p>\n<p>En una ceremonia encabezada por el rector de la Universidad de Playa Ancha, Carlos Gonz\u00e1lez, y que tuvo como invitado principal al strong&gt;ministro de Ciencia, Tecnolog\u00eda, Conocimiento e Innovaci\u00f3n, Aldo Valle, concluy\u00f3 la ejecuci\u00f3n del proyecto InES I+D en el plantel, en una actividad que dio cuenta de los principales resultados obtenidos en su desarrollo.<\/p>\n<p>La iniciativa \u201cFortalecimiento de las capacidades institucionales para la gesti\u00f3n de la I+D, transferencia tecnol\u00f3gica y emprendimiento vinculadas al entorno regional y nacional\u201d, c\u00f3digo INID210013, fue ejecutada a partir de 2022, tras ser adjudicada por el HUB Ambiental UPLA, centro de investigaci\u00f3n que fue responsable de su implementaci\u00f3n.<\/p>\n<p>En la ocasi\u00f3n, la <strong>Dra. Viviana Urtuvia, coordinadora general del proyecto,<\/strong> expuso los avances institucionales m\u00e1s notables que deja la aplicaci\u00f3n del instrumento Innovaci\u00f3n en Educaci\u00f3n Superior (InES), impulsado por la Agencia Nacional de Investigaci\u00f3n y Desarrollo (ANID) y focalizado, en este caso, en la Investigaci\u00f3n, Desarrollo, Innovaci\u00f3n y Emprendimiento (I+D+i+e).<\/p>\n<p><a href=\"https:\/\/upla.cl\/noticias\/wp-content\/uploads\/2026\/01\/Cierre-InES-14.jpg\"><img loading=\"lazy\" decoding=\"async\" class=\"alignright size-medium wp-image-194869\" src=\"https:\/\/upla.cl\/noticias\/wp-content\/uploads\/2026\/01\/Cierre-InES-14-300x199.jpg\" alt=\"\" width=\"300\" height=\"199\" srcset=\"https:\/\/upla.cl\/noticias\/wp-content\/uploads\/2026\/01\/Cierre-InES-14-300x199.jpg 300w, https:\/\/upla.cl\/noticias\/wp-content\/uploads\/2026\/01\/Cierre-InES-14-1024x678.jpg 1024w, https:\/\/upla.cl\/noticias\/wp-content\/uploads\/2026\/01\/Cierre-InES-14-150x99.jpg 150w, https:\/\/upla.cl\/noticias\/wp-content\/uploads\/2026\/01\/Cierre-InES-14-768x509.jpg 768w, https:\/\/upla.cl\/noticias\/wp-content\/uploads\/2026\/01\/Cierre-InES-14-1536x1018.jpg 1536w, https:\/\/upla.cl\/noticias\/wp-content\/uploads\/2026\/01\/Cierre-InES-14-310x205.jpg 310w, https:\/\/upla.cl\/noticias\/wp-content\/uploads\/2026\/01\/Cierre-InES-14.jpg 1920w\" sizes=\"auto, (max-width: 300px) 100vw, 300px\" \/><\/a>Entre ellos, tres versiones del Diplomado en I+D: Innovaci\u00f3n Tecnol\u00f3gica y Emprendimiento, con m\u00e1s de 40 participantes de la comunidad UPLA certificados, as\u00ed como tambi\u00e9n, la aprobaci\u00f3n de una pol\u00edtica institucional para la gesti\u00f3n de la innovaci\u00f3n con base cient\u00edfico-tecnol\u00f3gica, que contempla diversos reglamentos asociados, y la concreci\u00f3n del Cowork UPLA, un espacio de 75 m 2 creado para\u00a0fomentar el trabajo acad\u00e9mico colaborativo e interdisciplinario en torno a la I+D+i+e.<\/p>\n<h4><strong>Misi\u00f3n p\u00fablica al servicio del pa\u00eds<\/strong><\/h4>\n<p><a href=\"https:\/\/upla.cl\/noticias\/wp-content\/uploads\/2026\/01\/Cierre-InES-9.jpg\"><img loading=\"lazy\" decoding=\"async\" class=\"alignright size-medium wp-image-194867\" src=\"https:\/\/upla.cl\/noticias\/wp-content\/uploads\/2026\/01\/Cierre-InES-9-300x199.jpg\" alt=\"\" width=\"300\" height=\"199\" srcset=\"https:\/\/upla.cl\/noticias\/wp-content\/uploads\/2026\/01\/Cierre-InES-9-300x199.jpg 300w, https:\/\/upla.cl\/noticias\/wp-content\/uploads\/2026\/01\/Cierre-InES-9-1024x678.jpg 1024w, https:\/\/upla.cl\/noticias\/wp-content\/uploads\/2026\/01\/Cierre-InES-9-150x99.jpg 150w, https:\/\/upla.cl\/noticias\/wp-content\/uploads\/2026\/01\/Cierre-InES-9-768x509.jpg 768w, https:\/\/upla.cl\/noticias\/wp-content\/uploads\/2026\/01\/Cierre-InES-9-1536x1018.jpg 1536w, https:\/\/upla.cl\/noticias\/wp-content\/uploads\/2026\/01\/Cierre-InES-9-310x205.jpg 310w, https:\/\/upla.cl\/noticias\/wp-content\/uploads\/2026\/01\/Cierre-InES-9.jpg 1920w\" sizes=\"auto, (max-width: 300px) 100vw, 300px\" \/><\/a>El<strong> ministro de CTCi, Aldo Valle<\/strong>, relev\u00f3 el hecho de que la UPLA, \u201cuna universidad estatal, ubicada en una regi\u00f3n \u2013y todos sabemos lo que eso significa, especialmente quienes pertenecemos a las universidades estatales, como es mi caso\u2013, est\u00e9 luego contribuyendo a fines de pol\u00edtica p\u00fablica, de la mayor importancia, como es, en definitiva, vincularse a partir de su misi\u00f3n, que es producir conocimiento, contribuir a la innovaci\u00f3n y, desde luego, fortalecer un pilar que es fundamental en el desarrollo de todo pa\u00eds, que es la<br \/>\ntecnolog\u00eda\u201d.<\/p>\n<p>Por su parte, el <strong>rector Carlos Gonz\u00e1lez<\/strong> hizo especial \u00e9nfasis en que el proyecto InES I+D fue extenso, con muchos hitos, desaf\u00edos y complejidades que, \u201csin embargo, el equipo fue capaz de sortear de una manera muy correcta y con muy buenos logros\u201d. Un positivo balance en el que subray\u00f3 la contribuci\u00f3n de \u201cla planta desalinizadora, que fue fundamental, no solamente por el uso de agua, sino que, adem\u00e1s, llevarla a regad\u00edo y, adem\u00e1s capacitar a tantos ciudadanos, para el <a href=\"https:\/\/upla.cl\/noticias\/wp-content\/uploads\/2026\/01\/Cierre-InES-4.jpg\"><img loading=\"lazy\" decoding=\"async\" class=\"alignright size-medium wp-image-194868\" src=\"https:\/\/upla.cl\/noticias\/wp-content\/uploads\/2026\/01\/Cierre-InES-4-300x199.jpg\" alt=\"\" width=\"300\" height=\"199\" srcset=\"https:\/\/upla.cl\/noticias\/wp-content\/uploads\/2026\/01\/Cierre-InES-4-300x199.jpg 300w, https:\/\/upla.cl\/noticias\/wp-content\/uploads\/2026\/01\/Cierre-InES-4-1024x678.jpg 1024w, https:\/\/upla.cl\/noticias\/wp-content\/uploads\/2026\/01\/Cierre-InES-4-150x99.jpg 150w, https:\/\/upla.cl\/noticias\/wp-content\/uploads\/2026\/01\/Cierre-InES-4-768x509.jpg 768w, https:\/\/upla.cl\/noticias\/wp-content\/uploads\/2026\/01\/Cierre-InES-4-1536x1018.jpg 1536w, https:\/\/upla.cl\/noticias\/wp-content\/uploads\/2026\/01\/Cierre-InES-4-310x205.jpg 310w, https:\/\/upla.cl\/noticias\/wp-content\/uploads\/2026\/01\/Cierre-InES-4.jpg 1920w\" sizes=\"auto, (max-width: 300px) 100vw, 300px\" \/><\/a>uso y reciclaje de las aguas, y saca mejor provecho.\u00a0Para que decir, tambi\u00e9n, lo que hemos hecho con el Diplomado, acerca de innovaci\u00f3n y emprendimiento: tres veces un Diplomado, de manera gratuita\u201d.<\/p>\n<p>La ceremonia, asimismo, cont\u00f3 con un panel de conversaci\u00f3n, moderado por la Dra. Ver\u00f3nica Molina, directora general del HUB Ambiental UPLA, en el cual participaron beneficiarios directos de los resultados, tanto institucionalmente como en relaci\u00f3n al territorio y las comunidades. En \u00e9l, la vicerrectora de Investigaci\u00f3n y Postgrado, Carolina Santelices, dio cuenta de las implicancias de la aprobaci\u00f3n de la pol\u00edtica institucional en este \u00e1mbito, mientras que la Dra. Javiera Norambuena y Ezequiel Lagos compartieron detalles de la ejecuci\u00f3n de los dos proyectos ejecutados en el marco de una convocatoria interna para la I+D+i+e, posibilitada por este instrumento de ANID.<\/p>\n<h4><strong>Sinergia p\u00fablico-privada<\/strong><\/h4>\n<p>Asimismo, <strong>Jes\u00fas B\u00e1saez, representante de la Comunidad de Agricultores de Pullally (Papudo)<\/strong>, manifest\u00f3 en el panel c\u00f3mo la colaboraci\u00f3n p\u00fablico-privada y el proyecto INID210013 hicieron posible la recuperaci\u00f3n de cultivos tradicionales de la zona, fuertemente afectada por la sequ\u00eda, gracias a la iniciativa \u201cDesalaci\u00f3n para la Agricultura\u201d.<\/p>\n<p>\u201cEs necesaria una segunda etapa, o tal vez, una tercera etapa, para que se perpet\u00fae en el tiempo este proyecto, que puede hacer ejecutable y que sea sustentable para los peque\u00f1os productores\u201d, indic\u00f3, \u201cporque los grandes empresarios agr\u00edcolas tienen espalda financiera como para terminar de ejecutar lo que se empez\u00f3. En cambio, nosotros que somos peque\u00f1os productores, siempre el tema del financiamiento es complejo, entonces yo creo que es una muy buena alternativa, y agradecer a la UPLA por lo que ha hecho, el HUB Ambiental la tremenda pega que hicieron y el equipo humano que hay detr\u00e1s es genial. As\u00ed que solamente agradecer, y estamos dispuestos nosotros como agricultores, y especialmente yo, en lo personal, como peque\u00f1o productor, est\u00e1n abiertas las puertas y el huerto nuestro para futuros proyectos, o el escalamiento de este mismo, que est\u00e1 en desarrollo\u201d.<\/p>\n<p><a href=\"https:\/\/upla.cl\/noticias\/wp-content\/uploads\/2026\/01\/Cierre-InES-26.jpg\"><img loading=\"lazy\" decoding=\"async\" class=\"alignright size-medium wp-image-194872\" src=\"https:\/\/upla.cl\/noticias\/wp-content\/uploads\/2026\/01\/Cierre-InES-26-300x199.jpg\" alt=\"\" width=\"300\" height=\"199\" srcset=\"https:\/\/upla.cl\/noticias\/wp-content\/uploads\/2026\/01\/Cierre-InES-26-300x199.jpg 300w, https:\/\/upla.cl\/noticias\/wp-content\/uploads\/2026\/01\/Cierre-InES-26-1024x678.jpg 1024w, https:\/\/upla.cl\/noticias\/wp-content\/uploads\/2026\/01\/Cierre-InES-26-150x99.jpg 150w, https:\/\/upla.cl\/noticias\/wp-content\/uploads\/2026\/01\/Cierre-InES-26-768x509.jpg 768w, https:\/\/upla.cl\/noticias\/wp-content\/uploads\/2026\/01\/Cierre-InES-26-1536x1018.jpg 1536w, https:\/\/upla.cl\/noticias\/wp-content\/uploads\/2026\/01\/Cierre-InES-26-310x205.jpg 310w, https:\/\/upla.cl\/noticias\/wp-content\/uploads\/2026\/01\/Cierre-InES-26.jpg 1920w\" sizes=\"auto, (max-width: 300px) 100vw, 300px\" \/><\/a>Como conclusi\u00f3n, el <strong>director del proyecto INID210013, Dr. Claudio S\u00e1ez,<\/strong> enfatiz\u00f3, adem\u00e1s, en que \u201cse instal\u00f3 la Ruta de la Innovaci\u00f3n, a trav\u00e9s de la generaci\u00f3n de normativa para la regulaci\u00f3n de la innovaci\u00f3n y el emprendimiento; se generaron iniciativas tan relevantes como el proyecto Desalaci\u00f3n para la Agricultura, el espacio Cowork UPLA; y una serie de proyectos de financiamiento interno, diplomados, etc., que instalan la Ruta de la Innovaci\u00f3n en la universidad y esperemos que sea el punto de partida para la consolidaci\u00f3n de la UPLA en aspectos de investigaci\u00f3n cient\u00edfico-tecnol\u00f3gica, pero ya avanzando hacia la innovaci\u00f3n y el emprendimiento\u201d.<\/p>\n<p><em>Fuente: Diego Trujillo S., periodista Centro de investigaci\u00f3n HUB Ambiental UPLA<\/em><\/p>\n","protected":false},"excerpt":{"rendered":"<p>Tres versiones de un Diplomado focalizado en innovaci\u00f3n y transferencia tecnol\u00f3gica, la aprobaci\u00f3n de una pol\u00edtica institucional para la gesti\u00f3n de la innovaci\u00f3n con base cient\u00edfico-tecnol\u00f3gica y la concreci\u00f3n del primer espacio de cowork del plantel, fueron algunos de los resultados socializados en ceremonia encabezada por el rector Carlos Gonz\u00e1lez y el ministro de CTCi, Aldo Valle.<\/p>\n","protected":false},"author":10,"featured_media":194871,"comment_status":"closed","ping_status":"open","sticky":false,"template":"","format":"standard","meta":{"footnotes":""},"categories":[51,96,40,75,209,206,43,91],"tags":[],"class_list":["post-194866","post","type-post","status-publish","format-standard","has-post-thumbnail","","category-academia","category-academicos","category-destacados","category-facultad-de-ciencias-naturales-y-exactas","category-hub-ambiental","category-innovacion","category-investigacion","category-vinculacion-con-el-medio"],"_links":{"self":[{"href":"https:\/\/upla.cl\/noticias\/wp-json\/wp\/v2\/posts\/194866","targetHints":{"allow":["GET"]}}],"collection":[{"href":"https:\/\/upla.cl\/noticias\/wp-json\/wp\/v2\/posts"}],"about":[{"href":"https:\/\/upla.cl\/noticias\/wp-json\/wp\/v2\/types\/post"}],"author":[{"embeddable":true,"href":"https:\/\/upla.cl\/noticias\/wp-json\/wp\/v2\/users\/10"}],"replies":[{"embeddable":true,"href":"https:\/\/upla.cl\/noticias\/wp-json\/wp\/v2\/comments?post=194866"}],"version-history":[{"count":2,"href":"https:\/\/upla.cl\/noticias\/wp-json\/wp\/v2\/posts\/194866\/revisions"}],"predecessor-version":[{"id":195140,"href":"https:\/\/upla.cl\/noticias\/wp-json\/wp\/v2\/posts\/194866\/revisions\/195140"}],"wp:featuredmedia":[{"embeddable":true,"href":"https:\/\/upla.cl\/noticias\/wp-json\/wp\/v2\/media\/194871"}],"wp:attachment":[{"href":"https:\/\/upla.cl\/noticias\/wp-json\/wp\/v2\/media?parent=194866"}],"wp:term":[{"taxonomy":"category","embeddable":true,"href":"https:\/\/upla.cl\/noticias\/wp-json\/wp\/v2\/categories?post=194866"},{"taxonomy":"post_tag","embeddable":true,"href":"https:\/\/upla.cl\/noticias\/wp-json\/wp\/v2\/tags?post=194866"}],"curies":[{"name":"wp","href":"https:\/\/api.w.org\/{rel}","templated":true}]}}