{"id":194952,"date":"2026-01-15T17:23:35","date_gmt":"2026-01-15T20:23:35","guid":{"rendered":"https:\/\/upla.cl\/noticias\/?p=194952"},"modified":"2026-01-16T16:29:37","modified_gmt":"2026-01-16T19:29:37","slug":"17-voces-de-nuestra-institucion-dieron-vida-a-novena-edicion-de-la-gala-musical-upla-canta","status":"publish","type":"post","link":"https:\/\/upla.cl\/noticias\/2026\/01\/15\/17-voces-de-nuestra-institucion-dieron-vida-a-novena-edicion-de-la-gala-musical-upla-canta\/","title":{"rendered":"17 voces de nuestra instituci\u00f3n dieron vida a novena edici\u00f3n de la gala musical \u201cUPLA Canta\u201d"},"content":{"rendered":"<p><a href=\"https:\/\/upla.cl\/noticias\/wp-content\/uploads\/2026\/01\/UPLACanta4.jpg\"><img loading=\"lazy\" decoding=\"async\" class=\"alignright  wp-image-194953\" src=\"https:\/\/upla.cl\/noticias\/wp-content\/uploads\/2026\/01\/UPLACanta4-1024x681.jpg\" alt=\"\" width=\"350\" height=\"233\" srcset=\"https:\/\/upla.cl\/noticias\/wp-content\/uploads\/2026\/01\/UPLACanta4-1024x681.jpg 1024w, https:\/\/upla.cl\/noticias\/wp-content\/uploads\/2026\/01\/UPLACanta4-300x200.jpg 300w, https:\/\/upla.cl\/noticias\/wp-content\/uploads\/2026\/01\/UPLACanta4-150x100.jpg 150w, https:\/\/upla.cl\/noticias\/wp-content\/uploads\/2026\/01\/UPLACanta4-768x511.jpg 768w, https:\/\/upla.cl\/noticias\/wp-content\/uploads\/2026\/01\/UPLACanta4-1536x1022.jpg 1536w, https:\/\/upla.cl\/noticias\/wp-content\/uploads\/2026\/01\/UPLACanta4-310x205.jpg 310w, https:\/\/upla.cl\/noticias\/wp-content\/uploads\/2026\/01\/UPLACanta4.jpg 1920w\" sizes=\"auto, (max-width: 350px) 100vw, 350px\" \/><\/a>Entusiasmo, alegr\u00eda y reconocimiento marcaron la realizaci\u00f3n de la novena edici\u00f3n de la gala \u201cUPLA Canta\u201d, evento musical que re\u00fane cada a\u00f1o en el Aula Dr. F\u00e9lix Morales Pettorino a distintos (as) int\u00e9rpretes de la comunidad universitaria y los invita a dejar por un momento sus habituales labores para transformarse en artistas por un d\u00eda.<\/p>\n<p>En esta oportunidad (13 de enero 2026) fueron 17 las voces de nuestra instituci\u00f3n que participaron demostrando su talento y pasi\u00f3n. Fue as\u00ed que profesores, profesoras, funcionarias, funcionarios y profesionales de distintos estamentos, departamentos y facultades respondieron al lema del encuentro \u201cCumple tu sue\u00f1o de cantar en un escenario\u201d para interpretar sus temas preferidos junto al acompa\u00f1amiento de la Orquesta Pregonarte de la Facultad de Arte.<\/p>\n<p><a href=\"https:\/\/upla.cl\/noticias\/wp-content\/uploads\/2026\/01\/UPLACanta8.jpg\"><img loading=\"lazy\" decoding=\"async\" class=\"alignright size-medium wp-image-194954\" src=\"https:\/\/upla.cl\/noticias\/wp-content\/uploads\/2026\/01\/UPLACanta8-300x200.jpg\" alt=\"\" width=\"300\" height=\"200\" srcset=\"https:\/\/upla.cl\/noticias\/wp-content\/uploads\/2026\/01\/UPLACanta8-300x200.jpg 300w, https:\/\/upla.cl\/noticias\/wp-content\/uploads\/2026\/01\/UPLACanta8-1024x681.jpg 1024w, https:\/\/upla.cl\/noticias\/wp-content\/uploads\/2026\/01\/UPLACanta8-150x100.jpg 150w, https:\/\/upla.cl\/noticias\/wp-content\/uploads\/2026\/01\/UPLACanta8-768x511.jpg 768w, https:\/\/upla.cl\/noticias\/wp-content\/uploads\/2026\/01\/UPLACanta8-1536x1022.jpg 1536w, https:\/\/upla.cl\/noticias\/wp-content\/uploads\/2026\/01\/UPLACanta8.jpg 1920w\" sizes=\"auto, (max-width: 300px) 100vw, 300px\" \/><\/a>Temas de Sandro, Leonardo Favio, Eduardo Gatti, Joan Manuel Serrat, Julio Jaramillo, Lady Gaga. Rosana, Kiss, Mercedes Sosa, Soda Stereo, Chayanne, entre otros artistas, resonaron en el aula magna universitaria a trav\u00e9s de las voces de cada interprete, quienes recibieron previamente apoyo en t\u00e9cnica vocal y expresi\u00f3n corporal con el objetivo de asegurar una presentaci\u00f3n de calidad frente al considerable p\u00fablico que presenci\u00f3 esta gala.<\/p>\n<p>Al finalizar el evento y como es tradicional en estos nueve a\u00f1os de trayectoria se present\u00f3 la agrupaci\u00f3n de acad\u00e9micas \u201cUPLA Girls\u201d, conjunto musical integrado por Paola Risso, Sandra Espinoza, Grasse Pavez y Mar\u00eda de los \u00c1ngeles Miranda.<\/p>\n<p><a href=\"https:\/\/upla.cl\/noticias\/wp-content\/uploads\/2026\/01\/UPLACanta19.jpg\"><img loading=\"lazy\" decoding=\"async\" class=\"alignright size-medium wp-image-194955\" src=\"https:\/\/upla.cl\/noticias\/wp-content\/uploads\/2026\/01\/UPLACanta19-300x200.jpg\" alt=\"\" width=\"300\" height=\"200\" srcset=\"https:\/\/upla.cl\/noticias\/wp-content\/uploads\/2026\/01\/UPLACanta19-300x200.jpg 300w, https:\/\/upla.cl\/noticias\/wp-content\/uploads\/2026\/01\/UPLACanta19-1024x681.jpg 1024w, https:\/\/upla.cl\/noticias\/wp-content\/uploads\/2026\/01\/UPLACanta19-150x100.jpg 150w, https:\/\/upla.cl\/noticias\/wp-content\/uploads\/2026\/01\/UPLACanta19-768x511.jpg 768w, https:\/\/upla.cl\/noticias\/wp-content\/uploads\/2026\/01\/UPLACanta19-1536x1022.jpg 1536w, https:\/\/upla.cl\/noticias\/wp-content\/uploads\/2026\/01\/UPLACanta19.jpg 1920w\" sizes=\"auto, (max-width: 300px) 100vw, 300px\" \/><\/a>Seg\u00fan la organizaci\u00f3n, la gala \u201cUPLA Canta\u201d con los a\u00f1os se ha ido transformando en un espacio que humaniza nuestro espacio de trabajo y que el vernos y escucharnos en un contexto diferente fortalece la camarader\u00eda, planteando adem\u00e1s que es la m\u00fasica la herramienta perfecta para hacer m\u00e1s pleno nuestro lugar de convivencia diaria.<\/p>\n<p><strong>Participantes<\/strong><\/p>\n<p>Juan Carlos Silva, Jorge Antinopai, Diana Tello, Juan Mar\u00edn, Pablo G\u00f3mez, Ivette Doll, Carla Sanguinetti, Banda \u00abFlashback\u00bb, Carolina Rojas, Eduardo Poblete, Pamela Romero, Ximena Porras, Paloma L\u00f3pez, Banda \u00abFuente De Soda\u00bb, D\u00fao Marcia Franque y Humberto Zapata, Basti\u00e1n Tapia y Carmen Jara.<\/p>\n<div id='gallery-1' class='gallery galleryid-194952 gallery-columns-8 gallery-size-thumbnail'><figure class='gallery-item'>\n\t\t\t<div class='gallery-icon landscape'>\n\t\t\t\t<a href='https:\/\/upla.cl\/noticias\/wp-content\/uploads\/2026\/01\/UPLACanta1.jpg'><img loading=\"lazy\" decoding=\"async\" width=\"150\" height=\"100\" src=\"https:\/\/upla.cl\/noticias\/wp-content\/uploads\/2026\/01\/UPLACanta1-150x100.jpg\" class=\"attachment-thumbnail size-thumbnail\" alt=\"\" srcset=\"https:\/\/upla.cl\/noticias\/wp-content\/uploads\/2026\/01\/UPLACanta1-150x100.jpg 150w, https:\/\/upla.cl\/noticias\/wp-content\/uploads\/2026\/01\/UPLACanta1-300x200.jpg 300w, https:\/\/upla.cl\/noticias\/wp-content\/uploads\/2026\/01\/UPLACanta1-1024x681.jpg 1024w, https:\/\/upla.cl\/noticias\/wp-content\/uploads\/2026\/01\/UPLACanta1-768x511.jpg 768w, https:\/\/upla.cl\/noticias\/wp-content\/uploads\/2026\/01\/UPLACanta1-1536x1022.jpg 1536w, https:\/\/upla.cl\/noticias\/wp-content\/uploads\/2026\/01\/UPLACanta1-310x205.jpg 310w, https:\/\/upla.cl\/noticias\/wp-content\/uploads\/2026\/01\/UPLACanta1.jpg 1920w\" sizes=\"auto, (max-width: 150px) 100vw, 150px\" \/><\/a>\n\t\t\t<\/div><\/figure><figure class='gallery-item'>\n\t\t\t<div class='gallery-icon landscape'>\n\t\t\t\t<a href='https:\/\/upla.cl\/noticias\/wp-content\/uploads\/2026\/01\/UPLACanta2.jpg'><img loading=\"lazy\" decoding=\"async\" width=\"150\" height=\"100\" src=\"https:\/\/upla.cl\/noticias\/wp-content\/uploads\/2026\/01\/UPLACanta2-150x100.jpg\" class=\"attachment-thumbnail size-thumbnail\" alt=\"\" srcset=\"https:\/\/upla.cl\/noticias\/wp-content\/uploads\/2026\/01\/UPLACanta2-150x100.jpg 150w, https:\/\/upla.cl\/noticias\/wp-content\/uploads\/2026\/01\/UPLACanta2-300x200.jpg 300w, https:\/\/upla.cl\/noticias\/wp-content\/uploads\/2026\/01\/UPLACanta2-1024x681.jpg 1024w, https:\/\/upla.cl\/noticias\/wp-content\/uploads\/2026\/01\/UPLACanta2-768x511.jpg 768w, https:\/\/upla.cl\/noticias\/wp-content\/uploads\/2026\/01\/UPLACanta2-1536x1022.jpg 1536w, https:\/\/upla.cl\/noticias\/wp-content\/uploads\/2026\/01\/UPLACanta2-310x205.jpg 310w, https:\/\/upla.cl\/noticias\/wp-content\/uploads\/2026\/01\/UPLACanta2.jpg 1920w\" sizes=\"auto, (max-width: 150px) 100vw, 150px\" \/><\/a>\n\t\t\t<\/div><\/figure><figure class='gallery-item'>\n\t\t\t<div class='gallery-icon landscape'>\n\t\t\t\t<a href='https:\/\/upla.cl\/noticias\/wp-content\/uploads\/2026\/01\/UPLACanta3.jpg'><img loading=\"lazy\" decoding=\"async\" width=\"150\" height=\"100\" src=\"https:\/\/upla.cl\/noticias\/wp-content\/uploads\/2026\/01\/UPLACanta3-150x100.jpg\" class=\"attachment-thumbnail size-thumbnail\" alt=\"\" srcset=\"https:\/\/upla.cl\/noticias\/wp-content\/uploads\/2026\/01\/UPLACanta3-150x100.jpg 150w, https:\/\/upla.cl\/noticias\/wp-content\/uploads\/2026\/01\/UPLACanta3-300x200.jpg 300w, https:\/\/upla.cl\/noticias\/wp-content\/uploads\/2026\/01\/UPLACanta3-1024x681.jpg 1024w, https:\/\/upla.cl\/noticias\/wp-content\/uploads\/2026\/01\/UPLACanta3-768x511.jpg 768w, https:\/\/upla.cl\/noticias\/wp-content\/uploads\/2026\/01\/UPLACanta3-1536x1022.jpg 1536w, https:\/\/upla.cl\/noticias\/wp-content\/uploads\/2026\/01\/UPLACanta3-310x205.jpg 310w, https:\/\/upla.cl\/noticias\/wp-content\/uploads\/2026\/01\/UPLACanta3.jpg 1920w\" sizes=\"auto, (max-width: 150px) 100vw, 150px\" \/><\/a>\n\t\t\t<\/div><\/figure><figure class='gallery-item'>\n\t\t\t<div class='gallery-icon landscape'>\n\t\t\t\t<a href='https:\/\/upla.cl\/noticias\/wp-content\/uploads\/2026\/01\/UPLACanta5.jpg'><img loading=\"lazy\" decoding=\"async\" width=\"150\" height=\"100\" src=\"https:\/\/upla.cl\/noticias\/wp-content\/uploads\/2026\/01\/UPLACanta5-150x100.jpg\" class=\"attachment-thumbnail size-thumbnail\" alt=\"\" srcset=\"https:\/\/upla.cl\/noticias\/wp-content\/uploads\/2026\/01\/UPLACanta5-150x100.jpg 150w, https:\/\/upla.cl\/noticias\/wp-content\/uploads\/2026\/01\/UPLACanta5-300x200.jpg 300w, https:\/\/upla.cl\/noticias\/wp-content\/uploads\/2026\/01\/UPLACanta5-1024x681.jpg 1024w, https:\/\/upla.cl\/noticias\/wp-content\/uploads\/2026\/01\/UPLACanta5-768x511.jpg 768w, https:\/\/upla.cl\/noticias\/wp-content\/uploads\/2026\/01\/UPLACanta5-1536x1022.jpg 1536w, https:\/\/upla.cl\/noticias\/wp-content\/uploads\/2026\/01\/UPLACanta5-310x205.jpg 310w, https:\/\/upla.cl\/noticias\/wp-content\/uploads\/2026\/01\/UPLACanta5.jpg 1920w\" sizes=\"auto, (max-width: 150px) 100vw, 150px\" \/><\/a>\n\t\t\t<\/div><\/figure><figure class='gallery-item'>\n\t\t\t<div class='gallery-icon landscape'>\n\t\t\t\t<a href='https:\/\/upla.cl\/noticias\/wp-content\/uploads\/2026\/01\/UPLACanta6.jpg'><img loading=\"lazy\" decoding=\"async\" width=\"150\" height=\"100\" src=\"https:\/\/upla.cl\/noticias\/wp-content\/uploads\/2026\/01\/UPLACanta6-150x100.jpg\" class=\"attachment-thumbnail size-thumbnail\" alt=\"\" srcset=\"https:\/\/upla.cl\/noticias\/wp-content\/uploads\/2026\/01\/UPLACanta6-150x100.jpg 150w, https:\/\/upla.cl\/noticias\/wp-content\/uploads\/2026\/01\/UPLACanta6-300x200.jpg 300w, https:\/\/upla.cl\/noticias\/wp-content\/uploads\/2026\/01\/UPLACanta6-1024x681.jpg 1024w, https:\/\/upla.cl\/noticias\/wp-content\/uploads\/2026\/01\/UPLACanta6-768x511.jpg 768w, https:\/\/upla.cl\/noticias\/wp-content\/uploads\/2026\/01\/UPLACanta6-1536x1022.jpg 1536w, https:\/\/upla.cl\/noticias\/wp-content\/uploads\/2026\/01\/UPLACanta6-310x205.jpg 310w, https:\/\/upla.cl\/noticias\/wp-content\/uploads\/2026\/01\/UPLACanta6.jpg 1920w\" sizes=\"auto, (max-width: 150px) 100vw, 150px\" \/><\/a>\n\t\t\t<\/div><\/figure><figure class='gallery-item'>\n\t\t\t<div class='gallery-icon landscape'>\n\t\t\t\t<a href='https:\/\/upla.cl\/noticias\/wp-content\/uploads\/2026\/01\/UPLACanta7.jpg'><img loading=\"lazy\" decoding=\"async\" width=\"150\" height=\"100\" src=\"https:\/\/upla.cl\/noticias\/wp-content\/uploads\/2026\/01\/UPLACanta7-150x100.jpg\" class=\"attachment-thumbnail size-thumbnail\" alt=\"\" srcset=\"https:\/\/upla.cl\/noticias\/wp-content\/uploads\/2026\/01\/UPLACanta7-150x100.jpg 150w, https:\/\/upla.cl\/noticias\/wp-content\/uploads\/2026\/01\/UPLACanta7-300x200.jpg 300w, https:\/\/upla.cl\/noticias\/wp-content\/uploads\/2026\/01\/UPLACanta7-1024x681.jpg 1024w, https:\/\/upla.cl\/noticias\/wp-content\/uploads\/2026\/01\/UPLACanta7-768x511.jpg 768w, https:\/\/upla.cl\/noticias\/wp-content\/uploads\/2026\/01\/UPLACanta7-1536x1022.jpg 1536w, https:\/\/upla.cl\/noticias\/wp-content\/uploads\/2026\/01\/UPLACanta7-310x205.jpg 310w, https:\/\/upla.cl\/noticias\/wp-content\/uploads\/2026\/01\/UPLACanta7.jpg 1920w\" sizes=\"auto, (max-width: 150px) 100vw, 150px\" \/><\/a>\n\t\t\t<\/div><\/figure><figure class='gallery-item'>\n\t\t\t<div class='gallery-icon landscape'>\n\t\t\t\t<a href='https:\/\/upla.cl\/noticias\/wp-content\/uploads\/2026\/01\/UPLACanta9.jpg'><img loading=\"lazy\" decoding=\"async\" width=\"150\" height=\"100\" src=\"https:\/\/upla.cl\/noticias\/wp-content\/uploads\/2026\/01\/UPLACanta9-150x100.jpg\" class=\"attachment-thumbnail size-thumbnail\" alt=\"\" srcset=\"https:\/\/upla.cl\/noticias\/wp-content\/uploads\/2026\/01\/UPLACanta9-150x100.jpg 150w, https:\/\/upla.cl\/noticias\/wp-content\/uploads\/2026\/01\/UPLACanta9-300x200.jpg 300w, https:\/\/upla.cl\/noticias\/wp-content\/uploads\/2026\/01\/UPLACanta9-1024x681.jpg 1024w, https:\/\/upla.cl\/noticias\/wp-content\/uploads\/2026\/01\/UPLACanta9-768x511.jpg 768w, https:\/\/upla.cl\/noticias\/wp-content\/uploads\/2026\/01\/UPLACanta9-1536x1022.jpg 1536w, https:\/\/upla.cl\/noticias\/wp-content\/uploads\/2026\/01\/UPLACanta9-310x205.jpg 310w, https:\/\/upla.cl\/noticias\/wp-content\/uploads\/2026\/01\/UPLACanta9.jpg 1920w\" sizes=\"auto, (max-width: 150px) 100vw, 150px\" \/><\/a>\n\t\t\t<\/div><\/figure><figure class='gallery-item'>\n\t\t\t<div class='gallery-icon landscape'>\n\t\t\t\t<a href='https:\/\/upla.cl\/noticias\/wp-content\/uploads\/2026\/01\/UPLACanta10.jpg'><img loading=\"lazy\" decoding=\"async\" width=\"150\" height=\"100\" src=\"https:\/\/upla.cl\/noticias\/wp-content\/uploads\/2026\/01\/UPLACanta10-150x100.jpg\" class=\"attachment-thumbnail size-thumbnail\" alt=\"\" srcset=\"https:\/\/upla.cl\/noticias\/wp-content\/uploads\/2026\/01\/UPLACanta10-150x100.jpg 150w, https:\/\/upla.cl\/noticias\/wp-content\/uploads\/2026\/01\/UPLACanta10-300x200.jpg 300w, https:\/\/upla.cl\/noticias\/wp-content\/uploads\/2026\/01\/UPLACanta10-1024x681.jpg 1024w, https:\/\/upla.cl\/noticias\/wp-content\/uploads\/2026\/01\/UPLACanta10-768x511.jpg 768w, https:\/\/upla.cl\/noticias\/wp-content\/uploads\/2026\/01\/UPLACanta10-1536x1022.jpg 1536w, https:\/\/upla.cl\/noticias\/wp-content\/uploads\/2026\/01\/UPLACanta10-310x205.jpg 310w, https:\/\/upla.cl\/noticias\/wp-content\/uploads\/2026\/01\/UPLACanta10.jpg 1920w\" sizes=\"auto, (max-width: 150px) 100vw, 150px\" \/><\/a>\n\t\t\t<\/div><\/figure><figure class='gallery-item'>\n\t\t\t<div class='gallery-icon landscape'>\n\t\t\t\t<a href='https:\/\/upla.cl\/noticias\/wp-content\/uploads\/2026\/01\/UPLACanta11.jpg'><img loading=\"lazy\" decoding=\"async\" width=\"150\" height=\"100\" src=\"https:\/\/upla.cl\/noticias\/wp-content\/uploads\/2026\/01\/UPLACanta11-150x100.jpg\" class=\"attachment-thumbnail size-thumbnail\" alt=\"\" srcset=\"https:\/\/upla.cl\/noticias\/wp-content\/uploads\/2026\/01\/UPLACanta11-150x100.jpg 150w, https:\/\/upla.cl\/noticias\/wp-content\/uploads\/2026\/01\/UPLACanta11-300x200.jpg 300w, https:\/\/upla.cl\/noticias\/wp-content\/uploads\/2026\/01\/UPLACanta11-1024x681.jpg 1024w, https:\/\/upla.cl\/noticias\/wp-content\/uploads\/2026\/01\/UPLACanta11-768x511.jpg 768w, https:\/\/upla.cl\/noticias\/wp-content\/uploads\/2026\/01\/UPLACanta11-1536x1022.jpg 1536w, https:\/\/upla.cl\/noticias\/wp-content\/uploads\/2026\/01\/UPLACanta11-310x205.jpg 310w, https:\/\/upla.cl\/noticias\/wp-content\/uploads\/2026\/01\/UPLACanta11.jpg 1920w\" sizes=\"auto, (max-width: 150px) 100vw, 150px\" \/><\/a>\n\t\t\t<\/div><\/figure><figure class='gallery-item'>\n\t\t\t<div class='gallery-icon landscape'>\n\t\t\t\t<a href='https:\/\/upla.cl\/noticias\/wp-content\/uploads\/2026\/01\/UPLACanta12.jpg'><img loading=\"lazy\" decoding=\"async\" width=\"150\" height=\"100\" src=\"https:\/\/upla.cl\/noticias\/wp-content\/uploads\/2026\/01\/UPLACanta12-150x100.jpg\" class=\"attachment-thumbnail size-thumbnail\" alt=\"\" srcset=\"https:\/\/upla.cl\/noticias\/wp-content\/uploads\/2026\/01\/UPLACanta12-150x100.jpg 150w, https:\/\/upla.cl\/noticias\/wp-content\/uploads\/2026\/01\/UPLACanta12-300x200.jpg 300w, https:\/\/upla.cl\/noticias\/wp-content\/uploads\/2026\/01\/UPLACanta12-1024x681.jpg 1024w, https:\/\/upla.cl\/noticias\/wp-content\/uploads\/2026\/01\/UPLACanta12-768x511.jpg 768w, https:\/\/upla.cl\/noticias\/wp-content\/uploads\/2026\/01\/UPLACanta12-1536x1022.jpg 1536w, https:\/\/upla.cl\/noticias\/wp-content\/uploads\/2026\/01\/UPLACanta12-310x205.jpg 310w, https:\/\/upla.cl\/noticias\/wp-content\/uploads\/2026\/01\/UPLACanta12.jpg 1920w\" sizes=\"auto, (max-width: 150px) 100vw, 150px\" \/><\/a>\n\t\t\t<\/div><\/figure><figure class='gallery-item'>\n\t\t\t<div class='gallery-icon landscape'>\n\t\t\t\t<a href='https:\/\/upla.cl\/noticias\/wp-content\/uploads\/2026\/01\/UPLACanta13.jpg'><img loading=\"lazy\" decoding=\"async\" width=\"150\" height=\"100\" src=\"https:\/\/upla.cl\/noticias\/wp-content\/uploads\/2026\/01\/UPLACanta13-150x100.jpg\" class=\"attachment-thumbnail size-thumbnail\" alt=\"\" srcset=\"https:\/\/upla.cl\/noticias\/wp-content\/uploads\/2026\/01\/UPLACanta13-150x100.jpg 150w, https:\/\/upla.cl\/noticias\/wp-content\/uploads\/2026\/01\/UPLACanta13-300x200.jpg 300w, https:\/\/upla.cl\/noticias\/wp-content\/uploads\/2026\/01\/UPLACanta13-1024x681.jpg 1024w, https:\/\/upla.cl\/noticias\/wp-content\/uploads\/2026\/01\/UPLACanta13-768x511.jpg 768w, https:\/\/upla.cl\/noticias\/wp-content\/uploads\/2026\/01\/UPLACanta13-1536x1022.jpg 1536w, https:\/\/upla.cl\/noticias\/wp-content\/uploads\/2026\/01\/UPLACanta13-310x205.jpg 310w, https:\/\/upla.cl\/noticias\/wp-content\/uploads\/2026\/01\/UPLACanta13.jpg 1920w\" sizes=\"auto, (max-width: 150px) 100vw, 150px\" \/><\/a>\n\t\t\t<\/div><\/figure><figure class='gallery-item'>\n\t\t\t<div class='gallery-icon landscape'>\n\t\t\t\t<a href='https:\/\/upla.cl\/noticias\/wp-content\/uploads\/2026\/01\/UPLACanta14.jpg'><img loading=\"lazy\" decoding=\"async\" width=\"150\" height=\"100\" src=\"https:\/\/upla.cl\/noticias\/wp-content\/uploads\/2026\/01\/UPLACanta14-150x100.jpg\" class=\"attachment-thumbnail size-thumbnail\" alt=\"\" srcset=\"https:\/\/upla.cl\/noticias\/wp-content\/uploads\/2026\/01\/UPLACanta14-150x100.jpg 150w, https:\/\/upla.cl\/noticias\/wp-content\/uploads\/2026\/01\/UPLACanta14-300x200.jpg 300w, https:\/\/upla.cl\/noticias\/wp-content\/uploads\/2026\/01\/UPLACanta14-1024x681.jpg 1024w, https:\/\/upla.cl\/noticias\/wp-content\/uploads\/2026\/01\/UPLACanta14-768x511.jpg 768w, https:\/\/upla.cl\/noticias\/wp-content\/uploads\/2026\/01\/UPLACanta14-1536x1022.jpg 1536w, https:\/\/upla.cl\/noticias\/wp-content\/uploads\/2026\/01\/UPLACanta14-310x205.jpg 310w, https:\/\/upla.cl\/noticias\/wp-content\/uploads\/2026\/01\/UPLACanta14.jpg 1920w\" sizes=\"auto, (max-width: 150px) 100vw, 150px\" \/><\/a>\n\t\t\t<\/div><\/figure><figure class='gallery-item'>\n\t\t\t<div class='gallery-icon landscape'>\n\t\t\t\t<a href='https:\/\/upla.cl\/noticias\/wp-content\/uploads\/2026\/01\/UPLACanta15.jpg'><img loading=\"lazy\" decoding=\"async\" width=\"150\" height=\"100\" src=\"https:\/\/upla.cl\/noticias\/wp-content\/uploads\/2026\/01\/UPLACanta15-150x100.jpg\" class=\"attachment-thumbnail size-thumbnail\" alt=\"\" srcset=\"https:\/\/upla.cl\/noticias\/wp-content\/uploads\/2026\/01\/UPLACanta15-150x100.jpg 150w, https:\/\/upla.cl\/noticias\/wp-content\/uploads\/2026\/01\/UPLACanta15-300x200.jpg 300w, https:\/\/upla.cl\/noticias\/wp-content\/uploads\/2026\/01\/UPLACanta15-1024x681.jpg 1024w, https:\/\/upla.cl\/noticias\/wp-content\/uploads\/2026\/01\/UPLACanta15-768x511.jpg 768w, https:\/\/upla.cl\/noticias\/wp-content\/uploads\/2026\/01\/UPLACanta15-1536x1022.jpg 1536w, https:\/\/upla.cl\/noticias\/wp-content\/uploads\/2026\/01\/UPLACanta15-310x205.jpg 310w, https:\/\/upla.cl\/noticias\/wp-content\/uploads\/2026\/01\/UPLACanta15.jpg 1920w\" sizes=\"auto, (max-width: 150px) 100vw, 150px\" \/><\/a>\n\t\t\t<\/div><\/figure><figure class='gallery-item'>\n\t\t\t<div class='gallery-icon landscape'>\n\t\t\t\t<a href='https:\/\/upla.cl\/noticias\/wp-content\/uploads\/2026\/01\/UPLACanta16.jpg'><img loading=\"lazy\" decoding=\"async\" width=\"150\" height=\"100\" src=\"https:\/\/upla.cl\/noticias\/wp-content\/uploads\/2026\/01\/UPLACanta16-150x100.jpg\" class=\"attachment-thumbnail size-thumbnail\" alt=\"\" srcset=\"https:\/\/upla.cl\/noticias\/wp-content\/uploads\/2026\/01\/UPLACanta16-150x100.jpg 150w, https:\/\/upla.cl\/noticias\/wp-content\/uploads\/2026\/01\/UPLACanta16-300x200.jpg 300w, https:\/\/upla.cl\/noticias\/wp-content\/uploads\/2026\/01\/UPLACanta16-1024x681.jpg 1024w, https:\/\/upla.cl\/noticias\/wp-content\/uploads\/2026\/01\/UPLACanta16-768x511.jpg 768w, https:\/\/upla.cl\/noticias\/wp-content\/uploads\/2026\/01\/UPLACanta16-1536x1022.jpg 1536w, https:\/\/upla.cl\/noticias\/wp-content\/uploads\/2026\/01\/UPLACanta16-310x205.jpg 310w, https:\/\/upla.cl\/noticias\/wp-content\/uploads\/2026\/01\/UPLACanta16.jpg 1920w\" sizes=\"auto, (max-width: 150px) 100vw, 150px\" \/><\/a>\n\t\t\t<\/div><\/figure><figure class='gallery-item'>\n\t\t\t<div class='gallery-icon landscape'>\n\t\t\t\t<a href='https:\/\/upla.cl\/noticias\/wp-content\/uploads\/2026\/01\/UPLACanta17.jpg'><img loading=\"lazy\" decoding=\"async\" width=\"150\" height=\"100\" src=\"https:\/\/upla.cl\/noticias\/wp-content\/uploads\/2026\/01\/UPLACanta17-150x100.jpg\" class=\"attachment-thumbnail size-thumbnail\" alt=\"\" srcset=\"https:\/\/upla.cl\/noticias\/wp-content\/uploads\/2026\/01\/UPLACanta17-150x100.jpg 150w, https:\/\/upla.cl\/noticias\/wp-content\/uploads\/2026\/01\/UPLACanta17-300x200.jpg 300w, https:\/\/upla.cl\/noticias\/wp-content\/uploads\/2026\/01\/UPLACanta17-1024x681.jpg 1024w, https:\/\/upla.cl\/noticias\/wp-content\/uploads\/2026\/01\/UPLACanta17-768x511.jpg 768w, https:\/\/upla.cl\/noticias\/wp-content\/uploads\/2026\/01\/UPLACanta17-1536x1022.jpg 1536w, https:\/\/upla.cl\/noticias\/wp-content\/uploads\/2026\/01\/UPLACanta17-310x205.jpg 310w, https:\/\/upla.cl\/noticias\/wp-content\/uploads\/2026\/01\/UPLACanta17.jpg 1920w\" sizes=\"auto, (max-width: 150px) 100vw, 150px\" \/><\/a>\n\t\t\t<\/div><\/figure><figure class='gallery-item'>\n\t\t\t<div class='gallery-icon landscape'>\n\t\t\t\t<a href='https:\/\/upla.cl\/noticias\/wp-content\/uploads\/2026\/01\/UPLACanta18.jpg'><img loading=\"lazy\" decoding=\"async\" width=\"150\" height=\"100\" src=\"https:\/\/upla.cl\/noticias\/wp-content\/uploads\/2026\/01\/UPLACanta18-150x100.jpg\" class=\"attachment-thumbnail size-thumbnail\" alt=\"\" srcset=\"https:\/\/upla.cl\/noticias\/wp-content\/uploads\/2026\/01\/UPLACanta18-150x100.jpg 150w, https:\/\/upla.cl\/noticias\/wp-content\/uploads\/2026\/01\/UPLACanta18-300x200.jpg 300w, https:\/\/upla.cl\/noticias\/wp-content\/uploads\/2026\/01\/UPLACanta18-1024x681.jpg 1024w, https:\/\/upla.cl\/noticias\/wp-content\/uploads\/2026\/01\/UPLACanta18-768x511.jpg 768w, https:\/\/upla.cl\/noticias\/wp-content\/uploads\/2026\/01\/UPLACanta18-1536x1022.jpg 1536w, https:\/\/upla.cl\/noticias\/wp-content\/uploads\/2026\/01\/UPLACanta18-310x205.jpg 310w, https:\/\/upla.cl\/noticias\/wp-content\/uploads\/2026\/01\/UPLACanta18.jpg 1920w\" sizes=\"auto, (max-width: 150px) 100vw, 150px\" \/><\/a>\n\t\t\t<\/div><\/figure>\n\t\t<\/div>\n\n","protected":false},"excerpt":{"rendered":"<p>Bajo el lema \u201cCumple tu sue\u00f1o de cantar en un escenario\u201d el encuentro, desarrollado en el Aula Dr. F\u00e9lix Morales Pettorino, convoc\u00f3 a profesores (as), funcionarios (as) y profesionales de distintas unidades, transformando el evento en un espacio de uni\u00f3n y reconocimiento entre la comunidad de nuestra casa de estudios.<\/p>\n","protected":false},"author":21,"featured_media":194953,"comment_status":"closed","ping_status":"open","sticky":false,"template":"","format":"standard","meta":{"footnotes":""},"categories":[96,52,201,40,97,71,411,91],"tags":[809,215,289,216,520,808],"class_list":["post-194952","post","type-post","status-publish","format-standard","has-post-thumbnail","","category-academicos","category-cultura","category-desarrollo-estudiantil","category-destacados","category-estudiantes","category-facultad-de-arte","category-educacion-musical","category-vinculacion-con-el-medio","tag-edicion-ix","tag-facultad-de-arte","tag-musica","tag-upla","tag-upla-canta","tag-version-2026"],"_links":{"self":[{"href":"https:\/\/upla.cl\/noticias\/wp-json\/wp\/v2\/posts\/194952","targetHints":{"allow":["GET"]}}],"collection":[{"href":"https:\/\/upla.cl\/noticias\/wp-json\/wp\/v2\/posts"}],"about":[{"href":"https:\/\/upla.cl\/noticias\/wp-json\/wp\/v2\/types\/post"}],"author":[{"embeddable":true,"href":"https:\/\/upla.cl\/noticias\/wp-json\/wp\/v2\/users\/21"}],"replies":[{"embeddable":true,"href":"https:\/\/upla.cl\/noticias\/wp-json\/wp\/v2\/comments?post=194952"}],"version-history":[{"count":1,"href":"https:\/\/upla.cl\/noticias\/wp-json\/wp\/v2\/posts\/194952\/revisions"}],"predecessor-version":[{"id":194972,"href":"https:\/\/upla.cl\/noticias\/wp-json\/wp\/v2\/posts\/194952\/revisions\/194972"}],"wp:featuredmedia":[{"embeddable":true,"href":"https:\/\/upla.cl\/noticias\/wp-json\/wp\/v2\/media\/194953"}],"wp:attachment":[{"href":"https:\/\/upla.cl\/noticias\/wp-json\/wp\/v2\/media?parent=194952"}],"wp:term":[{"taxonomy":"category","embeddable":true,"href":"https:\/\/upla.cl\/noticias\/wp-json\/wp\/v2\/categories?post=194952"},{"taxonomy":"post_tag","embeddable":true,"href":"https:\/\/upla.cl\/noticias\/wp-json\/wp\/v2\/tags?post=194952"}],"curies":[{"name":"wp","href":"https:\/\/api.w.org\/{rel}","templated":true}]}}