{"id":194978,"date":"2026-01-15T18:52:25","date_gmt":"2026-01-15T21:52:25","guid":{"rendered":"https:\/\/upla.cl\/noticias\/?p=194978"},"modified":"2026-01-16T12:20:40","modified_gmt":"2026-01-16T15:20:40","slug":"cuenta-publica-2025-facultad-de-ciencias-naturales-y-exactas-consolida-su-cuerpo-academico-y-vinculacion-territorial-con-proyectos-de-alto-impacto","status":"publish","type":"post","link":"https:\/\/upla.cl\/noticias\/2026\/01\/15\/cuenta-publica-2025-facultad-de-ciencias-naturales-y-exactas-consolida-su-cuerpo-academico-y-vinculacion-territorial-con-proyectos-de-alto-impacto\/","title":{"rendered":"Cuenta P\u00fablica 2025: Facultad de Ciencias Naturales y Exactas consolida su cuerpo acad\u00e9mico y vinculaci\u00f3n territorial con proyectos de alto impacto"},"content":{"rendered":"<p><a href=\"https:\/\/upla.cl\/noticias\/wp-content\/uploads\/2026\/01\/cuenta_publica_fac-csnaturales-15.jpg\"><img loading=\"lazy\" decoding=\"async\" class=\"aligncenter wp-image-194984 size-large\" src=\"https:\/\/upla.cl\/noticias\/wp-content\/uploads\/2026\/01\/cuenta_publica_fac-csnaturales-15-e1768513099383-1024x533.jpg\" alt=\"\" width=\"618\" height=\"322\" srcset=\"https:\/\/upla.cl\/noticias\/wp-content\/uploads\/2026\/01\/cuenta_publica_fac-csnaturales-15-e1768513099383-1024x533.jpg 1024w, https:\/\/upla.cl\/noticias\/wp-content\/uploads\/2026\/01\/cuenta_publica_fac-csnaturales-15-e1768513099383-300x156.jpg 300w, https:\/\/upla.cl\/noticias\/wp-content\/uploads\/2026\/01\/cuenta_publica_fac-csnaturales-15-e1768513099383-150x78.jpg 150w, https:\/\/upla.cl\/noticias\/wp-content\/uploads\/2026\/01\/cuenta_publica_fac-csnaturales-15-e1768513099383-768x400.jpg 768w, https:\/\/upla.cl\/noticias\/wp-content\/uploads\/2026\/01\/cuenta_publica_fac-csnaturales-15-e1768513099383-1536x800.jpg 1536w, https:\/\/upla.cl\/noticias\/wp-content\/uploads\/2026\/01\/cuenta_publica_fac-csnaturales-15-e1768513099383.jpg 1885w\" sizes=\"auto, (max-width: 618px) 100vw, 618px\" \/><\/a><\/p>\n<p>La<a href=\"https:\/\/upla.cl\/facultad\/cienciasnaturalesyexactas\/\"><strong> Facultad de Ciencias Naturales y Exactas<\/strong><\/a> de la Universidad de Playa Ancha cerr\u00f3 el a\u00f1o 2025 marcado por la consolidaci\u00f3n de su cuerpo acad\u00e9mico, un fuerte impulso a la investigaci\u00f3n y la modernizaci\u00f3n de su infraestructura.<\/p>\n<p>Bajo el liderazgo del decano Reinaldo Salazar Espinoza, la autoridad destac\u00f3 en cuenta p\u00fablica realizada en reuni\u00f3n extraordinaria del Consejo de Facultad, que 2025 fue un a\u00f1o de logros y superaci\u00f3n de obst\u00e1culos en los \u00e1mbitos de docencia, investigaci\u00f3n, vinculaci\u00f3n con el medio, internacionalizaci\u00f3n y servicios de capacitaci\u00f3n, reafirmando con ello su compromiso con la formaci\u00f3n de profesionales capaces de contribuir al desarrollo sostenible y cient\u00edfico de la regi\u00f3n y del pa\u00eds.<\/p>\n<p>Fueron los <strong>directores del Departamento de Matem\u00e1tica, F\u00edsica y Computaci\u00f3n, Dr. Luis Carrasco Cornuz, <\/strong>y del<strong> Departamento de Ciencias y Geograf\u00eda, Dra. Sylvia Moraga Toledo<\/strong>, los encargados de exponer sobre la composici\u00f3n y calidad de las plantas acad\u00e9micas respectivas, las l\u00edneas prioritarias de trabajo, el impacto social y territorial de su quehacer, la internacionalizaci\u00f3n y las proyecciones.<\/p>\n<p><a href=\"https:\/\/upla.cl\/noticias\/wp-content\/uploads\/2026\/01\/cuenta_publica_fac-csnaturales-4.jpg\"><img loading=\"lazy\" decoding=\"async\" class=\"alignright size-medium wp-image-194980\" src=\"https:\/\/upla.cl\/noticias\/wp-content\/uploads\/2026\/01\/cuenta_publica_fac-csnaturales-4-300x200.jpg\" alt=\"\" width=\"300\" height=\"200\" srcset=\"https:\/\/upla.cl\/noticias\/wp-content\/uploads\/2026\/01\/cuenta_publica_fac-csnaturales-4-300x200.jpg 300w, https:\/\/upla.cl\/noticias\/wp-content\/uploads\/2026\/01\/cuenta_publica_fac-csnaturales-4-1024x683.jpg 1024w, https:\/\/upla.cl\/noticias\/wp-content\/uploads\/2026\/01\/cuenta_publica_fac-csnaturales-4-150x100.jpg 150w, https:\/\/upla.cl\/noticias\/wp-content\/uploads\/2026\/01\/cuenta_publica_fac-csnaturales-4-768x512.jpg 768w, https:\/\/upla.cl\/noticias\/wp-content\/uploads\/2026\/01\/cuenta_publica_fac-csnaturales-4-1536x1025.jpg 1536w, https:\/\/upla.cl\/noticias\/wp-content\/uploads\/2026\/01\/cuenta_publica_fac-csnaturales-4.jpg 1920w\" sizes=\"auto, (max-width: 300px) 100vw, 300px\" \/><\/a>Los directores coincidieron en que uno de los hitos que marc\u00f3 el 2025 fue el robustecimiento de la investigaci\u00f3n. Durante el bienio 2024-2025, la facultad alcanz\u00f3 un total de 106 publicaciones cient\u00edficas, de las cuales 46 se concretaron exclusivamente durante el \u00faltimo a\u00f1o. Los acad\u00e9micos lograron posicionar sus trabajos en revistas de alto impacto, concentr\u00e1ndose en \u00e1reas como las ciencias biol\u00f3gicas, biom\u00e9dicas y ambientales, con estudios sobre compuestos naturales y nanotecnolog\u00eda aplicada a la salud, entre otros.<\/p>\n<h4><strong>Proyectos y docencia<\/strong><\/h4>\n<p><a href=\"https:\/\/upla.cl\/noticias\/wp-content\/uploads\/2026\/01\/cuenta_publica_fac-csnaturales-7.jpg\"><img loading=\"lazy\" decoding=\"async\" class=\"alignright size-medium wp-image-194982\" src=\"https:\/\/upla.cl\/noticias\/wp-content\/uploads\/2026\/01\/cuenta_publica_fac-csnaturales-7-300x211.jpg\" alt=\"\" width=\"300\" height=\"211\" srcset=\"https:\/\/upla.cl\/noticias\/wp-content\/uploads\/2026\/01\/cuenta_publica_fac-csnaturales-7-300x211.jpg 300w, https:\/\/upla.cl\/noticias\/wp-content\/uploads\/2026\/01\/cuenta_publica_fac-csnaturales-7-1024x722.jpg 1024w, https:\/\/upla.cl\/noticias\/wp-content\/uploads\/2026\/01\/cuenta_publica_fac-csnaturales-7-150x106.jpg 150w, https:\/\/upla.cl\/noticias\/wp-content\/uploads\/2026\/01\/cuenta_publica_fac-csnaturales-7-768x541.jpg 768w, https:\/\/upla.cl\/noticias\/wp-content\/uploads\/2026\/01\/cuenta_publica_fac-csnaturales-7-1536x1082.jpg 1536w, https:\/\/upla.cl\/noticias\/wp-content\/uploads\/2026\/01\/cuenta_publica_fac-csnaturales-7.jpg 1937w\" sizes=\"auto, (max-width: 300px) 100vw, 300px\" \/><\/a>En el \u00e1mbito de los proyectos, la Facultad se adjudic\u00f3 iniciativas de relevancia nacional como el proyecto <strong>FONDECYT del Dr. Ronald Manr\u00edquez en el \u00e1rea de matem\u00e1ticas<\/strong> y el proyecto <strong>FONDEF \u00abEscalamiento Observatorio de Nieves\u00bb<\/strong>, entre otros. De manera espec\u00edfica, se inform\u00f3 sobre el <strong>proyecto nacional de capacitaci\u00f3n UPLA con la Subdirecci\u00f3n de Servicios Sanitarios Rurales<\/strong> de la Direcci\u00f3n de Obras Hidr\u00e1ulicas del MOP, a 279 trabajadores y dirigentes de 95 Servicios Sanitarios Rurales de la regi\u00f3n de Coquimbo, a trav\u00e9s del <strong>Centro <\/strong><strong>de Estudios Ambientales (CEAM). <\/strong>\u201cEstos logros no solo nutren la producci\u00f3n cient\u00edfica, sino que impactan directamente en el territorio y en la formaci\u00f3n de los estudiantes\u201d, destacaron los directores.<\/p>\n<p>En materia de docencia, el a\u00f1o estuvo marcado por un intenso trabajo de redise\u00f1o curricular. Los equipos acad\u00e9micos se enfocaron en actualizar y armonizar los planes de estudio de pre y postgrado, aline\u00e1ndolos con el Modelo Educativo institucional y las nuevas tendencias disciplinares. Asimismo, se destac\u00f3 la estabilidad y madurez del cuerpo acad\u00e9mico, conformado por 62 profesionales donde una gran mayor\u00eda posee grados de mag\u00edster y doctor, garantizando una ense\u00f1anza de calidad.<\/p>\n<h4><strong>Infraestructura, vinculaci\u00f3n con el medio e internacionalizaci\u00f3n<\/strong><\/h4>\n<p><a href=\"https:\/\/upla.cl\/noticias\/wp-content\/uploads\/2026\/01\/cuenta_publica_fac-csnaturales-12.jpg\"><img loading=\"lazy\" decoding=\"async\" class=\"alignright size-medium wp-image-194983\" src=\"https:\/\/upla.cl\/noticias\/wp-content\/uploads\/2026\/01\/cuenta_publica_fac-csnaturales-12-300x200.jpg\" alt=\"\" width=\"300\" height=\"200\" srcset=\"https:\/\/upla.cl\/noticias\/wp-content\/uploads\/2026\/01\/cuenta_publica_fac-csnaturales-12-300x200.jpg 300w, https:\/\/upla.cl\/noticias\/wp-content\/uploads\/2026\/01\/cuenta_publica_fac-csnaturales-12-1024x683.jpg 1024w, https:\/\/upla.cl\/noticias\/wp-content\/uploads\/2026\/01\/cuenta_publica_fac-csnaturales-12-150x100.jpg 150w, https:\/\/upla.cl\/noticias\/wp-content\/uploads\/2026\/01\/cuenta_publica_fac-csnaturales-12-768x512.jpg 768w, https:\/\/upla.cl\/noticias\/wp-content\/uploads\/2026\/01\/cuenta_publica_fac-csnaturales-12-1536x1025.jpg 1536w, https:\/\/upla.cl\/noticias\/wp-content\/uploads\/2026\/01\/cuenta_publica_fac-csnaturales-12.jpg 1920w\" sizes=\"auto, (max-width: 300px) 100vw, 300px\" \/><\/a>La modernizaci\u00f3n de la infraestructura fue otro logro informado en la ocasi\u00f3n. Durante 2025 se\u00a0 adquiri\u00f3 equipamiento especializado para responder a las exigencias de la formaci\u00f3n inicial docente, la investigaci\u00f3n disciplinar y el desarrollo de capacidades en innovaci\u00f3n.<\/p>\n<p>As\u00ed tambi\u00e9n, se crearon o formalizaron nuevos espacios como el Laboratorio de Did\u00e1ctica de las Ciencias y Neurociencias, el Laboratorio de Biolog\u00eda Molecular y Celular, el Laboratorio de Bot\u00e1nica, y el de Ecolog\u00eda y Conservaci\u00f3n de Fauna Silvestre. Estos espacios buscan articular la ense\u00f1anza con la investigaci\u00f3n formativa, promoviendo metodolog\u00edas activas y el uso de tecnolog\u00edas avanzadas como la rob\u00f3tica y la modelaci\u00f3n cognitiva.<\/p>\n<p>En esta misma \u00e1rea, se relev\u00f3 al<a href=\"https:\/\/hubambientalupla.cl\/\"><strong> HUB Ambiental UPLA<\/strong> <\/a>por la \u00a0acreditaci\u00f3n internacional ISO\/IEC 17025:2017 de su laboratorio, \u00fanico en la regi\u00f3n, perteneciente a una universidad p\u00fablica y estatal, que cuenta con esta validaci\u00f3n.<\/p>\n<p>La Vinculaci\u00f3n con el Medio, en tanto, se mantuvo como un eje estrat\u00e9gico, con 149 actividades desarrolladas en el periodo 2023-2025, priorizando la vinculaci\u00f3n acad\u00e9mica y la extensi\u00f3n universitaria. La Facultad fortaleci\u00f3 su presencia en el sistema escolar a trav\u00e9s de asesor\u00edas cient\u00edficas al programa Explora 2025, las Olimpiadas de Qu\u00edmica y la realizaci\u00f3n de charlas en liceos de la regi\u00f3n, democratizando as\u00ed el acceso al conocimiento cient\u00edfico.<\/p>\n<p><a href=\"https:\/\/upla.cl\/noticias\/wp-content\/uploads\/2026\/01\/cuenta_publica_fac-csnaturales-5.jpg\"><img loading=\"lazy\" decoding=\"async\" class=\"alignright size-medium wp-image-194981\" src=\"https:\/\/upla.cl\/noticias\/wp-content\/uploads\/2026\/01\/cuenta_publica_fac-csnaturales-5-300x207.jpg\" alt=\"\" width=\"300\" height=\"207\" srcset=\"https:\/\/upla.cl\/noticias\/wp-content\/uploads\/2026\/01\/cuenta_publica_fac-csnaturales-5-300x207.jpg 300w, https:\/\/upla.cl\/noticias\/wp-content\/uploads\/2026\/01\/cuenta_publica_fac-csnaturales-5-1024x707.jpg 1024w, https:\/\/upla.cl\/noticias\/wp-content\/uploads\/2026\/01\/cuenta_publica_fac-csnaturales-5-150x104.jpg 150w, https:\/\/upla.cl\/noticias\/wp-content\/uploads\/2026\/01\/cuenta_publica_fac-csnaturales-5-768x530.jpg 768w, https:\/\/upla.cl\/noticias\/wp-content\/uploads\/2026\/01\/cuenta_publica_fac-csnaturales-5-1536x1060.jpg 1536w, https:\/\/upla.cl\/noticias\/wp-content\/uploads\/2026\/01\/cuenta_publica_fac-csnaturales-5-110x75.jpg 110w, https:\/\/upla.cl\/noticias\/wp-content\/uploads\/2026\/01\/cuenta_publica_fac-csnaturales-5.jpg 1920w\" sizes=\"auto, (max-width: 300px) 100vw, 300px\" \/><\/a>La internacionalizaci\u00f3n tambi\u00e9n tuvo avances concretos. Se consolidaron redes de cooperaci\u00f3n con instituciones de pa\u00edses en Europa, Am\u00e9rica, Asia y Ocean\u00eda, permitiendo la movilidad acad\u00e9mica y la organizaci\u00f3n de eventos conjuntos. Estas alianzas buscan proyectar las capacidades de la Facultad m\u00e1s all\u00e1 de las fronteras nacionales, fortaleciendo el intercambio estudiantil e innovar en investigaci\u00f3n.<\/p>\n<p>Durante la cuenta p\u00fablica, el secretario acad\u00e9mico, Mauricio Villarroel Guerra, expuso sobre la gesti\u00f3n presupuestaria, la inversi\u00f3n estrat\u00e9gica y la administraci\u00f3n responsable de los recursos alineados con la gesti\u00f3n de calidad y la acreditaci\u00f3n.<\/p>\n<p>Finalmente, el decano Salazar junto con agradecer el trabajo realizado por todos quienes integran esta unidad acad\u00e9mica, asegur\u00f3 que la Facultad de Ciencias Naturales y Exactas, \u201creafirma su rol protag\u00f3nico en la Universidad de Playa Ancha, enfrentando el 2026 con una base s\u00f3lida y una visi\u00f3n clara de excelencia. Este a\u00f1o nuestra Facultad cumplir\u00e1 40 a\u00f1os y con ello confirmamos nuestro compromiso con el progreso humano, la transformaci\u00f3n social, el\u00a0desarrollo\u00a0y la innovaci\u00f3n, a trav\u00e9s de la ciencia como motor de cambio. Seguiremos fomentando la curiosidad en nuestros estudiantes, haciendo accesible la ciencia a toda la comunidad\u201d.<\/p>\n","protected":false},"excerpt":{"rendered":"<p>En la oportunidad, se destac\u00f3 la adjudicaci\u00f3n de proyectos FONDECYT y FONDEF, la modernizaci\u00f3n de laboratorios y la concreci\u00f3n de 106 publicaciones cient\u00edficas en el \u00faltimo bienio, preparando a la unidad acad\u00e9mica para celebrar sus 40 a\u00f1os de historia en 2026.<\/p>\n","protected":false},"author":10,"featured_media":194984,"comment_status":"closed","ping_status":"open","sticky":false,"template":"","format":"standard","meta":{"footnotes":""},"categories":[51,96,40,75,43],"tags":[],"class_list":["post-194978","post","type-post","status-publish","format-standard","has-post-thumbnail","","category-academia","category-academicos","category-destacados","category-facultad-de-ciencias-naturales-y-exactas","category-investigacion"],"_links":{"self":[{"href":"https:\/\/upla.cl\/noticias\/wp-json\/wp\/v2\/posts\/194978","targetHints":{"allow":["GET"]}}],"collection":[{"href":"https:\/\/upla.cl\/noticias\/wp-json\/wp\/v2\/posts"}],"about":[{"href":"https:\/\/upla.cl\/noticias\/wp-json\/wp\/v2\/types\/post"}],"author":[{"embeddable":true,"href":"https:\/\/upla.cl\/noticias\/wp-json\/wp\/v2\/users\/10"}],"replies":[{"embeddable":true,"href":"https:\/\/upla.cl\/noticias\/wp-json\/wp\/v2\/comments?post=194978"}],"version-history":[{"count":2,"href":"https:\/\/upla.cl\/noticias\/wp-json\/wp\/v2\/posts\/194978\/revisions"}],"predecessor-version":[{"id":194988,"href":"https:\/\/upla.cl\/noticias\/wp-json\/wp\/v2\/posts\/194978\/revisions\/194988"}],"wp:featuredmedia":[{"embeddable":true,"href":"https:\/\/upla.cl\/noticias\/wp-json\/wp\/v2\/media\/194984"}],"wp:attachment":[{"href":"https:\/\/upla.cl\/noticias\/wp-json\/wp\/v2\/media?parent=194978"}],"wp:term":[{"taxonomy":"category","embeddable":true,"href":"https:\/\/upla.cl\/noticias\/wp-json\/wp\/v2\/categories?post=194978"},{"taxonomy":"post_tag","embeddable":true,"href":"https:\/\/upla.cl\/noticias\/wp-json\/wp\/v2\/tags?post=194978"}],"curies":[{"name":"wp","href":"https:\/\/api.w.org\/{rel}","templated":true}]}}