{"id":195027,"date":"2026-01-16T15:22:51","date_gmt":"2026-01-16T18:22:51","guid":{"rendered":"https:\/\/upla.cl\/noticias\/?p=195027"},"modified":"2026-01-16T15:22:51","modified_gmt":"2026-01-16T18:22:51","slug":"exestudiante-de-musica-upla-participa-en-competencia-folclorica-del-festival-del-huaso-de-olmue-2026","status":"publish","type":"post","link":"https:\/\/upla.cl\/noticias\/2026\/01\/16\/exestudiante-de-musica-upla-participa-en-competencia-folclorica-del-festival-del-huaso-de-olmue-2026\/","title":{"rendered":"Exestudiante de M\u00fasica UPLA participa en Competencia Folcl\u00f3rica del Festival del Huaso de Olmu\u00e9 2026"},"content":{"rendered":"<p><a href=\"https:\/\/upla.cl\/noticias\/wp-content\/uploads\/2026\/01\/Sergio-Pino-.jpg\"><img loading=\"lazy\" decoding=\"async\" class=\"alignright  wp-image-195028\" src=\"https:\/\/upla.cl\/noticias\/wp-content\/uploads\/2026\/01\/Sergio-Pino-.jpg\" alt=\"\" width=\"351\" height=\"321\" srcset=\"https:\/\/upla.cl\/noticias\/wp-content\/uploads\/2026\/01\/Sergio-Pino-.jpg 701w, https:\/\/upla.cl\/noticias\/wp-content\/uploads\/2026\/01\/Sergio-Pino--300x275.jpg 300w, https:\/\/upla.cl\/noticias\/wp-content\/uploads\/2026\/01\/Sergio-Pino--150x137.jpg 150w\" sizes=\"auto, (max-width: 351px) 100vw, 351px\" \/><\/a>Una importante participaci\u00f3n tendr\u00e1 el exestudiante de la carrera de Pedagog\u00eda en Educaci\u00f3n Musical de la Facultad de Arte UPLA Sergio Pino Soto en la Competencia Folcl\u00f3rica del Festival del Huaso de Olmu\u00e9 2026. El m\u00fasico y acad\u00e9mico junto a la agrupaci\u00f3n \u201cIgnacio Hern\u00e1ndez y Los de Chile\u201d interpretar\u00e1 \u201cCuando me voy pa\u2019 la quinta\u201d, tema seleccionado entre las ocho canciones que participar\u00e1n por el tradicional Guitarp\u00edn de Oro y los premios asociados a esta hist\u00f3rica competencia.<\/p>\n<p>Teniendo como como vocalista y guitarrista al exestudiante UPLA, el grupo musical llega al escenario de El Patagual con esta cueca homenaje a Valpara\u00edso, la cual, tras un exhaustivo proceso de evaluaci\u00f3n, que consider\u00f3 cientos de postulaciones de todo el pa\u00eds, sobresali\u00f3 por su calidad art\u00edstica, su originalidad y su valioso aporte a la m\u00fasica de ra\u00edz folcl\u00f3rica. Fueron estos antecedentes que le dieron el derecho al conjunto musical de competir en las noches oficiales de la quincuag\u00e9sima quinta versi\u00f3n del Festival que se realiza este fin de semana.<\/p>\n<p>Sergio Pino Soto, explic\u00f3 que el tema a interpretar \u201csurge como un sentido homenaje a Valpara\u00edso, una de las grandes cunas de la cueca chilena. A trav\u00e9s de sus versos y melod\u00eda, afloran la magia y el encanto de aquellos rincones y picadas donde la fiesta chilena nace de manera aut\u00e9ntica y espont\u00e1nea, evocando tambi\u00e9n el cari\u00f1o y la complicidad que unen a los m\u00fasicos y a las amistades del Puerto. Es decir, esta cueca refleja la emoci\u00f3n de quienes llegan a la quinta regi\u00f3n y se dejan cautivar por el sabor y la picard\u00eda de los cantores y m\u00fasicos porte\u00f1os\u201d.<\/p>\n<p><a href=\"https:\/\/upla.cl\/noticias\/wp-content\/uploads\/2026\/01\/Los-de-Chile.jpg\"><img loading=\"lazy\" decoding=\"async\" class=\"alignright size-medium wp-image-195030\" src=\"https:\/\/upla.cl\/noticias\/wp-content\/uploads\/2026\/01\/Los-de-Chile-300x204.jpg\" alt=\"\" width=\"300\" height=\"204\" srcset=\"https:\/\/upla.cl\/noticias\/wp-content\/uploads\/2026\/01\/Los-de-Chile-300x204.jpg 300w, https:\/\/upla.cl\/noticias\/wp-content\/uploads\/2026\/01\/Los-de-Chile-1024x696.jpg 1024w, https:\/\/upla.cl\/noticias\/wp-content\/uploads\/2026\/01\/Los-de-Chile-150x102.jpg 150w, https:\/\/upla.cl\/noticias\/wp-content\/uploads\/2026\/01\/Los-de-Chile-768x522.jpg 768w, https:\/\/upla.cl\/noticias\/wp-content\/uploads\/2026\/01\/Los-de-Chile-110x75.jpg 110w, https:\/\/upla.cl\/noticias\/wp-content\/uploads\/2026\/01\/Los-de-Chile.jpg 1235w\" sizes=\"auto, (max-width: 300px) 100vw, 300px\" \/><\/a>En cuanto a la interpretaci\u00f3n complement\u00f3 que se busca representar la instrumentaci\u00f3n cl\u00e1sica o tradicional de la \u00e9poca de oro, de m\u00fasicos de sesi\u00f3n de sellos como RCA Victor o Emi ODEON. \u201cEsta cueca en especial se asocia con una armon\u00eda y melod\u00eda que busca evocar la bohemia porte\u00f1a, pero sin perder el car\u00e1cter festivo y elegante de la cueca chilena\u201d, dijo.<\/p>\n<p><strong>\u201cIgnacio Hern\u00e1ndez y Los de Chile\u201d<\/strong><\/p>\n<p>Grupo conformado por grandes int\u00e9rpretes de la cueca chilena actual que interpreta obras tradicionales y composiciones in\u00e9ditas bajo la direcci\u00f3n de Ignacio Hern\u00e1ndez. La voz y guitarra recae en el cultor, investigador y profesor de M\u00fasica formado en la Facultad de Arte de la Universidad de Playa Ancha, Sergio Pino Soto. Destaca en su haber la realizaci\u00f3n, junto a Manuel Hern\u00e1ndez Rojas, un estudio sobre la cueca chilena de la d\u00e9cada del 20 al 70, realizando una importante digitalizaci\u00f3n de obras de esas \u00e9pocas y que hoy se encuentra en la biblioteca de la universidad. Esto como trabajo de tesis de grado de pedagog\u00eda en m\u00fasica que fue guiado por el m\u00fasico y exprofesor UPLA Carlos N\u00fa\u00f1ez Salinas.<\/p>\n","protected":false},"excerpt":{"rendered":"<p>Sergio Pino Soto forma parte de \u201cIgnacio Hern\u00e1ndez y Los de Chile\u201d, agrupaci\u00f3n con la cual interpretar\u00e1 la cueca \u201cCuando me voy pa\u2019 la quinta\u201d en busca del tradicional Guitarp\u00edn de Oro y los premios asociados a esta hist\u00f3rica competencia.<\/p>\n","protected":false},"author":21,"featured_media":195028,"comment_status":"closed","ping_status":"open","sticky":false,"template":"","format":"standard","meta":{"footnotes":""},"categories":[48,52,201,40,69,97,71,411,91],"tags":[811,812,289,810],"class_list":["post-195027","post","type-post","status-publish","format-standard","has-post-thumbnail","","category-agenda-cultural","category-cultura","category-desarrollo-estudiantil","category-destacados","category-egresados","category-estudiantes","category-facultad-de-arte","category-educacion-musical","category-vinculacion-con-el-medio","tag-festival-olmue","tag-los-de-chile","tag-musica","tag-sergio-pino"],"_links":{"self":[{"href":"https:\/\/upla.cl\/noticias\/wp-json\/wp\/v2\/posts\/195027","targetHints":{"allow":["GET"]}}],"collection":[{"href":"https:\/\/upla.cl\/noticias\/wp-json\/wp\/v2\/posts"}],"about":[{"href":"https:\/\/upla.cl\/noticias\/wp-json\/wp\/v2\/types\/post"}],"author":[{"embeddable":true,"href":"https:\/\/upla.cl\/noticias\/wp-json\/wp\/v2\/users\/21"}],"replies":[{"embeddable":true,"href":"https:\/\/upla.cl\/noticias\/wp-json\/wp\/v2\/comments?post=195027"}],"version-history":[{"count":1,"href":"https:\/\/upla.cl\/noticias\/wp-json\/wp\/v2\/posts\/195027\/revisions"}],"predecessor-version":[{"id":195031,"href":"https:\/\/upla.cl\/noticias\/wp-json\/wp\/v2\/posts\/195027\/revisions\/195031"}],"wp:featuredmedia":[{"embeddable":true,"href":"https:\/\/upla.cl\/noticias\/wp-json\/wp\/v2\/media\/195028"}],"wp:attachment":[{"href":"https:\/\/upla.cl\/noticias\/wp-json\/wp\/v2\/media?parent=195027"}],"wp:term":[{"taxonomy":"category","embeddable":true,"href":"https:\/\/upla.cl\/noticias\/wp-json\/wp\/v2\/categories?post=195027"},{"taxonomy":"post_tag","embeddable":true,"href":"https:\/\/upla.cl\/noticias\/wp-json\/wp\/v2\/tags?post=195027"}],"curies":[{"name":"wp","href":"https:\/\/api.w.org\/{rel}","templated":true}]}}