{"id":195043,"date":"2026-01-19T16:30:15","date_gmt":"2026-01-19T19:30:15","guid":{"rendered":"https:\/\/upla.cl\/noticias\/?p=195043"},"modified":"2026-01-20T09:29:32","modified_gmt":"2026-01-20T12:29:32","slug":"escuela-de-verano-upla-un-espacio-de-diversion-infantil-y-conciliacion-laboral","status":"publish","type":"post","link":"https:\/\/upla.cl\/noticias\/2026\/01\/19\/escuela-de-verano-upla-un-espacio-de-diversion-infantil-y-conciliacion-laboral\/","title":{"rendered":"Escuela de Verano UPLA: Un espacio de diversi\u00f3n infantil y conciliaci\u00f3n laboral"},"content":{"rendered":"<p><a href=\"https:\/\/upla.cl\/noticias\/wp-content\/uploads\/2026\/01\/Final-Jardin-Botanico.jpg\"><img loading=\"lazy\" decoding=\"async\" class=\"aligncenter size-large wp-image-195056\" src=\"https:\/\/upla.cl\/noticias\/wp-content\/uploads\/2026\/01\/Final-Jardin-Botanico-1024x593.jpg\" alt=\"\" width=\"618\" height=\"358\" srcset=\"https:\/\/upla.cl\/noticias\/wp-content\/uploads\/2026\/01\/Final-Jardin-Botanico-1024x593.jpg 1024w, https:\/\/upla.cl\/noticias\/wp-content\/uploads\/2026\/01\/Final-Jardin-Botanico-300x174.jpg 300w, https:\/\/upla.cl\/noticias\/wp-content\/uploads\/2026\/01\/Final-Jardin-Botanico-150x87.jpg 150w, https:\/\/upla.cl\/noticias\/wp-content\/uploads\/2026\/01\/Final-Jardin-Botanico-768x444.jpg 768w, https:\/\/upla.cl\/noticias\/wp-content\/uploads\/2026\/01\/Final-Jardin-Botanico-1536x889.jpg 1536w, https:\/\/upla.cl\/noticias\/wp-content\/uploads\/2026\/01\/Final-Jardin-Botanico.jpg 1600w\" sizes=\"auto, (max-width: 618px) 100vw, 618px\" \/><\/a><\/p>\n<p>Bajo el lema \u00abExpresi\u00f3n y Aprendizaje con Alegr\u00eda y en Comunidad\u00bb, la Universidad de Playa Ancha efectu\u00f3 con \u00e9xito la Escuela de Verano 2026 para hijos e hijas de funcionarios. La iniciativa, organizada conjuntamente por el Servicio de Bienestar del Personal y la Direcci\u00f3n de Deportes y Recreaci\u00f3n (DIDER), se desarroll\u00f3 entre el 5 y el 16 de enero , utilizando diversos espacios institucionales, as\u00ed como el Estadio El\u00edas Figueroa, consolid\u00e1ndose como un beneficio clave para la comunidad universitaria.<\/p>\n<p>La <strong>jefa (s) del Servicio de Bienestar del Personal, Mar\u00eda Jos\u00e9 Maturana Otey<\/strong>, realiz\u00f3 un positivo balance de la iniciativa, destacando la asistencia de 56 ni\u00f1os y ni\u00f1as. \u00abLa motivaci\u00f3n de los ni\u00f1os fue uno de los aspectos m\u00e1s destacados, reflej\u00e1ndose en su activa participaci\u00f3n e inter\u00e9s por las actividades\u00bb, afirm\u00f3. Asimismo, valor\u00f3 la sinergia institucional, \u00abla integraci\u00f3n y colaboraci\u00f3n de distintas unidades fue clave para el buen desarrollo de este beneficio, permitiendo una coordinaci\u00f3n efectiva y el apoyo profesional necesario para garantizar una experiencia segura y enriquecedora\u00bb.<\/p>\n<p><a href=\"https:\/\/upla.cl\/noticias\/wp-content\/uploads\/2026\/01\/Yoga-Bienvenida.jpg\"><img loading=\"lazy\" decoding=\"async\" class=\"alignright size-medium wp-image-195057\" src=\"https:\/\/upla.cl\/noticias\/wp-content\/uploads\/2026\/01\/Yoga-Bienvenida-300x169.jpg\" alt=\"\" width=\"300\" height=\"169\" srcset=\"https:\/\/upla.cl\/noticias\/wp-content\/uploads\/2026\/01\/Yoga-Bienvenida-300x169.jpg 300w, https:\/\/upla.cl\/noticias\/wp-content\/uploads\/2026\/01\/Yoga-Bienvenida-1024x576.jpg 1024w, https:\/\/upla.cl\/noticias\/wp-content\/uploads\/2026\/01\/Yoga-Bienvenida-150x84.jpg 150w, https:\/\/upla.cl\/noticias\/wp-content\/uploads\/2026\/01\/Yoga-Bienvenida-768x432.jpg 768w, https:\/\/upla.cl\/noticias\/wp-content\/uploads\/2026\/01\/Yoga-Bienvenida-1536x864.jpg 1536w, https:\/\/upla.cl\/noticias\/wp-content\/uploads\/2026\/01\/Yoga-Bienvenida.jpg 1600w\" sizes=\"auto, (max-width: 300px) 100vw, 300px\" \/><\/a>Durante las dos semanas, los asistentes disfrutaron de una atractiva parrilla program\u00e1tica. Las actividades abarcaron desde juegos predeportivos y nataci\u00f3n, hasta experiencias educativas en laboratorios de anatom\u00eda, microscop\u00eda y lupas, as\u00ed como en taller de primeros auxilios. El ciclo culmin\u00f3 con un hito de t\u00e9rmino en medio de la naturaleza del Jard\u00edn Bot\u00e1nico de Vi\u00f1a del Mar.<\/p>\n<p><a href=\"https:\/\/upla.cl\/noticias\/wp-content\/uploads\/2026\/01\/Atletismo.jpg\"><img loading=\"lazy\" decoding=\"async\" class=\"alignright size-medium wp-image-195062\" src=\"https:\/\/upla.cl\/noticias\/wp-content\/uploads\/2026\/01\/Atletismo-300x169.jpg\" alt=\"\" width=\"300\" height=\"169\" srcset=\"https:\/\/upla.cl\/noticias\/wp-content\/uploads\/2026\/01\/Atletismo-300x169.jpg 300w, https:\/\/upla.cl\/noticias\/wp-content\/uploads\/2026\/01\/Atletismo-1024x577.jpg 1024w, https:\/\/upla.cl\/noticias\/wp-content\/uploads\/2026\/01\/Atletismo-150x85.jpg 150w, https:\/\/upla.cl\/noticias\/wp-content\/uploads\/2026\/01\/Atletismo-768x433.jpg 768w, https:\/\/upla.cl\/noticias\/wp-content\/uploads\/2026\/01\/Atletismo-1536x866.jpg 1536w, https:\/\/upla.cl\/noticias\/wp-content\/uploads\/2026\/01\/Atletismo.jpg 1600w\" sizes=\"auto, (max-width: 300px) 100vw, 300px\" \/><\/a>El <strong>director de Deportes y Recreaci\u00f3n, Jorge Guzm\u00e1n Jim\u00e9nez,<\/strong> se refiri\u00f3 al sentido estrat\u00e9gico de esta alianza para ofrecer una vivencia de calidad aprovechando las fortalezas de la universidad. \u00abNos hemos unido para ofrecer una experiencia distinta y que verdaderamente impacte en la vida de cada participante, dando realce al realizarlo en el contexto hist\u00f3rico y de infraestructura de una instituci\u00f3n p\u00fablica como la nuestra\u00bb, afirm\u00f3 Guzm\u00e1n, agregando que se planific\u00f3 una oferta \u00abvariada, din\u00e1mica y entretenida, buscando que cada actividad fuera una experiencia significativa en sus vidas\u00bb.<\/p>\n<p><a href=\"https:\/\/upla.cl\/noticias\/wp-content\/uploads\/2026\/01\/Torpederas.jpg\"><img loading=\"lazy\" decoding=\"async\" class=\"alignright size-medium wp-image-195059\" src=\"https:\/\/upla.cl\/noticias\/wp-content\/uploads\/2026\/01\/Torpederas-300x225.jpg\" alt=\"\" width=\"300\" height=\"225\" srcset=\"https:\/\/upla.cl\/noticias\/wp-content\/uploads\/2026\/01\/Torpederas-300x225.jpg 300w, https:\/\/upla.cl\/noticias\/wp-content\/uploads\/2026\/01\/Torpederas-1024x768.jpg 1024w, https:\/\/upla.cl\/noticias\/wp-content\/uploads\/2026\/01\/Torpederas-150x113.jpg 150w, https:\/\/upla.cl\/noticias\/wp-content\/uploads\/2026\/01\/Torpederas-768x576.jpg 768w, https:\/\/upla.cl\/noticias\/wp-content\/uploads\/2026\/01\/Torpederas-1536x1152.jpg 1536w, https:\/\/upla.cl\/noticias\/wp-content\/uploads\/2026\/01\/Torpederas.jpg 1600w\" sizes=\"auto, (max-width: 300px) 100vw, 300px\" \/><\/a>Con 10 a\u00f1os de edad, <strong>Le\u00f3n Pavez Zapata<\/strong> particip\u00f3 por tercera vez en la Escuela de Verano, y desea que la iniciativa dure m\u00e1s tiempo. \u00abTodo fue muy entretenido. Me gust\u00f3 hacer amigos nuevos y participar en las actividades deportivas. Ir a la playa y a la piscina tambi\u00e9n, fue muy bac\u00e1n. Los extra\u00f1o a todos y ojal\u00e1 dure m\u00e1s tiempo\u00bb.<\/p>\n<p>En tanto, <strong>Leonor Aucap\u00e1n P\u00e9rez<\/strong> de 8 a\u00f1os de edad, dijo: \u00abDisfrut\u00e9 mucho la nataci\u00f3n, el taller de defensa personal y el de atletismo en el estadio, porque fueron divertidos\u00bb.\u00a0 En su segundo a\u00f1o de Escuela de verano rescat\u00f3 que, en esta oportunidad, hizo muchas amistades.<\/p>\n<p>&nbsp;<\/p>\n<h4><strong>Espacio seguro<\/strong><\/h4>\n<p><a href=\"https:\/\/upla.cl\/noticias\/wp-content\/uploads\/2026\/01\/deefensa_personal.jpg\"><img loading=\"lazy\" decoding=\"async\" class=\"alignright size-medium wp-image-195066\" src=\"https:\/\/upla.cl\/noticias\/wp-content\/uploads\/2026\/01\/deefensa_personal-300x234.jpg\" alt=\"\" width=\"300\" height=\"234\" srcset=\"https:\/\/upla.cl\/noticias\/wp-content\/uploads\/2026\/01\/deefensa_personal-300x234.jpg 300w, https:\/\/upla.cl\/noticias\/wp-content\/uploads\/2026\/01\/deefensa_personal-1024x799.jpg 1024w, https:\/\/upla.cl\/noticias\/wp-content\/uploads\/2026\/01\/deefensa_personal-150x117.jpg 150w, https:\/\/upla.cl\/noticias\/wp-content\/uploads\/2026\/01\/deefensa_personal-768x600.jpg 768w, https:\/\/upla.cl\/noticias\/wp-content\/uploads\/2026\/01\/deefensa_personal-1536x1199.jpg 1536w, https:\/\/upla.cl\/noticias\/wp-content\/uploads\/2026\/01\/deefensa_personal.jpg 1960w\" sizes=\"auto, (max-width: 300px) 100vw, 300px\" \/><\/a>Respecto al impacto en la calidad de vida funcionaria, <strong>Mar\u00eda Jos\u00e9 Maturana enfatiz\u00f3<\/strong> que la instancia \u00abfacilit\u00f3 en gran medida la conciliaci\u00f3n entre las responsabilidades laborales y el cuidado de los hijos\u00bb. Y es que la Escuela, a\u00f1adi\u00f3,\u00a0 \u00abes un espacio seguro y organizado, lo que dio tranquilidad a madres y padres mientras cumpl\u00edan sus funciones, transform\u00e1ndose en un apoyo concreto que fortalece el bienestar familiar\u00bb.<\/p>\n<p>Para la <strong>funcionaria de la Direcci\u00f3n General de Comunicaciones, Elisabeth Mu\u00f1oz <a href=\"https:\/\/upla.cl\/noticias\/wp-content\/uploads\/2026\/01\/Microscopio.jpg\"><img loading=\"lazy\" decoding=\"async\" class=\"alignright size-medium wp-image-195050\" src=\"https:\/\/upla.cl\/noticias\/wp-content\/uploads\/2026\/01\/Microscopio-300x239.jpg\" alt=\"\" width=\"300\" height=\"239\" srcset=\"https:\/\/upla.cl\/noticias\/wp-content\/uploads\/2026\/01\/Microscopio-300x239.jpg 300w, https:\/\/upla.cl\/noticias\/wp-content\/uploads\/2026\/01\/Microscopio-150x119.jpg 150w, https:\/\/upla.cl\/noticias\/wp-content\/uploads\/2026\/01\/Microscopio-768x612.jpg 768w, https:\/\/upla.cl\/noticias\/wp-content\/uploads\/2026\/01\/Microscopio.jpg 899w\" sizes=\"auto, (max-width: 300px) 100vw, 300px\" \/><\/a>Lobos,<\/strong> la Escuela de Verano organizada por la instituci\u00f3n ofrece una oportunidad recreativa y social esencial, \u00abevitando que los ni\u00f1os pasen sus vacaciones de forma sedentaria frente a pantallas o solos en sus casas\u00bb. Su testimonio destaca tambi\u00e9n beneficios clave como el contacto con la naturaleza, la socializaci\u00f3n entre pares y el descubrimiento de nuevos intereses personales en los menores, \u00abpor ejemplo, a mi hijo le gust\u00f3 mucho la playa\u00bb.\u00a0 Y, aunque los ni\u00f1os pueden sentir cansancio f\u00edsico inicialmente, \u00abel balance final es sumamente positivo y gratificante para las familias\u00bb. Finalmente, resalt\u00f3 la importancia de la colaboraci\u00f3n entre diversas unidades de la UPLA para el \u00e9xito y la continuidad de este valioso beneficio institucional.<\/p>\n<p><a href=\"https:\/\/upla.cl\/noticias\/wp-content\/uploads\/2026\/01\/Anatomia.jpg\"><img loading=\"lazy\" decoding=\"async\" class=\"alignright size-medium wp-image-195048\" src=\"https:\/\/upla.cl\/noticias\/wp-content\/uploads\/2026\/01\/Anatomia-300x225.jpg\" alt=\"\" width=\"300\" height=\"225\" srcset=\"https:\/\/upla.cl\/noticias\/wp-content\/uploads\/2026\/01\/Anatomia-300x225.jpg 300w, https:\/\/upla.cl\/noticias\/wp-content\/uploads\/2026\/01\/Anatomia-1024x768.jpg 1024w, https:\/\/upla.cl\/noticias\/wp-content\/uploads\/2026\/01\/Anatomia-150x113.jpg 150w, https:\/\/upla.cl\/noticias\/wp-content\/uploads\/2026\/01\/Anatomia-768x576.jpg 768w, https:\/\/upla.cl\/noticias\/wp-content\/uploads\/2026\/01\/Anatomia-1536x1152.jpg 1536w, https:\/\/upla.cl\/noticias\/wp-content\/uploads\/2026\/01\/Anatomia.jpg 1600w\" sizes=\"auto, (max-width: 300px) 100vw, 300px\" \/><\/a>Esta versi\u00f3n 2026 no solo se centr\u00f3 en la recreaci\u00f3n, sino tambi\u00e9n en principios formativos transversales. Se trabaj\u00f3 conscientemente en valores como el amor propio, el respeto a los derechos de las personas, la libre expresi\u00f3n y la apreciaci\u00f3n del medio ambiente. Con ello, la Universidad de Playa Ancha reafirm\u00f3 su compromiso de brindar un entorno donde los ni\u00f1os y ni\u00f1as pudieran nutrirse de nuevos conocimientos para ser mejores personas y tener un buen vivir en comunidad.<\/p>\n<div id='gallery-1' class='gallery galleryid-195043 gallery-columns-4 gallery-size-thumbnail'><figure class='gallery-item'>\n\t\t\t<div class='gallery-icon landscape'>\n\t\t\t\t<a href='https:\/\/upla.cl\/noticias\/wp-content\/uploads\/2026\/01\/Levantamiento-de-pesas.jpg'><img loading=\"lazy\" decoding=\"async\" width=\"150\" height=\"117\" src=\"https:\/\/upla.cl\/noticias\/wp-content\/uploads\/2026\/01\/Levantamiento-de-pesas-150x117.jpg\" class=\"attachment-thumbnail size-thumbnail\" alt=\"\" srcset=\"https:\/\/upla.cl\/noticias\/wp-content\/uploads\/2026\/01\/Levantamiento-de-pesas-150x117.jpg 150w, https:\/\/upla.cl\/noticias\/wp-content\/uploads\/2026\/01\/Levantamiento-de-pesas-300x235.jpg 300w, https:\/\/upla.cl\/noticias\/wp-content\/uploads\/2026\/01\/Levantamiento-de-pesas-768x601.jpg 768w, https:\/\/upla.cl\/noticias\/wp-content\/uploads\/2026\/01\/Levantamiento-de-pesas.jpg 899w\" sizes=\"auto, (max-width: 150px) 100vw, 150px\" \/><\/a>\n\t\t\t<\/div><\/figure><figure class='gallery-item'>\n\t\t\t<div class='gallery-icon portrait'>\n\t\t\t\t<a href='https:\/\/upla.cl\/noticias\/wp-content\/uploads\/2026\/01\/Primeros-Auxilios.jpg'><img loading=\"lazy\" decoding=\"async\" width=\"116\" height=\"150\" src=\"https:\/\/upla.cl\/noticias\/wp-content\/uploads\/2026\/01\/Primeros-Auxilios-116x150.jpg\" class=\"attachment-thumbnail size-thumbnail\" alt=\"\" srcset=\"https:\/\/upla.cl\/noticias\/wp-content\/uploads\/2026\/01\/Primeros-Auxilios-116x150.jpg 116w, https:\/\/upla.cl\/noticias\/wp-content\/uploads\/2026\/01\/Primeros-Auxilios-233x300.jpg 233w, https:\/\/upla.cl\/noticias\/wp-content\/uploads\/2026\/01\/Primeros-Auxilios-794x1024.jpg 794w, https:\/\/upla.cl\/noticias\/wp-content\/uploads\/2026\/01\/Primeros-Auxilios-768x990.jpg 768w, https:\/\/upla.cl\/noticias\/wp-content\/uploads\/2026\/01\/Primeros-Auxilios-1191x1536.jpg 1191w, https:\/\/upla.cl\/noticias\/wp-content\/uploads\/2026\/01\/Primeros-Auxilios.jpg 1241w\" sizes=\"auto, (max-width: 116px) 100vw, 116px\" \/><\/a>\n\t\t\t<\/div><\/figure><figure class='gallery-item'>\n\t\t\t<div class='gallery-icon landscape'>\n\t\t\t\t<a href='https:\/\/upla.cl\/noticias\/wp-content\/uploads\/2026\/01\/Multideportivo.jpg'><img loading=\"lazy\" decoding=\"async\" width=\"150\" height=\"110\" src=\"https:\/\/upla.cl\/noticias\/wp-content\/uploads\/2026\/01\/Multideportivo-150x110.jpg\" class=\"attachment-thumbnail size-thumbnail\" alt=\"\" srcset=\"https:\/\/upla.cl\/noticias\/wp-content\/uploads\/2026\/01\/Multideportivo-150x110.jpg 150w, https:\/\/upla.cl\/noticias\/wp-content\/uploads\/2026\/01\/Multideportivo-300x220.jpg 300w, https:\/\/upla.cl\/noticias\/wp-content\/uploads\/2026\/01\/Multideportivo-768x562.jpg 768w, https:\/\/upla.cl\/noticias\/wp-content\/uploads\/2026\/01\/Multideportivo.jpg 899w\" sizes=\"auto, (max-width: 150px) 100vw, 150px\" \/><\/a>\n\t\t\t<\/div><\/figure><figure class='gallery-item'>\n\t\t\t<div class='gallery-icon landscape'>\n\t\t\t\t<a href='https:\/\/upla.cl\/noticias\/wp-content\/uploads\/2026\/01\/Natacion.jpg'><img loading=\"lazy\" decoding=\"async\" width=\"150\" height=\"147\" src=\"https:\/\/upla.cl\/noticias\/wp-content\/uploads\/2026\/01\/Natacion-150x147.jpg\" class=\"attachment-thumbnail size-thumbnail\" alt=\"\" srcset=\"https:\/\/upla.cl\/noticias\/wp-content\/uploads\/2026\/01\/Natacion-150x147.jpg 150w, https:\/\/upla.cl\/noticias\/wp-content\/uploads\/2026\/01\/Natacion-300x294.jpg 300w, https:\/\/upla.cl\/noticias\/wp-content\/uploads\/2026\/01\/Natacion-768x754.jpg 768w, https:\/\/upla.cl\/noticias\/wp-content\/uploads\/2026\/01\/Natacion.jpg 960w\" sizes=\"auto, (max-width: 150px) 100vw, 150px\" \/><\/a>\n\t\t\t<\/div><\/figure><figure class='gallery-item'>\n\t\t\t<div class='gallery-icon landscape'>\n\t\t\t\t<a href='https:\/\/upla.cl\/noticias\/wp-content\/uploads\/2026\/01\/Cuidado-del-medio-Ambiente-scaled.jpg'><img loading=\"lazy\" decoding=\"async\" width=\"150\" height=\"113\" src=\"https:\/\/upla.cl\/noticias\/wp-content\/uploads\/2026\/01\/Cuidado-del-medio-Ambiente-150x113.jpg\" class=\"attachment-thumbnail size-thumbnail\" alt=\"\" srcset=\"https:\/\/upla.cl\/noticias\/wp-content\/uploads\/2026\/01\/Cuidado-del-medio-Ambiente-150x113.jpg 150w, https:\/\/upla.cl\/noticias\/wp-content\/uploads\/2026\/01\/Cuidado-del-medio-Ambiente-300x225.jpg 300w, https:\/\/upla.cl\/noticias\/wp-content\/uploads\/2026\/01\/Cuidado-del-medio-Ambiente-1024x768.jpg 1024w, https:\/\/upla.cl\/noticias\/wp-content\/uploads\/2026\/01\/Cuidado-del-medio-Ambiente-768x576.jpg 768w, https:\/\/upla.cl\/noticias\/wp-content\/uploads\/2026\/01\/Cuidado-del-medio-Ambiente-1536x1152.jpg 1536w, https:\/\/upla.cl\/noticias\/wp-content\/uploads\/2026\/01\/Cuidado-del-medio-Ambiente-2048x1536.jpg 2048w\" sizes=\"auto, (max-width: 150px) 100vw, 150px\" \/><\/a>\n\t\t\t<\/div><\/figure><figure class='gallery-item'>\n\t\t\t<div class='gallery-icon landscape'>\n\t\t\t\t<a href='https:\/\/upla.cl\/noticias\/wp-content\/uploads\/2026\/01\/Rugby.jpg'><img loading=\"lazy\" decoding=\"async\" width=\"150\" height=\"85\" src=\"https:\/\/upla.cl\/noticias\/wp-content\/uploads\/2026\/01\/Rugby-150x85.jpg\" class=\"attachment-thumbnail size-thumbnail\" alt=\"\" srcset=\"https:\/\/upla.cl\/noticias\/wp-content\/uploads\/2026\/01\/Rugby-150x85.jpg 150w, https:\/\/upla.cl\/noticias\/wp-content\/uploads\/2026\/01\/Rugby-300x169.jpg 300w, https:\/\/upla.cl\/noticias\/wp-content\/uploads\/2026\/01\/Rugby-1024x577.jpg 1024w, https:\/\/upla.cl\/noticias\/wp-content\/uploads\/2026\/01\/Rugby-768x433.jpg 768w, https:\/\/upla.cl\/noticias\/wp-content\/uploads\/2026\/01\/Rugby-1536x866.jpg 1536w, https:\/\/upla.cl\/noticias\/wp-content\/uploads\/2026\/01\/Rugby.jpg 1600w\" sizes=\"auto, (max-width: 150px) 100vw, 150px\" \/><\/a>\n\t\t\t<\/div><\/figure><figure class='gallery-item'>\n\t\t\t<div class='gallery-icon landscape'>\n\t\t\t\t<a href='https:\/\/upla.cl\/noticias\/wp-content\/uploads\/2026\/01\/Alianzas-recoleccion-de-reciclado-para-mascota.jpg'><img loading=\"lazy\" decoding=\"async\" width=\"150\" height=\"84\" src=\"https:\/\/upla.cl\/noticias\/wp-content\/uploads\/2026\/01\/Alianzas-recoleccion-de-reciclado-para-mascota-150x84.jpg\" class=\"attachment-thumbnail size-thumbnail\" alt=\"\" srcset=\"https:\/\/upla.cl\/noticias\/wp-content\/uploads\/2026\/01\/Alianzas-recoleccion-de-reciclado-para-mascota-150x84.jpg 150w, https:\/\/upla.cl\/noticias\/wp-content\/uploads\/2026\/01\/Alianzas-recoleccion-de-reciclado-para-mascota-300x169.jpg 300w, https:\/\/upla.cl\/noticias\/wp-content\/uploads\/2026\/01\/Alianzas-recoleccion-de-reciclado-para-mascota-1024x576.jpg 1024w, https:\/\/upla.cl\/noticias\/wp-content\/uploads\/2026\/01\/Alianzas-recoleccion-de-reciclado-para-mascota-768x432.jpg 768w, https:\/\/upla.cl\/noticias\/wp-content\/uploads\/2026\/01\/Alianzas-recoleccion-de-reciclado-para-mascota-1536x864.jpg 1536w, https:\/\/upla.cl\/noticias\/wp-content\/uploads\/2026\/01\/Alianzas-recoleccion-de-reciclado-para-mascota.jpg 1600w\" sizes=\"auto, (max-width: 150px) 100vw, 150px\" \/><\/a>\n\t\t\t<\/div><\/figure><figure class='gallery-item'>\n\t\t\t<div class='gallery-icon landscape'>\n\t\t\t\t<a href='https:\/\/upla.cl\/noticias\/wp-content\/uploads\/2026\/01\/CDP-Emociones.jpg'><img loading=\"lazy\" decoding=\"async\" width=\"150\" height=\"84\" src=\"https:\/\/upla.cl\/noticias\/wp-content\/uploads\/2026\/01\/CDP-Emociones-150x84.jpg\" class=\"attachment-thumbnail size-thumbnail\" alt=\"\" srcset=\"https:\/\/upla.cl\/noticias\/wp-content\/uploads\/2026\/01\/CDP-Emociones-150x84.jpg 150w, https:\/\/upla.cl\/noticias\/wp-content\/uploads\/2026\/01\/CDP-Emociones-300x169.jpg 300w, https:\/\/upla.cl\/noticias\/wp-content\/uploads\/2026\/01\/CDP-Emociones-1024x576.jpg 1024w, https:\/\/upla.cl\/noticias\/wp-content\/uploads\/2026\/01\/CDP-Emociones-768x432.jpg 768w, https:\/\/upla.cl\/noticias\/wp-content\/uploads\/2026\/01\/CDP-Emociones-1536x864.jpg 1536w, https:\/\/upla.cl\/noticias\/wp-content\/uploads\/2026\/01\/CDP-Emociones.jpg 1600w\" sizes=\"auto, (max-width: 150px) 100vw, 150px\" \/><\/a>\n\t\t\t<\/div><\/figure>\n\t\t<\/div>\n\n","protected":false},"excerpt":{"rendered":"<p>Entre el 5 y 16 de enero, la Universidad de Playa Ancha efectu\u00f3 con \u00e9xito la Escuela de Verano 2026 para hijos e hijas de funcionarios, organizada conjuntamente por el Servicio de Bienestar del Personal y la Direcci\u00f3n de Deportes y Recreaci\u00f3n.<\/p>\n","protected":false},"author":10,"featured_media":195056,"comment_status":"closed","ping_status":"open","sticky":false,"template":"","format":"standard","meta":{"footnotes":""},"categories":[42,99],"tags":[],"class_list":["post-195043","post","type-post","status-publish","format-standard","has-post-thumbnail","","category-deportes","category-funcionarios"],"_links":{"self":[{"href":"https:\/\/upla.cl\/noticias\/wp-json\/wp\/v2\/posts\/195043","targetHints":{"allow":["GET"]}}],"collection":[{"href":"https:\/\/upla.cl\/noticias\/wp-json\/wp\/v2\/posts"}],"about":[{"href":"https:\/\/upla.cl\/noticias\/wp-json\/wp\/v2\/types\/post"}],"author":[{"embeddable":true,"href":"https:\/\/upla.cl\/noticias\/wp-json\/wp\/v2\/users\/10"}],"replies":[{"embeddable":true,"href":"https:\/\/upla.cl\/noticias\/wp-json\/wp\/v2\/comments?post=195043"}],"version-history":[{"count":2,"href":"https:\/\/upla.cl\/noticias\/wp-json\/wp\/v2\/posts\/195043\/revisions"}],"predecessor-version":[{"id":195074,"href":"https:\/\/upla.cl\/noticias\/wp-json\/wp\/v2\/posts\/195043\/revisions\/195074"}],"wp:featuredmedia":[{"embeddable":true,"href":"https:\/\/upla.cl\/noticias\/wp-json\/wp\/v2\/media\/195056"}],"wp:attachment":[{"href":"https:\/\/upla.cl\/noticias\/wp-json\/wp\/v2\/media?parent=195043"}],"wp:term":[{"taxonomy":"category","embeddable":true,"href":"https:\/\/upla.cl\/noticias\/wp-json\/wp\/v2\/categories?post=195043"},{"taxonomy":"post_tag","embeddable":true,"href":"https:\/\/upla.cl\/noticias\/wp-json\/wp\/v2\/tags?post=195043"}],"curies":[{"name":"wp","href":"https:\/\/api.w.org\/{rel}","templated":true}]}}